{"id":5227,"date":"2017-08-04T14:59:59","date_gmt":"2017-08-04T12:59:59","guid":{"rendered":"https:\/\/baraka.cc\/?p=5227"},"modified":"2017-08-04T14:59:59","modified_gmt":"2017-08-04T12:59:59","slug":"bagimsiz-kibris-2017-etkinlikleri-basin-aciklamasiyla-duyuruldu","status":"publish","type":"post","link":"https:\/\/baraka.cc\/?p=5227","title":{"rendered":"&#8220;BA\u011eIMSIZ KIBRIS 2017&#8221; ETK\u0130NL\u0130KLER\u0130 BASIN A\u00c7IKLAMASIYLA DUYURULDU"},"content":{"rendered":"<p>14 A\u011fustos\u2019ta ger\u00e7ekle\u015fecek \u201cBa\u011f\u0131ms\u0131z K\u0131br\u0131s\u201d y\u00fcr\u00fcy\u00fc\u015f\u00fc ve y\u00fcr\u00fcy\u00fc\u015f \u00f6ncesinde hafta boyunca yap\u0131lacak etkinlikler ile ilgili TC B\u00fcy\u00fckel\u00e7ili\u011fi \u00f6n\u00fcnde bu sabah yapt\u0131klar\u0131 bas\u0131n a\u00e7\u0131klamas\u0131 yap\u0131ld\u0131. Organizat\u00f6r alt\u0131 \u00f6rg\u00fct taraf\u0131ndan yap\u0131lan ortak bas\u0131n a\u00e7\u0131klamas\u0131nda \u201cBa\u011f\u0131ms\u0131z K\u0131br\u0131s 2017\u201d etkinlikleriyle ilgili bilgi verilirken, t\u00fcm halk\u0131m\u0131z bu etkinliklere davet edildi.<\/p>\n<p><em>\u00a014 A\u011fustos&#8217;taki y\u00fcr\u00fcy\u00fc\u015f i\u00e7in saat 19.00&#8217;da Pronto \u00c7emberinde toplan\u0131larak, s\u0131ras\u0131yla \u0130ngiliz El\u00e7ili\u011fi, Amerikan Temsilcili\u011fi ve TC El\u00e7ili\u011fi y\u00fcr\u00fcnecek.<\/em><\/p>\n<p><em>Hafta boyunca ger\u00e7ekle\u015fecek etkinlik program\u0131 ise \u015f\u00f6yle:<\/em><\/p>\n<p><a href=\"https:\/\/baraka.cc\/wp-content\/uploads\/2017\/08\/20624738_1520622917994605_95609098_n.jpg\"><img decoding=\"async\" loading=\"lazy\" class=\"alignnone size-medium wp-image-5228\" alt=\"20624738_1520622917994605_95609098_n\" src=\"https:\/\/baraka.cc\/wp-content\/uploads\/2017\/08\/20624738_1520622917994605_95609098_n-211x300.jpg\" width=\"211\" height=\"300\" srcset=\"https:\/\/baraka.cc\/wp-content\/uploads\/2017\/08\/20624738_1520622917994605_95609098_n-211x300.jpg 211w, https:\/\/baraka.cc\/wp-content\/uploads\/2017\/08\/20624738_1520622917994605_95609098_n.jpg 676w\" sizes=\"(max-width: 211px) 100vw, 211px\" \/><\/a><\/p>\n<p><em>A\u00e7\u0131klaman\u0131n tam metni;<\/em><\/p>\n<p>\u201c De\u011ferli bas\u0131n emek\u00e7ileri, de\u011ferli halk\u0131m\u0131z,<\/p>\n<p>Y\u0131llard\u0131r kayan\u0131n \u00fcst\u00fcne inatla damlayan su taneci\u011fi misali aral\u0131ks\u0131z s\u00fcrd\u00fcr\u00fclen Ba\u011f\u0131ms\u0131z K\u0131br\u0131s etkinlikleri bu sene de yine ger\u00e7ekle\u015fiyor.<\/p>\n<p>15 Temmuz ile ba\u015flay\u0131p 14 A\u011fustos ile son halini alan tarih aral\u0131\u011f\u0131n\u0131n ada tarihimiz a\u00e7\u0131s\u0131nda ta\u015f\u0131d\u0131\u011f\u0131 karanl\u0131k, emperyalist anlamlar art\u0131k halk\u0131m\u0131z\u0131n var etti\u011fi eylem ve etkinlikler ile \u201c14 A\u011fustos Ba\u011f\u0131ms\u0131z K\u0131br\u0131s i\u00e7in M\u00fccadele G\u00fcn\u00fc\u201dn\u00fc yaratm\u0131\u015ft\u0131r.<\/p>\n<p>Ba\u011f\u0131ms\u0131z K\u0131br\u0131s 2017\u2019nin organizasyonu 6 \u00f6rg\u00fct taraf\u0131ndan ger\u00e7ekle\u015ftiriliyor. Adam\u0131z\u0131n ilerici hareketlerinin farkl\u0131 renklerini temsil eden ama ortak bir ama\u00e7 i\u00e7in, Ba\u011f\u0131ms\u0131z K\u0131br\u0131s i\u00e7in birle\u015fen \u00f6rg\u00fctlerce ger\u00e7ekle\u015ftiriliyor.<\/p>\n<p>Bu sene itibari ile Ba\u011f\u0131ms\u0131z K\u0131br\u0131s tek bir g\u00fcn\u00fc a\u015farak bir etkinlik haftas\u0131na d\u00f6n\u00fc\u015f\u00fcyor. Bu kapsamda organizat\u00f6r \u00f6rg\u00fctlerce Lefke\u2019den Ma\u011fusa\u2019ya kadar adam\u0131z\u0131n kuzeyinde \u00e7e\u015fitli yerlerde Ba\u011f\u0131ms\u0131z K\u0131br\u0131s temal\u0131 \u015fiirler, \u015fark\u0131lar, filmler, forumlar ve tart\u0131\u015fmalar\u0131 kapsayan bir dizi etkinlikler ger\u00e7ekle\u015fecek.<\/p>\n<p>Bug\u00fcn T\u00fcrkiye El\u00e7ili\u011fi \u00f6n\u00fcnde, sokakta a\u00e7\u0131l\u0131\u015f\u0131n\u0131 yapt\u0131\u011f\u0131m\u0131z bu etkinlikler dizisini yine burada 14 A\u011fustos ak\u015fam\u0131 saat 19:00\u2019da Dereboyu Pronto \u00c7emberi olarak bilinen yerden ba\u015flayarak, s\u0131ras\u0131yla \u0130ngiliz El\u00e7ili\u011fi ve Amerikan Konsoloslu\u011fundan\u00a0 ge\u00e7erek burada T\u00fcrkiye El\u00e7ili\u011fi \u00f6n\u00fcnde sokakta tamamlayaca\u011f\u0131z.<\/p>\n<p>Halk\u0131m\u0131z\u0131,<\/p>\n<p>Adan\u0131n b\u00fct\u00fcn\u00fcnde s\u00fcrmekte olan emperyalist i\u015fgallere kar\u015f\u0131,<\/p>\n<p>Emek\u00e7ileri ku\u015fatan t\u00fcm sald\u0131r\u0131lara ve s\u00f6m\u00fcr\u00fcye kar\u015f\u0131,<\/p>\n<p>Emek\u00e7ileri yerli, g\u00f6\u00e7men, kuzeyli, g\u00fcneyli, \u00f6zel sekt\u00f6r, kamu \u00e7al\u0131\u015fan\u0131 diye b\u00f6lerek birbirine k\u0131rd\u0131rmak isteyenlere kar\u015f\u0131,<\/p>\n<p>Adaya, \u00e7\u0131karlar\u0131 do\u011frultusunda bar\u0131\u015f ve huzur gelmesin diye u\u011fra\u015fanlara kar\u015f\u0131 ger\u00e7ekle\u015fecek etkinliklere kat\u0131lmaya ve Ba\u011f\u0131ms\u0131z K\u0131br\u0131s \u015fiar\u0131n\u0131 birlikte y\u00fckseltmeye \u00e7a\u011f\u0131r\u0131yoruz.<\/p>\n<p>Baraka K\u00fclt\u00fcr Merkezi, Ba\u011f\u0131ms\u0131zl\u0131k Yolu, Birle\u015fik K\u0131br\u0131s Partisi, K\u0131br\u0131s Pir Sultan Abdal K\u00fclt\u00fcr Derne\u011fi, K\u0131br\u0131s Sosyalist Partisi, TDP Gen\u00e7lik\u201d<\/p>\n<p><a href=\"https:\/\/baraka.cc\/wp-content\/uploads\/2017\/08\/1.jpg\"><img decoding=\"async\" loading=\"lazy\" class=\"alignnone size-medium wp-image-5229\" alt=\"1\" src=\"https:\/\/baraka.cc\/wp-content\/uploads\/2017\/08\/1-300x168.jpg\" width=\"300\" height=\"168\" srcset=\"https:\/\/baraka.cc\/wp-content\/uploads\/2017\/08\/1-300x168.jpg 300w, https:\/\/baraka.cc\/wp-content\/uploads\/2017\/08\/1-1024x576.jpg 1024w, https:\/\/baraka.cc\/wp-content\/uploads\/2017\/08\/1.jpg 2048w\" sizes=\"(max-width: 300px) 100vw, 300px\" \/><\/a> <a href=\"https:\/\/baraka.cc\/wp-content\/uploads\/2017\/08\/22.jpg\"><img decoding=\"async\" loading=\"lazy\" class=\"alignnone size-medium wp-image-5230\" alt=\"22\" src=\"https:\/\/baraka.cc\/wp-content\/uploads\/2017\/08\/22-300x168.jpg\" width=\"300\" height=\"168\" srcset=\"https:\/\/baraka.cc\/wp-content\/uploads\/2017\/08\/22-300x168.jpg 300w, https:\/\/baraka.cc\/wp-content\/uploads\/2017\/08\/22.jpg 960w\" sizes=\"(max-width: 300px) 100vw, 300px\" \/><\/a> <a href=\"https:\/\/baraka.cc\/wp-content\/uploads\/2017\/08\/20623570_10155494801547086_1176299711_o.jpg\"><img decoding=\"async\" loading=\"lazy\" class=\"alignnone size-medium wp-image-5231\" alt=\"20623570_10155494801547086_1176299711_o\" src=\"https:\/\/baraka.cc\/wp-content\/uploads\/2017\/08\/20623570_10155494801547086_1176299711_o-300x225.jpg\" width=\"300\" height=\"225\" srcset=\"https:\/\/baraka.cc\/wp-content\/uploads\/2017\/08\/20623570_10155494801547086_1176299711_o-300x225.jpg 300w, https:\/\/baraka.cc\/wp-content\/uploads\/2017\/08\/20623570_10155494801547086_1176299711_o-1024x768.jpg 1024w, https:\/\/baraka.cc\/wp-content\/uploads\/2017\/08\/20623570_10155494801547086_1176299711_o.jpg 2048w\" sizes=\"(max-width: 300px) 100vw, 300px\" \/><\/a><\/p>\n","protected":false},"excerpt":{"rendered":"<p>14 A\u011fustos\u2019ta ger\u00e7ekle\u015fecek \u201cBa\u011f\u0131ms\u0131z K\u0131br\u0131s\u201d y\u00fcr\u00fcy\u00fc\u015f\u00fc ve y\u00fcr\u00fcy\u00fc\u015f \u00f6ncesinde hafta boyunca yap\u0131lacak etkinlikler ile ilgili TC B\u00fcy\u00fckel\u00e7ili\u011fi \u00f6n\u00fcnde bu sabah yapt\u0131klar\u0131 bas\u0131n a\u00e7\u0131klamas\u0131 yap\u0131ld\u0131. Organizat\u00f6r<\/p>\n","protected":false},"author":4,"featured_media":5230,"comment_status":"open","ping_status":"open","sticky":false,"template":"","format":"standard","meta":{"jetpack_post_was_ever_published":false,"_jetpack_newsletter_access":"","_jetpack_newsletter_tier_id":0,"jetpack_publicize_message":"","jetpack_is_tweetstorm":false,"jetpack_publicize_feature_enabled":true,"jetpack_social_post_already_shared":true,"jetpack_social_options":{"image_generator_settings":{"template":"highway","enabled":false}}},"categories":[54,47,9,1],"tags":[],"jetpack_publicize_connections":[],"jetpack_featured_media_url":"https:\/\/baraka.cc\/wp-content\/uploads\/2017\/08\/22.jpg","jetpack_shortlink":"https:\/\/wp.me\/p4eHWX-1mj","jetpack_sharing_enabled":true,"_links":{"self":[{"href":"https:\/\/baraka.cc\/index.php?rest_route=\/wp\/v2\/posts\/5227"}],"collection":[{"href":"https:\/\/baraka.cc\/index.php?rest_route=\/wp\/v2\/posts"}],"about":[{"href":"https:\/\/baraka.cc\/index.php?rest_route=\/wp\/v2\/types\/post"}],"author":[{"embeddable":true,"href":"https:\/\/baraka.cc\/index.php?rest_route=\/wp\/v2\/users\/4"}],"replies":[{"embeddable":true,"href":"https:\/\/baraka.cc\/index.php?rest_route=%2Fwp%2Fv2%2Fcomments&post=5227"}],"version-history":[{"count":1,"href":"https:\/\/baraka.cc\/index.php?rest_route=\/wp\/v2\/posts\/5227\/revisions"}],"predecessor-version":[{"id":5232,"href":"https:\/\/baraka.cc\/index.php?rest_route=\/wp\/v2\/posts\/5227\/revisions\/5232"}],"wp:featuredmedia":[{"embeddable":true,"href":"https:\/\/baraka.cc\/index.php?rest_route=\/wp\/v2\/media\/5230"}],"wp:attachment":[{"href":"https:\/\/baraka.cc\/index.php?rest_route=%2Fwp%2Fv2%2Fmedia&parent=5227"}],"wp:term":[{"taxonomy":"category","embeddable":true,"href":"https:\/\/baraka.cc\/index.php?rest_route=%2Fwp%2Fv2%2Fcategories&post=5227"},{"taxonomy":"post_tag","embeddable":true,"href":"https:\/\/baraka.cc\/index.php?rest_route=%2Fwp%2Fv2%2Ftags&post=5227"}],"curies":[{"name":"wp","href":"https:\/\/api.w.org\/{rel}","templated":true}]}}