{"id":5274,"date":"2017-08-11T13:02:18","date_gmt":"2017-08-11T11:02:18","guid":{"rendered":"https:\/\/baraka.cc\/?p=5274"},"modified":"2017-08-11T13:02:18","modified_gmt":"2017-08-11T11:02:18","slug":"siirler-ve-sarkilar-bagimsizliga-okundu","status":"publish","type":"post","link":"https:\/\/baraka.cc\/?p=5274","title":{"rendered":"\u015eiirler ve \u015eark\u0131lar Ba\u011f\u0131ms\u0131zl\u0131\u011fa Okundu"},"content":{"rendered":"<p><a href=\"https:\/\/baraka.cc\/wp-content\/uploads\/2017\/08\/20728140_10155338408544845_4865910991190627944_n.jpg\"><img decoding=\"async\" loading=\"lazy\" class=\"alignnone size-medium wp-image-5275\" alt=\"20728140_10155338408544845_4865910991190627944_n\" src=\"https:\/\/baraka.cc\/wp-content\/uploads\/2017\/08\/20728140_10155338408544845_4865910991190627944_n-300x202.jpg\" width=\"300\" height=\"202\" srcset=\"https:\/\/baraka.cc\/wp-content\/uploads\/2017\/08\/20728140_10155338408544845_4865910991190627944_n-300x202.jpg 300w, https:\/\/baraka.cc\/wp-content\/uploads\/2017\/08\/20728140_10155338408544845_4865910991190627944_n.jpg 659w\" sizes=\"(max-width: 300px) 100vw, 300px\" \/><\/a><\/p>\n<p>Ba\u011f\u0131ms\u0131z K\u0131br\u0131s haftas\u0131 etkinlikleri \u00e7er\u00e7evesimde Baraka&#8217;da &#8220;Ba\u011f\u0131ms\u0131zl\u0131\u011fa okunan \u015fiirler, ba\u011f\u0131ms\u0131zl\u0131\u011fa s\u00f6ylenen \u015fark\u0131lar&#8221; konulu bir etkinlik ger\u00e7ekle\u015ftirildi. Ya\u015far Ersoy&#8217;un a\u00e7\u0131l\u0131\u015f \u015fiirini okudu\u011fu geceye Serkan Soyalan da \u015fiir ve konu\u015fma ile katk\u0131 koydu.<\/p>\n<p>9 A\u011fustos \u00c7ar\u015famba ak\u015fam\u0131 dernek lokalinde yap\u0131lan etkinlikte Fikret Demira\u011f&#8217;dan Filiz Nald\u00f6ven&#8217;e, Bertolt Brecht&#8217;ten Ayd\u0131n Adamo\u011flu&#8217;na pek \u00e7ok yerli ve yabanc\u0131 \u015fairin, ba\u011f\u0131ms\u0131zl\u0131k ve \u00f6zg\u00fcrl\u00fck temal\u0131 \u015fiirleri okundu. Sol Anahtar\u0131&#8217;n\u0131n \u015fark\u0131lar\u0131 ile devam eden gece, kat\u0131l\u0131mc\u0131lar\u0131n da gerek kendilerinin yazd\u0131\u011f\u0131 gerekse kitaplardan se\u00e7ip okuduklar\u0131 \u015fiirler ile devam ettti.<\/p>\n<p>&#8220;Evine D\u00f6n Ay\u015fe&#8221; \u015fark\u0131s\u0131 ile son bulan etkinlikten ayr\u0131l\u0131rken, kat\u0131l\u0131mc\u0131lar 14 A\u011fustos y\u00fcr\u00fcy\u00fc\u015f\u00fcnde sokakta bulu\u015fmak i\u00e7in s\u00f6zle\u015ftiler.<\/p>\n<p><a href=\"https:\/\/baraka.cc\/wp-content\/uploads\/2017\/08\/20708264_10155338408834845_3931696263862313744_n.jpg\"><img decoding=\"async\" loading=\"lazy\" class=\"alignnone size-medium wp-image-5276\" alt=\"20708264_10155338408834845_3931696263862313744_n\" src=\"https:\/\/baraka.cc\/wp-content\/uploads\/2017\/08\/20708264_10155338408834845_3931696263862313744_n-300x225.jpg\" width=\"300\" height=\"225\" srcset=\"https:\/\/baraka.cc\/wp-content\/uploads\/2017\/08\/20708264_10155338408834845_3931696263862313744_n-300x225.jpg 300w, https:\/\/baraka.cc\/wp-content\/uploads\/2017\/08\/20708264_10155338408834845_3931696263862313744_n.jpg 960w\" sizes=\"(max-width: 300px) 100vw, 300px\" \/><\/a><\/p>\n<p><a href=\"https:\/\/baraka.cc\/wp-content\/uploads\/2017\/08\/20638237_10155338423739845_6592261562895167609_n.jpg\"><img decoding=\"async\" loading=\"lazy\" class=\"alignnone size-medium wp-image-5277\" alt=\"20638237_10155338423739845_6592261562895167609_n\" src=\"https:\/\/baraka.cc\/wp-content\/uploads\/2017\/08\/20638237_10155338423739845_6592261562895167609_n-223x300.jpg\" width=\"223\" height=\"300\" srcset=\"https:\/\/baraka.cc\/wp-content\/uploads\/2017\/08\/20638237_10155338423739845_6592261562895167609_n-223x300.jpg 223w, https:\/\/baraka.cc\/wp-content\/uploads\/2017\/08\/20638237_10155338423739845_6592261562895167609_n.jpg 714w\" sizes=\"(max-width: 223px) 100vw, 223px\" \/><\/a><\/p>\n","protected":false},"excerpt":{"rendered":"<p>Ba\u011f\u0131ms\u0131z K\u0131br\u0131s haftas\u0131 etkinlikleri \u00e7er\u00e7evesimde Baraka&#8217;da &#8220;Ba\u011f\u0131ms\u0131zl\u0131\u011fa okunan \u015fiirler, ba\u011f\u0131ms\u0131zl\u0131\u011fa s\u00f6ylenen \u015fark\u0131lar&#8221; konulu bir etkinlik ger\u00e7ekle\u015ftirildi. Ya\u015far Ersoy&#8217;un a\u00e7\u0131l\u0131\u015f \u015fiirini okudu\u011fu geceye Serkan Soyalan da<\/p>\n","protected":false},"author":3,"featured_media":5275,"comment_status":"open","ping_status":"open","sticky":false,"template":"","format":"standard","meta":{"jetpack_post_was_ever_published":false,"_jetpack_newsletter_access":"","_jetpack_newsletter_tier_id":0,"jetpack_publicize_message":"","jetpack_is_tweetstorm":false,"jetpack_publicize_feature_enabled":true,"jetpack_social_post_already_shared":true,"jetpack_social_options":{"image_generator_settings":{"template":"highway","enabled":false}}},"categories":[63,45,9,1],"tags":[],"jetpack_publicize_connections":[],"jetpack_featured_media_url":"https:\/\/baraka.cc\/wp-content\/uploads\/2017\/08\/20728140_10155338408544845_4865910991190627944_n.jpg","jetpack_shortlink":"https:\/\/wp.me\/p4eHWX-1n4","jetpack_sharing_enabled":true,"_links":{"self":[{"href":"https:\/\/baraka.cc\/index.php?rest_route=\/wp\/v2\/posts\/5274"}],"collection":[{"href":"https:\/\/baraka.cc\/index.php?rest_route=\/wp\/v2\/posts"}],"about":[{"href":"https:\/\/baraka.cc\/index.php?rest_route=\/wp\/v2\/types\/post"}],"author":[{"embeddable":true,"href":"https:\/\/baraka.cc\/index.php?rest_route=\/wp\/v2\/users\/3"}],"replies":[{"embeddable":true,"href":"https:\/\/baraka.cc\/index.php?rest_route=%2Fwp%2Fv2%2Fcomments&post=5274"}],"version-history":[{"count":1,"href":"https:\/\/baraka.cc\/index.php?rest_route=\/wp\/v2\/posts\/5274\/revisions"}],"predecessor-version":[{"id":5278,"href":"https:\/\/baraka.cc\/index.php?rest_route=\/wp\/v2\/posts\/5274\/revisions\/5278"}],"wp:featuredmedia":[{"embeddable":true,"href":"https:\/\/baraka.cc\/index.php?rest_route=\/wp\/v2\/media\/5275"}],"wp:attachment":[{"href":"https:\/\/baraka.cc\/index.php?rest_route=%2Fwp%2Fv2%2Fmedia&parent=5274"}],"wp:term":[{"taxonomy":"category","embeddable":true,"href":"https:\/\/baraka.cc\/index.php?rest_route=%2Fwp%2Fv2%2Fcategories&post=5274"},{"taxonomy":"post_tag","embeddable":true,"href":"https:\/\/baraka.cc\/index.php?rest_route=%2Fwp%2Fv2%2Ftags&post=5274"}],"curies":[{"name":"wp","href":"https:\/\/api.w.org\/{rel}","templated":true}]}}