{"id":5279,"date":"2017-08-11T14:08:37","date_gmt":"2017-08-11T12:08:37","guid":{"rendered":"https:\/\/baraka.cc\/?p=5279"},"modified":"2017-08-11T14:08:37","modified_gmt":"2017-08-11T12:08:37","slug":"kadin-egitimi-kolektifi-lefkosa-seminerler-dizisini-tamamladi","status":"publish","type":"post","link":"https:\/\/baraka.cc\/?p=5279","title":{"rendered":"Kad\u0131n E\u011fitimi Kolektifi Lefko\u015fa Seminerler Dizisini Tamamlad\u0131"},"content":{"rendered":"<p><a href=\"https:\/\/baraka.cc\/wp-content\/uploads\/2017\/08\/1_n.jpg\"><img decoding=\"async\" loading=\"lazy\" class=\"alignnone size-medium wp-image-5280\" alt=\"1_n\" src=\"https:\/\/baraka.cc\/wp-content\/uploads\/2017\/08\/1_n-300x225.jpg\" width=\"300\" height=\"225\" srcset=\"https:\/\/baraka.cc\/wp-content\/uploads\/2017\/08\/1_n-300x225.jpg 300w, https:\/\/baraka.cc\/wp-content\/uploads\/2017\/08\/1_n.jpg 960w\" sizes=\"(max-width: 300px) 100vw, 300px\" \/><\/a><\/p>\n<p>Ma\u011fusa\u2019dan Ak\u00e7ay\u2019a \u00e7e\u015fitli b\u00f6lgelerde e\u011fitim seminerleri ve drama at\u00f6lyeleri ger\u00e7ekle\u015ftiren Kad\u0131n E\u011fitimi Kolektifi, 2017 yaz d\u00f6nemi Lefko\u015fa e\u011fitimlerini tamamlad\u0131.\u00a0 Temmuz-A\u011fustos aylar\u0131nda Baraka K\u00fclt\u00fcr Merkezi lokalinde yap\u0131lan ve alt\u0131 farkl\u0131 konu ba\u015fl\u0131\u011f\u0131n\u0131n ele al\u0131nd\u0131\u011f\u0131 seminerler dizisinin yer ald\u0131\u011f\u0131 program ilgiyle takip edildi.<\/p>\n<p>\u201cFeminizm ve Toplumsal Cinsiyet\u201d semineri ile ba\u015flayan program, \u201cK\u0131br\u0131s\u2019ta Kad\u0131n Hareketi\u201d, \u201cKad\u0131na Y\u00f6nelik \u015eiddet\u201d, \u201cEv \u0130\u00e7i Emek ve \u00d6tesi\u201d, \u201cMedya ve Kad\u0131n\u201d konular\u0131 ile devam etti ve 8 A\u011fustos Sal\u0131 g\u00fcn\u00fc \u201cBeden Politikalar\u0131\u201d semineri ile tamamland\u0131. Her seminerin ard\u0131ndan yap\u0131lan drama \u00e7al\u0131\u015fmalar\u0131 ile e\u011fitimin peki\u015ftirilmesi ve kat\u0131l\u0131mc\u0131lar\u0131n \u00f6zg\u00fcrle\u015fmeyi ve de\u011fi\u015fimi prova etmesi sa\u011fland\u0131. \u00dccretsiz olan e\u011fitimlerin en az 4\u2019\u00fcne kat\u0131lanlara sertifikalar\u0131n\u0131n takdim edilmesi de 8 A\u011fustos ak\u015fam\u0131 ger\u00e7ekle\u015ftirildi.<\/p>\n<p>Seminerlere kat\u0131lanlar, drama \u00e7al\u0131\u015fmalar\u0131nda ve sunumlarda hem bilgi al\u0131p hem de deneyim payla\u015farak sahip olduklar\u0131n\u0131 birbirlerine \u00f6\u011frettiler. Genel bilgilerin yan\u0131 s\u0131ra \u00fclkemizdeki kad\u0131nlar\u0131n gerek ev ve aile gerekse i\u015f ya\u015fam\u0131ndaki durumlar\u0131n\u0131n da de\u011ferlendirildi\u011fi e\u011fitimlerde kat\u0131l\u0131mc\u0131lar\u0131n kayna\u015ft\u0131\u011f\u0131 e\u011flenceli anlar da ya\u015fand\u0131.<\/p>\n<p><a href=\"https:\/\/baraka.cc\/wp-content\/uploads\/2017\/08\/2.jpg\"><img decoding=\"async\" loading=\"lazy\" class=\"alignnone size-medium wp-image-5281\" alt=\"2\" src=\"https:\/\/baraka.cc\/wp-content\/uploads\/2017\/08\/2-300x225.jpg\" width=\"300\" height=\"225\" srcset=\"https:\/\/baraka.cc\/wp-content\/uploads\/2017\/08\/2-300x225.jpg 300w, https:\/\/baraka.cc\/wp-content\/uploads\/2017\/08\/2.jpg 960w\" sizes=\"(max-width: 300px) 100vw, 300px\" \/><\/a><\/p>\n<p><a href=\"https:\/\/baraka.cc\/wp-content\/uploads\/2017\/08\/6.jpg\"><img decoding=\"async\" loading=\"lazy\" class=\"alignnone size-medium wp-image-5282\" alt=\"6\" src=\"https:\/\/baraka.cc\/wp-content\/uploads\/2017\/08\/6-300x225.jpg\" width=\"300\" height=\"225\" srcset=\"https:\/\/baraka.cc\/wp-content\/uploads\/2017\/08\/6-300x225.jpg 300w, https:\/\/baraka.cc\/wp-content\/uploads\/2017\/08\/6.jpg 960w\" sizes=\"(max-width: 300px) 100vw, 300px\" \/><\/a><\/p>\n<p><a href=\"https:\/\/baraka.cc\/wp-content\/uploads\/2017\/08\/20604235_338280089935768_3157274287456486050_n.jpg\"><img decoding=\"async\" loading=\"lazy\" class=\"alignnone size-medium wp-image-5283\" alt=\"20604235_338280089935768_3157274287456486050_n\" src=\"https:\/\/baraka.cc\/wp-content\/uploads\/2017\/08\/20604235_338280089935768_3157274287456486050_n-300x225.jpg\" width=\"300\" height=\"225\" srcset=\"https:\/\/baraka.cc\/wp-content\/uploads\/2017\/08\/20604235_338280089935768_3157274287456486050_n-300x225.jpg 300w, https:\/\/baraka.cc\/wp-content\/uploads\/2017\/08\/20604235_338280089935768_3157274287456486050_n.jpg 960w\" sizes=\"(max-width: 300px) 100vw, 300px\" \/><\/a><\/p>\n<p><a href=\"https:\/\/baraka.cc\/wp-content\/uploads\/2017\/08\/20258031_335640660199711_7779223327346545427_n.jpg\"><img decoding=\"async\" loading=\"lazy\" class=\"alignnone size-medium wp-image-5284\" alt=\"20258031_335640660199711_7779223327346545427_n\" src=\"https:\/\/baraka.cc\/wp-content\/uploads\/2017\/08\/20258031_335640660199711_7779223327346545427_n-300x225.jpg\" width=\"300\" height=\"225\" srcset=\"https:\/\/baraka.cc\/wp-content\/uploads\/2017\/08\/20258031_335640660199711_7779223327346545427_n-300x225.jpg 300w, https:\/\/baraka.cc\/wp-content\/uploads\/2017\/08\/20258031_335640660199711_7779223327346545427_n.jpg 960w\" sizes=\"(max-width: 300px) 100vw, 300px\" \/><\/a><\/p>\n","protected":false},"excerpt":{"rendered":"<p>Ma\u011fusa\u2019dan Ak\u00e7ay\u2019a \u00e7e\u015fitli b\u00f6lgelerde e\u011fitim seminerleri ve drama at\u00f6lyeleri ger\u00e7ekle\u015ftiren Kad\u0131n E\u011fitimi Kolektifi, 2017 yaz d\u00f6nemi Lefko\u015fa e\u011fitimlerini tamamlad\u0131.\u00a0 Temmuz-A\u011fustos aylar\u0131nda Baraka K\u00fclt\u00fcr Merkezi lokalinde<\/p>\n","protected":false},"author":3,"featured_media":5280,"comment_status":"open","ping_status":"open","sticky":false,"template":"","format":"standard","meta":{"jetpack_post_was_ever_published":false,"_jetpack_newsletter_access":"","_jetpack_newsletter_tier_id":0,"jetpack_publicize_message":"","jetpack_is_tweetstorm":false,"jetpack_publicize_feature_enabled":true,"jetpack_social_post_already_shared":true,"jetpack_social_options":{"image_generator_settings":{"template":"highway","enabled":false}}},"categories":[9,1],"tags":[],"jetpack_publicize_connections":[],"jetpack_featured_media_url":"https:\/\/baraka.cc\/wp-content\/uploads\/2017\/08\/1_n.jpg","jetpack_shortlink":"https:\/\/wp.me\/p4eHWX-1n9","jetpack_sharing_enabled":true,"_links":{"self":[{"href":"https:\/\/baraka.cc\/index.php?rest_route=\/wp\/v2\/posts\/5279"}],"collection":[{"href":"https:\/\/baraka.cc\/index.php?rest_route=\/wp\/v2\/posts"}],"about":[{"href":"https:\/\/baraka.cc\/index.php?rest_route=\/wp\/v2\/types\/post"}],"author":[{"embeddable":true,"href":"https:\/\/baraka.cc\/index.php?rest_route=\/wp\/v2\/users\/3"}],"replies":[{"embeddable":true,"href":"https:\/\/baraka.cc\/index.php?rest_route=%2Fwp%2Fv2%2Fcomments&post=5279"}],"version-history":[{"count":1,"href":"https:\/\/baraka.cc\/index.php?rest_route=\/wp\/v2\/posts\/5279\/revisions"}],"predecessor-version":[{"id":5285,"href":"https:\/\/baraka.cc\/index.php?rest_route=\/wp\/v2\/posts\/5279\/revisions\/5285"}],"wp:featuredmedia":[{"embeddable":true,"href":"https:\/\/baraka.cc\/index.php?rest_route=\/wp\/v2\/media\/5280"}],"wp:attachment":[{"href":"https:\/\/baraka.cc\/index.php?rest_route=%2Fwp%2Fv2%2Fmedia&parent=5279"}],"wp:term":[{"taxonomy":"category","embeddable":true,"href":"https:\/\/baraka.cc\/index.php?rest_route=%2Fwp%2Fv2%2Fcategories&post=5279"},{"taxonomy":"post_tag","embeddable":true,"href":"https:\/\/baraka.cc\/index.php?rest_route=%2Fwp%2Fv2%2Ftags&post=5279"}],"curies":[{"name":"wp","href":"https:\/\/api.w.org\/{rel}","templated":true}]}}