{"id":5433,"date":"2017-10-10T17:39:33","date_gmt":"2017-10-10T15:39:33","guid":{"rendered":"https:\/\/baraka.cc\/?p=5433"},"modified":"2017-10-10T17:39:33","modified_gmt":"2017-10-10T15:39:33","slug":"sol-anahtari-gonyeli-belediyesini-protesto-etti","status":"publish","type":"post","link":"https:\/\/baraka.cc\/?p=5433","title":{"rendered":"SOL ANAHTARI G\u00d6NYEL\u0130 BELED\u0130YES\u0130N\u0130 PROTESTO ETT\u0130"},"content":{"rendered":"<p><b>Baraka M\u00fczik Grubu Sol Anahtar\u0131, G\u00f6nyeli Belediyesi \u00d6n\u00fcne \u201cSiyah Sol Anahtar\u0131\u201d B\u0131rakarak \u201cMaskeli Balo\u201d Par\u00e7as\u0131n\u0131 \u00c7ald\u0131<\/b><\/p>\n<p><b>\u00a0<\/b><\/p>\n<p><i>Baraka K\u00fclt\u00fcr Merkezi M\u00fczik Grubu Sol Anahtar\u0131, G\u00f6nyeli Belediye Ba\u015fkan\u0131 Ahmet Benli\u2019yi protesto etmek i\u00e7in G\u00f6nyeli Belediye binas\u0131 \u00f6n\u00fcnde m\u00fczik yaparak, siyah \u201csol anahtar\u0131\u201d b\u0131rakt\u0131. M\u00fczik grubu G\u00f6nyeli\u2019de d\u00fczenlenecek festivalin organizasyon komitesine ise te\u015fekk\u00fcr ederek, hediye olarak ula\u015ft\u0131r\u0131lmak \u00fczere bir miktar alb\u00fcm\u00fc belediyenin dan\u0131\u015fma b\u00f6l\u00fcm\u00fcne b\u0131rakt\u0131.<\/i><\/p>\n<p><i>\u00a0<\/i><\/p>\n<p>Baraka K\u00fclt\u00fcr Merkezi M\u00fczik Grubu Sol Anahtar\u0131, G\u00f6nyeli\u2019de ger\u00e7ekle\u015ftirilecek festival i\u00e7in organizasyon komitesi taraf\u0131ndan aranarak kat\u0131l\u0131mlar\u0131n\u0131n istenmesi, kendilerinin de hi\u00e7bir \u00fccret talep etmeden bunu kabul etmelerine ra\u011fmen, Belediye Ba\u015fkan\u0131 Ahmet Benli\u2019nin devreye girerek Sol Anahtar\u0131\u2019n\u0131 programdan \u00e7\u0131kartmas\u0131na tepki g\u00f6sterdi.<\/p>\n<p>&nbsp;<\/p>\n<p>G\u00f6nyeli Belediyesi \u00f6n\u00fcnde bug\u00fcn ger\u00e7ekle\u015ftirilen eylemde, Yeni T\u00fcrk\u00fc\u2019den \u201cMaskeli Balo\u201d par\u00e7as\u0131 \u00e7al\u0131narak, belediye binas\u0131na siyah \u201csol anahtar\u0131\u201d b\u0131rak\u0131ld\u0131.<br \/>\n\u00dcyelerinin neredeyse tamam\u0131 G\u00f6nyeli\u2019de ya\u015fayan ve \u00fccret talep etmeden sahne almay\u0131 kabul eden yerel bir m\u00fczik grubuna kar\u015f\u0131 G\u00f6nyeli Belediye Ba\u015fkan\u0131 Ahmet Benli\u2019nin tavr\u0131n\u0131\u00a0 protesto eden Sol Anahtar\u0131, festivalin organizasyon komitesine ise te\u015fekk\u00fcr etti.<\/p>\n<p>&nbsp;<\/p>\n<p><i>Sol Anahtar\u0131\u2019n\u0131n G\u00f6nyeli Belediyesi \u00f6n\u00fcnde yapt\u0131\u011f\u0131 a\u00e7\u0131klama \u015f\u00f6yle;<\/i><\/p>\n<p>&nbsp;<\/p>\n<p><b>G\u00f6nyeli Festival Komitesi\u2019ne Te\u015fekk\u00fcrler. Ahmet Benli\u2019ye de Pravo!<\/b><\/p>\n<p>Bir iki hafta \u00f6nce G\u00f6nyeli Belediyesi\u2019nin d\u00fczenleyece\u011fi festivalde sahne almam\u0131z i\u00e7in arand\u0131k. Bize s\u00f6ylenen \u015fey Festival Organizasyon Komitesi Sol Anahtar\u0131\u2019n\u0131 G\u00f6nyeli Festivalinde g\u00f6rmek istedi\u011fi idi. Bizi arayan arkada\u015f bu arada festivalde \u00e7almak i\u00e7in ka\u00e7 para istedi\u011fimizi de sordu.\u00a0 Sol Anahtar\u0131 m\u00fczik grubu olarak Galava\u00e7\u2019tan tutun Lefko\u015fa\u2019ya B\u00fcy\u00fckkonuk\u2019tan Ge\u00e7itkale\u2019ye Galatya ve Alani\u00e7i\u2019ne davet ald\u0131\u011f\u0131m\u0131z t\u00fcm festivallere herhangi bir \u00fccret almadan kat\u0131lmakta ve destek vermekteyiz, dileyen davet edildi\u011fimiz festivallere sorabilir. Kendilerine bizim festivallerde belediyelerimize destek olabilmek i\u00e7in \u00fccret almad\u0131\u011f\u0131m\u0131z\u0131 ilettik. Onlarda bize 20 Ekim saat 21:30 da sahne alabilece\u011fimizi s\u00f6ylediler. 2 Ekim Pazartesi, aniden G\u00f6nyeli Belediyesi\u2019nden arand\u0131k ve festivalden \u00e7\u0131kar\u0131ld\u0131\u011f\u0131m\u0131z\u0131 \u00f6\u011frendik. Nedenini sordu\u011fumuzda bize<b><i>\u00a0 \u201chalk\u0131m\u0131z gece ge\u00e7 vakitlere kadar m\u00fczik olaca\u011f\u0131ndan \u015fikayette bulundu, biz de festival kapsam\u0131m\u0131z\u0131 daraltmaya baz\u0131 gruplar\u0131 \u00e7\u0131karmaya karar verdik\u201d<\/i><\/b> denildi. Biz de ba\u015fka hangi gruplar\u0131 \u00e7\u0131kard\u0131klar\u0131n\u0131 sorduk.<\/p>\n<p>Cevap: <b><i>\u201cBende \u00f6yle bir liste yok\u201d\u00a0 <\/i><\/b>oldu.<\/p>\n<p>Sormaya devam etik, hen\u00fcz ger\u00e7ekle\u015fmemi\u015f festivalin, sesinden nas\u0131l rahats\u0131z olmu\u015f halk\u0131m\u0131z?<\/p>\n<p>21:30 da ba\u015flayan bir saatlik konser 22:30 da biter \u00f6yle de\u011fil mi?<\/p>\n<p>21:30\u2019dan sonra ba\u015fka hi\u00e7bir grup m\u00fczik yapmayacak m\u0131?<\/p>\n<p>On binlerce lira verdi\u011finiz Teoman veya Aleyna Tilki de\u00a0 mi 21:30 dan sonra m\u00fczik yapmayacak?<\/p>\n<p>Diyelim ki ger\u00e7ekten b\u00f6yle bir \u015fikayet var. Neden t\u00fcm m\u00fczisyenleri g\u00f6nyelili olan ve kendi beldeleri i\u00e7in \u00fccretsiz m\u00fczik yapacak olan Sol Anahtar\u0131\u2019n\u0131 \u00e7\u0131kartmak geliyor akl\u0131n\u0131za ilk?<\/p>\n<p>Cevap: <b><i>\u201cBunlar\u0131 a\u00e7\u0131klamaya yetkim yok\u201d<\/i><\/b><\/p>\n<p>Telefonu kapatt\u0131ktan sonra grup elemanlar\u0131 olarak konu\u015fup karar veriyoruz. Belki de bir yanl\u0131\u015f anla\u015f\u0131lma oldu. En iyisi Say\u0131n Ahmet Benli\u2019den bir randevu alal\u0131m ve i\u015fin asl\u0131n\u0131 \u00f6\u011frenelim. Ba\u015fkan\u2019\u0131n sekreterini aray\u0131p olaylar\u0131 anlatt\u0131k ve ba\u015fkan ile g\u00f6r\u00fc\u015fmek i\u00e7in bir randevu talep ettik. Ve birka\u00e7 g\u00fcn \u00f6nce Ba\u015fkan\u2019\u0131n sekreteri bizi aray\u0131p Ahmet Benli\u2019nin \u00e7ok yo\u011fun oldu\u011funu ve bize randevu veremeyece\u011fini \u00f6\u011frendik.<\/p>\n<p>Bunca y\u0131ll\u0131k m\u00fczisyeniz bu derecede i\u015f bilmezlik ve ay\u0131p g\u00f6rmedik. Bu \u00fclkenin y\u00f6netenlerinin kendi m\u00fczisyenlerine verdi\u011fi de\u011feri, her defas\u0131nda artan bir \u015fa\u015fk\u0131nl\u0131kla ve \u00fcz\u00fclerek g\u00f6rmekteyiz. 13 y\u0131ll\u0131k bir m\u00fczik grubuyuz ve adam\u0131z\u0131n her yan\u0131nda konserler vermekteyiz. Bu \u00fclkede kim eziliyorsa kimin hakk\u0131 yenmi\u015fse Sol Anahtar\u0131 m\u00fczi\u011fi ile onlarla dayan\u0131\u015fmaya \u00e7al\u0131\u015fm\u0131\u015ft\u0131r, \u00e7al\u0131\u015fmaktad\u0131r. \u0130ki m\u00fczik alb\u00fcm\u00fc, belgeseller ve tiyatro oyunlar\u0131 i\u00e7in \u00fcretti\u011fi besteleri vard\u0131r. Biz \u00fcreten K\u0131br\u0131sl\u0131 T\u00fcrk m\u00fczisyenler, bu \u00fclkenin Arab Ali\u2019si, Gavur \u0130mam\u2019\u0131, Hasan Bulliler\u2019iyiz. Bu halk bu \u00fclkenin sanat\u00e7\u0131lar\u0131na de\u011fer vermeyenleri en a\u011f\u0131r \u015fekilde cezaland\u0131racakt\u0131r.<\/p>\n<p>Olay\u0131 tam anlamak i\u00e7in elimizden geleni yapt\u0131k; Fakat bize sadece \u015fu tahminden ba\u015fka bir se\u00e7enek b\u0131rakmad\u0131 Say\u0131n Benli;<\/p>\n<p>G\u00f6nyeli Festival Komitesi\u2019ndeki arkada\u015flar, bizi samimiyet ve iyi niyetle davet etti, orada g\u00f6rmek istedi. T\u00fcm festival komitesine ger\u00e7ekten te\u015fekk\u00fcr ederiz. Fakat son anda \u00e7ok \u201cb\u00fcy\u00fck\u201d biri araya girdi ve komitenin karar\u0131n\u0131 \u00e7i\u011fneyip onlar\u0131 da zora soktu. Komiteyi bizlere yalan s\u00f6ylemeye zorlad\u0131. Bu ki\u015fi her kimse bilemeyiz ama b\u00f6yle bir ay\u0131b\u0131n yap\u0131lmas\u0131n\u0131n tek sorumlusu Ahmet Benli\u2019dir.<\/p>\n<p>&nbsp;<\/p>\n<p>Baraka K\u00fclt\u00fcr Merkezi M\u00fczik Grubu Sol Anahtar\u0131<\/p>\n<p><a href=\"https:\/\/baraka.cc\/wp-content\/uploads\/2017\/10\/22429155_10155675335202086_1230778139_o.jpg\"><img decoding=\"async\" loading=\"lazy\" class=\"alignnone size-medium wp-image-5434\" alt=\"22429155_10155675335202086_1230778139_o\" src=\"https:\/\/baraka.cc\/wp-content\/uploads\/2017\/10\/22429155_10155675335202086_1230778139_o-300x168.jpg\" width=\"300\" height=\"168\" srcset=\"https:\/\/baraka.cc\/wp-content\/uploads\/2017\/10\/22429155_10155675335202086_1230778139_o-300x168.jpg 300w, https:\/\/baraka.cc\/wp-content\/uploads\/2017\/10\/22429155_10155675335202086_1230778139_o-1024x576.jpg 1024w, https:\/\/baraka.cc\/wp-content\/uploads\/2017\/10\/22429155_10155675335202086_1230778139_o.jpg 2048w\" sizes=\"(max-width: 300px) 100vw, 300px\" \/><\/a><a href=\"https:\/\/baraka.cc\/wp-content\/uploads\/2017\/10\/22385333_10155675337097086_194700521_n.jpg\"><img decoding=\"async\" loading=\"lazy\" class=\"alignnone size-medium wp-image-5435\" alt=\"22385333_10155675337097086_194700521_n\" src=\"https:\/\/baraka.cc\/wp-content\/uploads\/2017\/10\/22385333_10155675337097086_194700521_n-300x168.jpg\" width=\"300\" height=\"168\" srcset=\"https:\/\/baraka.cc\/wp-content\/uploads\/2017\/10\/22385333_10155675337097086_194700521_n-300x168.jpg 300w, https:\/\/baraka.cc\/wp-content\/uploads\/2017\/10\/22385333_10155675337097086_194700521_n.jpg 960w\" sizes=\"(max-width: 300px) 100vw, 300px\" \/><\/a> <a href=\"https:\/\/baraka.cc\/wp-content\/uploads\/2017\/10\/22386417_10155675337112086_918862347_n.jpg\"><img decoding=\"async\" loading=\"lazy\" class=\"alignnone size-medium wp-image-5436\" alt=\"22386417_10155675337112086_918862347_n\" src=\"https:\/\/baraka.cc\/wp-content\/uploads\/2017\/10\/22386417_10155675337112086_918862347_n-300x168.jpg\" width=\"300\" height=\"168\" srcset=\"https:\/\/baraka.cc\/wp-content\/uploads\/2017\/10\/22386417_10155675337112086_918862347_n-300x168.jpg 300w, https:\/\/baraka.cc\/wp-content\/uploads\/2017\/10\/22386417_10155675337112086_918862347_n.jpg 960w\" sizes=\"(max-width: 300px) 100vw, 300px\" \/><\/a><\/p>\n","protected":false},"excerpt":{"rendered":"<p>Baraka M\u00fczik Grubu Sol Anahtar\u0131, G\u00f6nyeli Belediyesi \u00d6n\u00fcne \u201cSiyah Sol Anahtar\u0131\u201d B\u0131rakarak \u201cMaskeli Balo\u201d Par\u00e7as\u0131n\u0131 \u00c7ald\u0131 \u00a0 Baraka K\u00fclt\u00fcr Merkezi M\u00fczik Grubu Sol Anahtar\u0131, G\u00f6nyeli<\/p>\n","protected":false},"author":4,"featured_media":5438,"comment_status":"open","ping_status":"open","sticky":false,"template":"","format":"standard","meta":{"jetpack_post_was_ever_published":false,"_jetpack_newsletter_access":"","_jetpack_newsletter_tier_id":0,"jetpack_publicize_message":"","jetpack_is_tweetstorm":false,"jetpack_publicize_feature_enabled":true,"jetpack_social_post_already_shared":true,"jetpack_social_options":{"image_generator_settings":{"template":"highway","enabled":false}}},"categories":[9,1],"tags":[],"jetpack_publicize_connections":[],"jetpack_featured_media_url":"https:\/\/baraka.cc\/wp-content\/uploads\/2017\/10\/kapak.jpg","jetpack_shortlink":"https:\/\/wp.me\/p4eHWX-1pD","jetpack_sharing_enabled":true,"_links":{"self":[{"href":"https:\/\/baraka.cc\/index.php?rest_route=\/wp\/v2\/posts\/5433"}],"collection":[{"href":"https:\/\/baraka.cc\/index.php?rest_route=\/wp\/v2\/posts"}],"about":[{"href":"https:\/\/baraka.cc\/index.php?rest_route=\/wp\/v2\/types\/post"}],"author":[{"embeddable":true,"href":"https:\/\/baraka.cc\/index.php?rest_route=\/wp\/v2\/users\/4"}],"replies":[{"embeddable":true,"href":"https:\/\/baraka.cc\/index.php?rest_route=%2Fwp%2Fv2%2Fcomments&post=5433"}],"version-history":[{"count":2,"href":"https:\/\/baraka.cc\/index.php?rest_route=\/wp\/v2\/posts\/5433\/revisions"}],"predecessor-version":[{"id":5439,"href":"https:\/\/baraka.cc\/index.php?rest_route=\/wp\/v2\/posts\/5433\/revisions\/5439"}],"wp:featuredmedia":[{"embeddable":true,"href":"https:\/\/baraka.cc\/index.php?rest_route=\/wp\/v2\/media\/5438"}],"wp:attachment":[{"href":"https:\/\/baraka.cc\/index.php?rest_route=%2Fwp%2Fv2%2Fmedia&parent=5433"}],"wp:term":[{"taxonomy":"category","embeddable":true,"href":"https:\/\/baraka.cc\/index.php?rest_route=%2Fwp%2Fv2%2Fcategories&post=5433"},{"taxonomy":"post_tag","embeddable":true,"href":"https:\/\/baraka.cc\/index.php?rest_route=%2Fwp%2Fv2%2Ftags&post=5433"}],"curies":[{"name":"wp","href":"https:\/\/api.w.org\/{rel}","templated":true}]}}