{"id":5456,"date":"2017-10-12T11:22:42","date_gmt":"2017-10-12T09:22:42","guid":{"rendered":"https:\/\/baraka.cc\/?p=5456"},"modified":"2017-10-12T11:22:42","modified_gmt":"2017-10-12T09:22:42","slug":"kadin-egitimi-koleketifi-akdoganda-seminer-ve-drama-calismalari-duzenliyor","status":"publish","type":"post","link":"https:\/\/baraka.cc\/?p=5456","title":{"rendered":"KADIN E\u011e\u0130T\u0130M\u0130 KOLEKET\u0130F\u0130 AKDO\u011eAN\u2019DA SEM\u0130NER VE DRAMA \u00c7ALI\u015eMALARI D\u00dcZENL\u0130YOR"},"content":{"rendered":"<p><a href=\"https:\/\/baraka.cc\/wp-content\/uploads\/2017\/10\/AFSA-KEK-Poster.jpg\"><img decoding=\"async\" loading=\"lazy\" class=\"alignnone size-medium wp-image-5457\" alt=\"AFSA KEK Poster\" src=\"https:\/\/baraka.cc\/wp-content\/uploads\/2017\/10\/AFSA-KEK-Poster-212x300.jpg\" width=\"212\" height=\"300\" srcset=\"https:\/\/baraka.cc\/wp-content\/uploads\/2017\/10\/AFSA-KEK-Poster-212x300.jpg 212w, https:\/\/baraka.cc\/wp-content\/uploads\/2017\/10\/AFSA-KEK-Poster-723x1024.jpg 723w\" sizes=\"(max-width: 212px) 100vw, 212px\" \/><\/a><\/p>\n<p>\u00dclkemizin \u00e7e\u015fitli b\u00f6lgelerinde, kad\u0131n haklar\u0131na y\u00f6nelik seminerler ve drama \u00e7al\u0131\u015fmalar\u0131 d\u00fczenleyen Kad\u0131n E\u011fitimi Kolektifi, 13-31 Ekim tarihleri aras\u0131nda Akdo\u011fan\u2019da olacak. Akdo\u011fan Fikir Sanat At\u00f6lyesi (AFSA) ev sahipli\u011finde ger\u00e7ekle\u015ftirilecek olan e\u011fitimlerin \u00fccretsiz oldu\u011fu, kad\u0131n ve erkeklerin kat\u0131l\u0131m\u0131na a\u00e7\u0131k oldu\u011fu belirtildi. Detayl\u0131 bilgi ve kay\u0131t i\u00e7in 0548 842 02 72 numaral\u0131 telefonun aranabilece\u011fi duyuruldu.<\/p>\n<p>E\u011fitimler, 13 Ekim\u2019den itibaren her Cuma ve Sal\u0131 19.30-21.30 saatleri aras\u0131nda, Akdo\u011fan K\u00f6y Meydan\u0131\u2019ndaki AFSA Lokali\u2019nde yap\u0131lacak. G\u00f6rsellerle desteklenen bir saatlik seminerin ard\u0131ndan, kat\u0131l\u0131mc\u0131lar\u0131n da aktif olarak yer alaca\u011f\u0131 drama at\u00f6lyeleri ile \u00f6\u011frenilen konular\u0131n peki\u015ftirilmesi sa\u011flanacak. En az d\u00f6rt e\u011fitime kat\u0131lan ki\u015filere sertifika da verilecek olan toplam 12 saatlik, alt\u0131 farkl\u0131 konuda verilecek olan seminerlerin i\u00e7eri\u011fi ve program\u0131 ise \u015f\u00f6yle:<\/p>\n<p>13 Ekim Cuma Feminizm ve Toplumsal Cinsiyet<\/p>\n<p>17 Ekim Sal\u0131 Kad\u0131na Y\u00f6nelik \u015eiddet<\/p>\n<p>20 Ekim Cuma Beden Politikalar\u0131<\/p>\n<p>24 Ekim Sal\u0131 Ev \u0130\u00e7i Emek ve \u00d6tesi<\/p>\n<p>27 Ekim Cuma K\u0131br\u0131s\u2019ta Kad\u0131n Hareketi<\/p>\n<p>31 Ekim Sal\u0131 Kad\u0131n ve Medya ve ard\u0131ndan sertifikalar\u0131n verilmesi<\/p>\n<p>Kad\u0131n E\u011fitimi Kolektifinden yap\u0131lan a\u00e7\u0131klamada; ge\u00e7mi\u015f y\u0131llarda Mara\u015f\u2019tan Ak\u00e7ay\u2019a \u00fclkemizin \u00e7e\u015fitli b\u00f6lgelerinde yap\u0131lan e\u011fitimlerle kad\u0131nlar\u0131n haklar\u0131n\u0131 bilmeleri ve savunmalar\u0131 yolunda \u00f6nemli ad\u0131mlar at\u0131ld\u0131\u011f\u0131 ve drama \u00e7al\u0131\u015fmalar\u0131 ile de kad\u0131nlar\u0131n bedenlerini, seslerini \u00f6zg\u00fcrle\u015ftirerek, duygu ve d\u00fc\u015f\u00fcncelerini ifade ederek toplumsal \u00f6zg\u00fcrl\u00fc\u011f\u00fc prova ettikleri belirtildi.<\/p>\n<p><a href=\"https:\/\/baraka.cc\/wp-content\/uploads\/2017\/10\/K.E.K-Haber-g\u00f6rseljpg.jpg\"><img decoding=\"async\" loading=\"lazy\" class=\"alignnone size-medium wp-image-5459\" alt=\"K.E.K Haber g\u00f6rseljpg\" src=\"https:\/\/baraka.cc\/wp-content\/uploads\/2017\/10\/K.E.K-Haber-g\u00f6rseljpg-300x199.jpg\" width=\"300\" height=\"199\" srcset=\"https:\/\/baraka.cc\/wp-content\/uploads\/2017\/10\/K.E.K-Haber-g\u00f6rseljpg-300x199.jpg 300w, https:\/\/baraka.cc\/wp-content\/uploads\/2017\/10\/K.E.K-Haber-g\u00f6rseljpg-1024x680.jpg 1024w\" sizes=\"(max-width: 300px) 100vw, 300px\" \/><\/a><\/p>\n","protected":false},"excerpt":{"rendered":"<p>\u00dclkemizin \u00e7e\u015fitli b\u00f6lgelerinde, kad\u0131n haklar\u0131na y\u00f6nelik seminerler ve drama \u00e7al\u0131\u015fmalar\u0131 d\u00fczenleyen Kad\u0131n E\u011fitimi Kolektifi, 13-31 Ekim tarihleri aras\u0131nda Akdo\u011fan\u2019da olacak. Akdo\u011fan Fikir Sanat At\u00f6lyesi (AFSA)<\/p>\n","protected":false},"author":3,"featured_media":5458,"comment_status":"open","ping_status":"open","sticky":false,"template":"","format":"standard","meta":{"jetpack_post_was_ever_published":false,"_jetpack_newsletter_access":"","_jetpack_newsletter_tier_id":0,"jetpack_publicize_message":"","jetpack_is_tweetstorm":false,"jetpack_publicize_feature_enabled":true,"jetpack_social_post_already_shared":true,"jetpack_social_options":{"image_generator_settings":{"template":"highway","enabled":false}}},"categories":[9,1],"tags":[],"jetpack_publicize_connections":[],"jetpack_featured_media_url":"https:\/\/baraka.cc\/wp-content\/uploads\/2017\/10\/AFSA-KEK-Facebook.jpg","jetpack_shortlink":"https:\/\/wp.me\/p4eHWX-1q0","jetpack_sharing_enabled":true,"_links":{"self":[{"href":"https:\/\/baraka.cc\/index.php?rest_route=\/wp\/v2\/posts\/5456"}],"collection":[{"href":"https:\/\/baraka.cc\/index.php?rest_route=\/wp\/v2\/posts"}],"about":[{"href":"https:\/\/baraka.cc\/index.php?rest_route=\/wp\/v2\/types\/post"}],"author":[{"embeddable":true,"href":"https:\/\/baraka.cc\/index.php?rest_route=\/wp\/v2\/users\/3"}],"replies":[{"embeddable":true,"href":"https:\/\/baraka.cc\/index.php?rest_route=%2Fwp%2Fv2%2Fcomments&post=5456"}],"version-history":[{"count":1,"href":"https:\/\/baraka.cc\/index.php?rest_route=\/wp\/v2\/posts\/5456\/revisions"}],"predecessor-version":[{"id":5460,"href":"https:\/\/baraka.cc\/index.php?rest_route=\/wp\/v2\/posts\/5456\/revisions\/5460"}],"wp:featuredmedia":[{"embeddable":true,"href":"https:\/\/baraka.cc\/index.php?rest_route=\/wp\/v2\/media\/5458"}],"wp:attachment":[{"href":"https:\/\/baraka.cc\/index.php?rest_route=%2Fwp%2Fv2%2Fmedia&parent=5456"}],"wp:term":[{"taxonomy":"category","embeddable":true,"href":"https:\/\/baraka.cc\/index.php?rest_route=%2Fwp%2Fv2%2Fcategories&post=5456"},{"taxonomy":"post_tag","embeddable":true,"href":"https:\/\/baraka.cc\/index.php?rest_route=%2Fwp%2Fv2%2Ftags&post=5456"}],"curies":[{"name":"wp","href":"https:\/\/api.w.org\/{rel}","templated":true}]}}