{"id":5476,"date":"2017-10-18T13:12:36","date_gmt":"2017-10-18T11:12:36","guid":{"rendered":"https:\/\/baraka.cc\/?p=5476"},"modified":"2017-10-18T13:12:36","modified_gmt":"2017-10-18T11:12:36","slug":"baraka-okuma-grubu-yeni-kitaba-basliyor","status":"publish","type":"post","link":"https:\/\/baraka.cc\/?p=5476","title":{"rendered":"BARAKA OKUMA GRUBU YEN\u0130 K\u0130TABA BA\u015eLIYOR"},"content":{"rendered":"<p>Baraka Okuma \u2013 Tart\u0131\u015fma Grubu, K\u0131br\u0131sl\u0131 T\u00fcrk yazar Ceyhan \u00d6zy\u0131ld\u0131z taraf\u0131ndan kaleme al\u0131nan \u00f6yk\u00fclerinden derlenerek haz\u0131rlanan \u201cYast\u0131k Alt\u0131 G\u00fclkurusu\u201d kitab\u0131n\u0131 okuyarak tamamlad\u0131.<\/p>\n<p>&nbsp;<\/p>\n<p><strong>Ceyhan \u00d6zy\u0131ld\u0131z ile S\u00f6yle\u015fi Etkinli\u011fini Ger\u00e7ekle\u015ftirilecek<\/strong><\/p>\n<p>\u201cYast\u0131k Alt\u0131 G\u00fclkurusu\u201d kitab\u0131n\u0131n yazar\u0131 Ceyhan \u00d6zy\u0131ld\u0131z\u2019\u0131n da kat\u0131l\u0131m\u0131yla 25 Ekim \u00c7ar\u015famba ak\u015fam\u0131 saat 19.00\u2019da Baraka K\u00fclt\u00fcr Merkezi lokalinde kitapla ilgili bir s\u00f6yle\u015fi organize edildi. T\u00fcm kitap severler bu s\u00f6yle\u015fiye davetlidir.<\/p>\n<p>&nbsp;<\/p>\n<p><strong>Yeni Kitap Yine K\u0131br\u0131s\u2019tan<\/strong><\/p>\n<p>Baraka Okuma \u2013 Tart\u0131\u015fma Grubu, okunacak bir sonraki kitab\u0131 Ha\u015fmet Muzaffer G\u00fcrkan taraf\u0131ndan yaz\u0131lm\u0131\u015f \u201cK\u0131br\u0131s Tarihinden Sayfalar\u201d olarak belirledi.<\/p>\n<p>&nbsp;<\/p>\n<p><strong>\u201cK\u0131br\u0131s Tarihinden Sayfalar\u201d<\/strong><\/p>\n<p><em>\u201c \u2018K\u0131br\u0131s Tarihinden Sayfalar\u2019 kitab\u0131, sadece ge\u00e7mi\u015fimizle ilgili pek \u00e7ok somut ayr\u0131nt\u0131y\u0131 bulaca\u011f\u0131m\u0131z bir yap\u0131t de\u011fil; ayni zamanda, \u00e7a\u011fda\u015f bilim anlay\u0131\u015f\u0131m\u0131z ve tarih bilincimiz \u0131\u015f\u0131\u011f\u0131nda yeniden de\u011ferlendirip yar\u0131n\u0131 kurma amac\u0131na y\u00f6nelik her \u00e7aban\u0131zda ba\u015fvurabilece\u011fimiz temel bir yap\u0131t niteli\u011findedir.<\/em><\/p>\n<p><em>As\u0131l mesle\u011fi di\u015f hekimli\u011fi olan Ha\u015fmet M. G\u00fcrkan, bu yap\u0131t\u0131 ile tarih ara\u015ft\u0131rmac\u0131l\u0131\u011f\u0131n\u0131n ve tarih\u00e7ili\u011fin daha bir ciddiyetle ele al\u0131nmas\u0131 gerekti\u011fine i\u015faret ederken, K\u0131br\u0131s tarihine de\u011fi\u015fik ve geni\u015f bir perspektif i\u00e7den bakmam\u0131za olanak sa\u011flamaktad\u0131r.\u201d<\/em><\/p>\n<p>&nbsp;<\/p>\n<p>\u0130steyen herkesin dahil olabilece\u011fi Okuma \u2013 Tart\u0131\u015fma Grubu, her \u00e7ar\u015famba saat 18.00-19.30 aras\u0131nda okumalar\u0131na devam etmektedir. Dileyen herkesi bu olduk\u00e7a lezzetli kitab\u0131 birlikte okumaya bekleriz.<\/p>\n<p>&nbsp;<\/p>\n","protected":false},"excerpt":{"rendered":"<p>Baraka Okuma \u2013 Tart\u0131\u015fma Grubu, K\u0131br\u0131sl\u0131 T\u00fcrk yazar Ceyhan \u00d6zy\u0131ld\u0131z taraf\u0131ndan kaleme al\u0131nan \u00f6yk\u00fclerinden derlenerek haz\u0131rlanan \u201cYast\u0131k Alt\u0131 G\u00fclkurusu\u201d kitab\u0131n\u0131 okuyarak tamamlad\u0131. &nbsp; Ceyhan \u00d6zy\u0131ld\u0131z<\/p>\n","protected":false},"author":4,"featured_media":5478,"comment_status":"open","ping_status":"open","sticky":false,"template":"","format":"standard","meta":{"jetpack_post_was_ever_published":false,"_jetpack_newsletter_access":"","_jetpack_newsletter_tier_id":0,"jetpack_publicize_message":"","jetpack_is_tweetstorm":false,"jetpack_publicize_feature_enabled":true,"jetpack_social_post_already_shared":true,"jetpack_social_options":{"image_generator_settings":{"template":"highway","enabled":false}}},"categories":[9,1],"tags":[],"jetpack_publicize_connections":[],"jetpack_featured_media_url":"https:\/\/baraka.cc\/wp-content\/uploads\/2017\/10\/Kitap_20161123133334_267_1.jpg","jetpack_shortlink":"https:\/\/wp.me\/p4eHWX-1qk","jetpack_sharing_enabled":true,"_links":{"self":[{"href":"https:\/\/baraka.cc\/index.php?rest_route=\/wp\/v2\/posts\/5476"}],"collection":[{"href":"https:\/\/baraka.cc\/index.php?rest_route=\/wp\/v2\/posts"}],"about":[{"href":"https:\/\/baraka.cc\/index.php?rest_route=\/wp\/v2\/types\/post"}],"author":[{"embeddable":true,"href":"https:\/\/baraka.cc\/index.php?rest_route=\/wp\/v2\/users\/4"}],"replies":[{"embeddable":true,"href":"https:\/\/baraka.cc\/index.php?rest_route=%2Fwp%2Fv2%2Fcomments&post=5476"}],"version-history":[{"count":2,"href":"https:\/\/baraka.cc\/index.php?rest_route=\/wp\/v2\/posts\/5476\/revisions"}],"predecessor-version":[{"id":5479,"href":"https:\/\/baraka.cc\/index.php?rest_route=\/wp\/v2\/posts\/5476\/revisions\/5479"}],"wp:featuredmedia":[{"embeddable":true,"href":"https:\/\/baraka.cc\/index.php?rest_route=\/wp\/v2\/media\/5478"}],"wp:attachment":[{"href":"https:\/\/baraka.cc\/index.php?rest_route=%2Fwp%2Fv2%2Fmedia&parent=5476"}],"wp:term":[{"taxonomy":"category","embeddable":true,"href":"https:\/\/baraka.cc\/index.php?rest_route=%2Fwp%2Fv2%2Fcategories&post=5476"},{"taxonomy":"post_tag","embeddable":true,"href":"https:\/\/baraka.cc\/index.php?rest_route=%2Fwp%2Fv2%2Ftags&post=5476"}],"curies":[{"name":"wp","href":"https:\/\/api.w.org\/{rel}","templated":true}]}}