{"id":5483,"date":"2017-10-21T20:22:40","date_gmt":"2017-10-21T18:22:40","guid":{"rendered":"https:\/\/baraka.cc\/?p=5483"},"modified":"2017-10-21T20:22:40","modified_gmt":"2017-10-21T18:22:40","slug":"eylul-toparlandi-gitti-iste-ekim-filan-da-gider-bu-gidisle","status":"publish","type":"post","link":"https:\/\/baraka.cc\/?p=5483","title":{"rendered":"Eyl\u00fcl toparland\u0131 gitti i\u015fte Ekim filan da gider bu gidi\u015fle"},"content":{"rendered":"<p>&nbsp;<\/p>\n<p><b><a href=\"https:\/\/baraka.cc\/wp-content\/uploads\/2017\/10\/Argasdi-Say\u0131-48-\u00d6n-ve-Arka-kapak-birlikte1.jpg\"><img decoding=\"async\" loading=\"lazy\" class=\"size-medium wp-image-5484 alignleft\" style=\"margin: 1px; border: 1px solid black;\" alt=\"Argasdi Say\u0131 48 \u00d6n ve Arka kapak birlikte\" src=\"https:\/\/baraka.cc\/wp-content\/uploads\/2017\/10\/Argasdi-Say\u0131-48-\u00d6n-ve-Arka-kapak-birlikte1-300x212.jpg\" width=\"300\" height=\"212\" srcset=\"https:\/\/baraka.cc\/wp-content\/uploads\/2017\/10\/Argasdi-Say\u0131-48-\u00d6n-ve-Arka-kapak-birlikte1-300x212.jpg 300w, https:\/\/baraka.cc\/wp-content\/uploads\/2017\/10\/Argasdi-Say\u0131-48-\u00d6n-ve-Arka-kapak-birlikte1-1024x725.jpg 1024w\" sizes=\"(max-width: 300px) 100vw, 300px\" \/><\/a>Argasdi dergimizin 48. say\u0131s\u0131n\u0131n okura sesleni\u015f yaz\u0131s\u0131&#8230;<\/b><\/p>\n<p>Pek de iyimser duyulmayan bu dizeler, Turgut Uyar&#8217;\u0131n mutsuzluktan s\u00f6z etti\u011fi, sevgisinin ac\u0131d\u0131\u011f\u0131 bir \u015fiirinden. \u0130yimser olmak zor zanaat \u015fu g\u00fcnlerde; mutsuzluksa diz boyu belki de&#8230; Yeni bir e\u011fitim d\u00f6nemi ba\u015flarken, maddi-manevi her t\u00fcrl\u00fc sorun \u00f6\u011fretmenlerin, \u00f6\u011frencilerin ve ailelerin g\u00fcndeminde. Sa\u011fl\u0131k sistemimiz can \u00e7eki\u015fmede; i\u015f ya\u015fam\u0131 devam ediyor &#8220;modern&#8221; k\u00f6lelikle; trafikte hala insanlar \u00f6lmekte&#8230; F\u0131rsat\u0131 olup da yaz tatilinde yeni bir yer g\u00f6renler, do\u011fal ya\u015famdan kentle\u015fmeye, ula\u015f\u0131mdan \u00e7evreye sayg\u0131ya de\u011fin hemen her konuda ne kadar geri ve k\u00f6t\u00fc durumda oldu\u011fumuzu anlat\u0131p duruyor birbirine. Barda\u011f\u0131n dolu taraf\u0131n\u0131 g\u00f6rmek her zaman o kadar da kolay de\u011fil, d\u00fc\u015f\u00fcnen, sorgulayan, itiraz eden, isyan eden bizler i\u00e7in&#8230; Gerekli de de\u011fil zaten.<\/p>\n<p>Marksist edebiyat ele\u015ftirmeni Terry Eagleton&#8217;\u0131n,<i>&#8220;<em>Hani \u015fu me\u015fhur barda\u011f\u0131n yar\u0131s\u0131n\u0131 bo\u015f g\u00f6rd\u00fc\u011f\u00fc yetmiyormu\u015f gibi, di\u011fer yar\u0131s\u0131n\u0131n da tad\u0131 berbat bir \u015feyle dolu oldu\u011fundan neredeyse emin biri olarak, umut \u00fczerine yazmak i\u00e7in bi\u00e7ilmi\u015f kaftan de\u011filim muhtemelen&#8221;\u00a0<\/em><\/i><em>s\u00f6zleriyle ba\u015flad\u0131\u011f\u0131 &#8220;\u0130yimser Olmayan Umut&#8221; kitab\u0131nda ortaya koydu\u011fu gibi:\u00a0<\/em>\u0130yimserler de\u011fi\u015fimi gerekli g\u00f6rmezler \u00e7\u00fcnk\u00fc iyi bir gelece\u011fe duyduklar\u0131 (belki de bo\u015f \u00e7\u0131kacak olan) inan\u00e7, \u015fimdinin asl\u0131nda pek de k\u00f6t\u00fc olmad\u0131\u011f\u0131na dair duyduklar\u0131 g\u00fcvenden kaynaklan\u0131r. Bu nedenle de iyimserlik daha \u00e7ok hakim s\u0131n\u0131flar\u0131n ideolojilerinin tipik bir unsurudur. \u0130ktidarlar, bizi, her \u015feyin yolunda oldu\u011funa inand\u0131rmaya \u00e7al\u0131\u015fm\u0131yor mu? \u00c7\u00fcnk\u00fc iktidarlar\u0131n\u0131n sorgulanmadan devam etmesi, iyimserli\u011fin yayg\u0131n olmas\u0131na ba\u011fl\u0131. Bazen iyimserlikten s\u0131yr\u0131lmam\u0131z ve hatta umutsuzlu\u011fa kap\u0131lmam\u0131z, i\u00e7inde bulunulan durumu ger\u00e7ek\u00e7i olarak tahlil etmemizi sa\u011flar ve daha isyank\u00e2r bir tav\u0131r geli\u015ftirmemize yol a\u00e7ar. Bu ko\u015fullarda\u00a0<i>u<\/i><i>mut, yar\u0131s\u0131 bo\u015f barda\u011f\u0131n di\u011fer yar\u0131s\u0131n\u0131n da dolmas\u0131n\u0131n olanaklar\u0131n\u0131 ara\u015ft\u0131rmak, dahas\u0131 hangi ko\u015fullarda hangi oranda dolabilece\u011fi \u00fczerine d\u00fc\u015f\u00fcnmektir.(*)<\/i><\/p>\n<p>Bu d\u00fc\u015f\u00fcnme eylemi \u00f6tekilerle birlikte yap\u0131ld\u0131k\u00e7a; birlikte d\u00fc\u015f\u00fcnenler,berikileri de yanlar\u0131na al\u0131phayata kar\u0131\u015ft\u0131k\u00e7a; hayata kar\u0131\u015fanlar, hayatlar\u0131ndan umudu azaltanlara kar\u015f\u0131 \u00e7o\u011fald\u0131k\u00e7a, niceeyl\u00fcller gelip ge\u00e7er ama A\u015f\u0131k Veysel&#8217;in dedi\u011fi gibi ne de olsa k\u0131\u015f\u0131n sonu bahard\u0131r.<\/p>\n<p>***<\/p>\n<p>\u00c7evre ve ekoloji konular\u0131nda gerek \u00fclkemizde gerekse t\u00fcm yerk\u00fcrede ya\u015fananlara bakt\u0131\u011f\u0131m\u0131zda &#8220;winter is coming&#8221; diyoruz bu say\u0131m\u0131zda&#8230; Bir an \u00f6nce harekete ge\u00e7mez, sermayeye kar\u015f\u0131 radikal ve b\u00fct\u00fcnl\u00fckl\u00fc bir ekoloji m\u00fccadelesi \u00f6rmezsek, ba\u015f\u0131m\u0131za daha \u00e7ok \u00e7oraplar \u00f6r\u00fclece\u011fini anlatmaya \u00e7al\u0131\u015f\u0131yoruz dosyam\u0131zda. S\u0131cak g\u00fcndemimiz, her ge\u00e7en g\u00fcn farkl\u0131 bir y\u00f6ntemle bizlere dayat\u0131lan S\u00fcnni \u0130slamla\u015fma iken, Memleketin Ahvali&#8217;nde son \u00fc\u00e7 ayda toplumun tart\u0131\u015ft\u0131\u011f\u0131 konulara mercek tutuyoruz egemen medyaya inat alternatif bir bak\u0131\u015fla&#8230; Liselilerin, hele ki \u00fcniversite haz\u0131rl\u0131\u011f\u0131nda olanlar\u0131n stresleri, gelecek kayg\u0131lar\u0131, bu sistemi de\u011fi\u015ftirme arzular\u0131 yer al\u0131yor Liseler Bizimdir sayfam\u0131zda. Okuyoruz, anlamak ve de\u011fi\u015ftirmek i\u00e7in kader diye aln\u0131m\u0131za yaz\u0131lanlar\u0131; kah be\u011feniyor kah ele\u015ftiriyoruz ve kitap ele\u015ftirilerimizi sizlerle payla\u015f\u0131yoruz. Ge\u00e7mi\u015fimizden de \u00f6\u011freniyor, suyun bu denli k\u0131ymetli oldu\u011fu \u015fu g\u00fcnlerde derelerimizi daha yak\u0131ndan tan\u0131yoruz Argasdimizde&#8230;<\/p>\n<p>Karanl\u0131\u011f\u0131n erken \u00e7\u00f6kt\u00fc\u011f\u00fc \u015fu k\u0131\u015f d\u00f6neminde, uyan\u0131k g\u00f6zlerle \u015f\u00f6yle bir etrafa bakmak bile iyimserli\u011finizi al\u0131p g\u00f6t\u00fcrebilir ama unutmamal\u0131y\u0131z ki\u00a0<i>umut en son \u00f6l\u00fcr!(**)<\/i><\/p>\n<p><i>\u00a0<\/i><\/p>\n<p><i>(*) Melike Uzun, \u0130yimserli\u011fin Banalli\u011fi, Birg\u00fcn Kitap<\/i><\/p>\n<p><i>(**) Ya\u015far Ersoy&#8217;un bir kitab\u0131n\u0131n ismi<\/i><\/p>\n","protected":false},"excerpt":{"rendered":"<p>&nbsp; Argasdi dergimizin 48. say\u0131s\u0131n\u0131n okura sesleni\u015f yaz\u0131s\u0131&#8230; Pek de iyimser duyulmayan bu dizeler, Turgut Uyar&#8217;\u0131n mutsuzluktan s\u00f6z etti\u011fi, sevgisinin ac\u0131d\u0131\u011f\u0131 bir \u015fiirinden. \u0130yimser olmak<\/p>\n","protected":false},"author":3,"featured_media":5484,"comment_status":"open","ping_status":"open","sticky":false,"template":"","format":"standard","meta":{"jetpack_post_was_ever_published":false,"_jetpack_newsletter_access":"","_jetpack_newsletter_tier_id":0,"jetpack_publicize_message":"","jetpack_is_tweetstorm":false,"jetpack_publicize_feature_enabled":true,"jetpack_social_post_already_shared":true,"jetpack_social_options":{"image_generator_settings":{"template":"highway","enabled":false}}},"categories":[40,67,9,1,39],"tags":[],"jetpack_publicize_connections":[],"jetpack_featured_media_url":"https:\/\/baraka.cc\/wp-content\/uploads\/2017\/10\/Argasdi-Say\u0131-48-\u00d6n-ve-Arka-kapak-birlikte1.jpg","jetpack_shortlink":"https:\/\/wp.me\/p4eHWX-1qr","jetpack_sharing_enabled":true,"_links":{"self":[{"href":"https:\/\/baraka.cc\/index.php?rest_route=\/wp\/v2\/posts\/5483"}],"collection":[{"href":"https:\/\/baraka.cc\/index.php?rest_route=\/wp\/v2\/posts"}],"about":[{"href":"https:\/\/baraka.cc\/index.php?rest_route=\/wp\/v2\/types\/post"}],"author":[{"embeddable":true,"href":"https:\/\/baraka.cc\/index.php?rest_route=\/wp\/v2\/users\/3"}],"replies":[{"embeddable":true,"href":"https:\/\/baraka.cc\/index.php?rest_route=%2Fwp%2Fv2%2Fcomments&post=5483"}],"version-history":[{"count":1,"href":"https:\/\/baraka.cc\/index.php?rest_route=\/wp\/v2\/posts\/5483\/revisions"}],"predecessor-version":[{"id":5486,"href":"https:\/\/baraka.cc\/index.php?rest_route=\/wp\/v2\/posts\/5483\/revisions\/5486"}],"wp:featuredmedia":[{"embeddable":true,"href":"https:\/\/baraka.cc\/index.php?rest_route=\/wp\/v2\/media\/5484"}],"wp:attachment":[{"href":"https:\/\/baraka.cc\/index.php?rest_route=%2Fwp%2Fv2%2Fmedia&parent=5483"}],"wp:term":[{"taxonomy":"category","embeddable":true,"href":"https:\/\/baraka.cc\/index.php?rest_route=%2Fwp%2Fv2%2Fcategories&post=5483"},{"taxonomy":"post_tag","embeddable":true,"href":"https:\/\/baraka.cc\/index.php?rest_route=%2Fwp%2Fv2%2Ftags&post=5483"}],"curies":[{"name":"wp","href":"https:\/\/api.w.org\/{rel}","templated":true}]}}