{"id":5490,"date":"2017-10-23T12:15:41","date_gmt":"2017-10-23T10:15:41","guid":{"rendered":"https:\/\/baraka.cc\/?p=5490"},"modified":"2017-10-23T12:15:41","modified_gmt":"2017-10-23T10:15:41","slug":"barakada-ceyhan-ozyildiz-ile-soylesi-gecesi-duzenleniyor","status":"publish","type":"post","link":"https:\/\/baraka.cc\/?p=5490","title":{"rendered":"BARAKA\u2019DA CEYHAN \u00d6ZYILDIZ \u0130LE S\u00d6YLE\u015e\u0130 GECES\u0130 D\u00dcZENLEN\u0130YOR"},"content":{"rendered":"<p>25 Ekim \u00c7ar\u015famba ak\u015fam\u0131 saat 19.30\u2019da Baraka K\u00fclt\u00fcr Merkezi lokalinde K\u0131br\u0131sl\u0131 T\u00fcrk \u00f6yk\u00fc yazar\u0131 ve foto\u011fraf sanat\u00e7\u0131s\u0131 Ceyhan \u00d6zy\u0131ld\u0131z ile s\u00f6yle\u015fi etkinli\u011fi ger\u00e7ekle\u015ftirilecek.<\/p>\n<p>Yazar\u0131n Baraka K\u00fclt\u00fcr Merkezi Okuma \u2013 Tart\u0131\u015fma Grubu taraf\u0131ndan okunan \u201cYast\u0131k Alt\u0131 G\u00fclkurusu\u201d adl\u0131 \u00f6yk\u00fc kitab\u0131n\u0131n da konu\u015fulaca\u011f\u0131 bu k\u00fclt\u00fcr sanat ak\u015fam\u0131na t\u00fcm sanatseverler davetlidir.<\/p>\n","protected":false},"excerpt":{"rendered":"<p>25 Ekim \u00c7ar\u015famba ak\u015fam\u0131 saat 19.30\u2019da Baraka K\u00fclt\u00fcr Merkezi lokalinde K\u0131br\u0131sl\u0131 T\u00fcrk \u00f6yk\u00fc yazar\u0131 ve foto\u011fraf sanat\u00e7\u0131s\u0131 Ceyhan \u00d6zy\u0131ld\u0131z ile s\u00f6yle\u015fi etkinli\u011fi ger\u00e7ekle\u015ftirilecek. Yazar\u0131n Baraka<\/p>\n","protected":false},"author":4,"featured_media":5491,"comment_status":"open","ping_status":"open","sticky":false,"template":"","format":"standard","meta":{"jetpack_post_was_ever_published":false,"_jetpack_newsletter_access":"","_jetpack_newsletter_tier_id":0,"jetpack_publicize_message":"","jetpack_is_tweetstorm":false,"jetpack_publicize_feature_enabled":true,"jetpack_social_post_already_shared":true,"jetpack_social_options":{"image_generator_settings":{"template":"highway","enabled":false}}},"categories":[9,1],"tags":[],"jetpack_publicize_connections":[],"jetpack_featured_media_url":"https:\/\/baraka.cc\/wp-content\/uploads\/2017\/10\/22540213_1788794551130913_463949733199434418_n.jpg","jetpack_shortlink":"https:\/\/wp.me\/p4eHWX-1qy","jetpack_sharing_enabled":true,"_links":{"self":[{"href":"https:\/\/baraka.cc\/index.php?rest_route=\/wp\/v2\/posts\/5490"}],"collection":[{"href":"https:\/\/baraka.cc\/index.php?rest_route=\/wp\/v2\/posts"}],"about":[{"href":"https:\/\/baraka.cc\/index.php?rest_route=\/wp\/v2\/types\/post"}],"author":[{"embeddable":true,"href":"https:\/\/baraka.cc\/index.php?rest_route=\/wp\/v2\/users\/4"}],"replies":[{"embeddable":true,"href":"https:\/\/baraka.cc\/index.php?rest_route=%2Fwp%2Fv2%2Fcomments&post=5490"}],"version-history":[{"count":1,"href":"https:\/\/baraka.cc\/index.php?rest_route=\/wp\/v2\/posts\/5490\/revisions"}],"predecessor-version":[{"id":5492,"href":"https:\/\/baraka.cc\/index.php?rest_route=\/wp\/v2\/posts\/5490\/revisions\/5492"}],"wp:featuredmedia":[{"embeddable":true,"href":"https:\/\/baraka.cc\/index.php?rest_route=\/wp\/v2\/media\/5491"}],"wp:attachment":[{"href":"https:\/\/baraka.cc\/index.php?rest_route=%2Fwp%2Fv2%2Fmedia&parent=5490"}],"wp:term":[{"taxonomy":"category","embeddable":true,"href":"https:\/\/baraka.cc\/index.php?rest_route=%2Fwp%2Fv2%2Fcategories&post=5490"},{"taxonomy":"post_tag","embeddable":true,"href":"https:\/\/baraka.cc\/index.php?rest_route=%2Fwp%2Fv2%2Ftags&post=5490"}],"curies":[{"name":"wp","href":"https:\/\/api.w.org\/{rel}","templated":true}]}}