{"id":5494,"date":"2017-10-26T09:32:18","date_gmt":"2017-10-26T07:32:18","guid":{"rendered":"https:\/\/baraka.cc\/?p=5494"},"modified":"2017-10-26T09:32:18","modified_gmt":"2017-10-26T07:32:18","slug":"akp-kibrista-ne-yapmaya-calisiyor-mehmet-adaman","status":"publish","type":"post","link":"https:\/\/baraka.cc\/?p=5494","title":{"rendered":"AKP, K\u0131br\u0131s\u2019ta Ne Yapmaya \u00c7al\u0131\u015f\u0131yor? &#8211; Mehmet Adaman"},"content":{"rendered":"<p style=\"text-align: left;\" align=\"center\">Argasdi dergimizin 48. say\u0131s\u0131ndan g\u00fcndem yaz\u0131m\u0131z&#8230;<\/p>\n<p style=\"text-align: left;\" align=\"center\"><a href=\"https:\/\/baraka.cc\/wp-content\/uploads\/2017\/10\/20131203_354410.jpg\"><img decoding=\"async\" loading=\"lazy\" class=\"alignnone size-medium wp-image-5495\" alt=\"20131203_354410\" src=\"https:\/\/baraka.cc\/wp-content\/uploads\/2017\/10\/20131203_354410-300x170.jpg\" width=\"300\" height=\"170\" srcset=\"https:\/\/baraka.cc\/wp-content\/uploads\/2017\/10\/20131203_354410-300x170.jpg 300w, https:\/\/baraka.cc\/wp-content\/uploads\/2017\/10\/20131203_354410.jpg 660w\" sizes=\"(max-width: 300px) 100vw, 300px\" \/><\/a><\/p>\n<p style=\"text-align: left;\" align=\"center\">T\u00fcrkiye\u2019de Turgut \u00d6zal \u00f6nc\u00fcl\u00fc\u011f\u00fcnde 1980\u2019li y\u0131llarda T\u00fcrkiyeli halklara kar\u015f\u0131 ba\u015flayan neoliberal sald\u0131r\u0131 dalgas\u0131n\u0131n K\u0131br\u0131s\u2019a farkl\u0131 bir boyutuyla da olsa ula\u015fmas\u0131 \u00e7ok da ge\u00e7 olmam\u0131\u015ft\u0131. \u201cSiz \u00fcretim yapmay\u0131n, biz size istedi\u011finiz her \u015feyi g\u00f6ndeririz.\u201d diyen \u00d6zal, K\u0131br\u0131sl\u0131 T\u00fcrklerin, \u00fcretimden kopar\u0131larak, Ankara\u2019ya ba\u011f\u0131ml\u0131 asalak bir toplum haline d\u00f6n\u00fc\u015fmesi i\u00e7in ilk ad\u0131mlar\u0131 atmaya ba\u015fl\u0131yordu. \u00d6nce halk\u0131n a\u011fz\u0131n\u0131 kapatmak ad\u0131na K\u0131br\u0131s\u2019\u0131n kuzeyinde nispi (g\u00f6receli) bir refah sa\u011fland\u0131. Sonras\u0131nda fabrikalar ard\u0131 ard\u0131na kapat\u0131ld\u0131, bolca memur kadrosu da\u011f\u0131t\u0131ld\u0131. Sonu\u00e7ta Ankara\u2019n\u0131n istedi\u011fi oldu ve K\u0131br\u0131sl\u0131 T\u00fcrkler her y\u00f6n\u00fcyle Ankara\u2019ya ba\u011f\u0131ml\u0131 bir yap\u0131ya b\u00fcr\u00fcnd\u00fc ya da b\u00fcr\u00fcnd\u00fcr\u00fcld\u00fc. 2000\u2019lerin ba\u015f\u0131nda ise T\u00fcrkiye\u2019de gerici AKP\u2019nin iktidara gelmesinin ard\u0131ndan zaten \u00fcretimden kopar\u0131larak bir baca\u011f\u0131 kesilen K\u0131br\u0131sl\u0131 T\u00fcrklerin, bir di\u011fer baca\u011f\u0131 da hedef tahtas\u0131na konuldu. Peki neydi bu? Bu, K\u0131br\u0131sl\u0131 T\u00fcrklerin AKP\u2019ye g\u00f6re \u201cyetersiz\u201d olan m\u00fcsl\u00fcmanl\u0131\u011f\u0131yd\u0131. K\u0131br\u0131sl\u0131 T\u00fcrklerin dine bak\u0131\u015f\u0131 ve laik yap\u0131s\u0131 AKP iktidar\u0131n\u0131 fazlas\u0131yla rahats\u0131z etti.<\/p>\n<p><b>AKP\u2019nin K\u0131br\u0131s\u2019taki Niyeti Ne?<\/b><\/p>\n<p>AKP, zaten her d\u00f6nemde Ankara\u2019ya u\u015fakl\u0131k eden kktc partilerinden kendisine i\u015fbirlik\u00e7iler bulmakta \u00e7ok da zorlanmad\u0131. K\u0131br\u0131sl\u0131 T\u00fcrkler, eskiden K\u0131br\u0131s\u2019ta az da olsa g\u00f6r\u00fclen ve K\u0131br\u0131s\u2019taki milliyet\u00e7ili\u011fin beslenmesi i\u00e7in kullan\u0131lan Kuran kurslar\u0131n\u0131n art\u0131k neredeyse her yerde ve bu kez daha farkl\u0131 bir ama\u00e7la; dindar bir nesil yeti\u015ftirmek maksad\u0131yla ba\u015flad\u0131\u011f\u0131na \u015fahit oldu. D\u00f6nemin Ba\u015fbakan\u0131 ve CTP Genel Ba\u015fkan\u0131 Ferdi Sabit Soyer\u2019in, Kuran kurslar\u0131yla ilgili yap\u0131lan ve K\u0131br\u0131sl\u0131 T\u00fcrklerin laik yap\u0131s\u0131n\u0131n AKP taraf\u0131ndan planl\u0131 bir \u015fekilde bozulmaya \u00e7al\u0131\u015f\u0131ld\u0131\u011f\u0131 y\u00f6n\u00fcndeki ele\u015ftirilere \u201cHa Kuran kursu, ha tenis kursu&#8230;\u201d diye cevap verdi\u011fini ve bunun \u00e7ok da \u00f6nemli bir konu olmad\u0131\u011f\u0131n\u0131 ima etti\u011fini daha d\u00fcn gibi hat\u0131rl\u0131yoruz. Bug\u00fcne bakt\u0131\u011f\u0131m\u0131zda, konunun Soyer\u2019in lanse etmeye \u00e7al\u0131\u015ft\u0131\u011f\u0131 gibi basit bir konu olmad\u0131\u011f\u0131n\u0131 art\u0131k \u00e7ok net g\u00f6rebiliriz. Zaman i\u00e7erisinde a\u015famal\u0131 olarak yasa d\u0131\u015f\u0131 Kuran kurslar\u0131 art\u0131r\u0131ld\u0131. \u0130nsanlar\u0131n inand\u0131klar\u0131 dini \u00e7ocuklar\u0131na \u00f6\u011fretmek istemesi elbette ki normal say\u0131labilir ancak AKP\u2019nin K\u0131br\u0131s\u2019taki niyetinin ne oldu\u011fu d\u00fc\u015f\u00fcn\u00fcld\u00fc\u011f\u00fcnde, \u00fclkemizdeki Kuran kurslar\u0131n\u0131n pek de b\u00f6yle masumane olmad\u0131\u011f\u0131n\u0131 g\u00f6rmek zorunday\u0131z. K\u0131br\u0131sl\u0131 T\u00fcrkleri S\u00fcnni \u0130slamla\u015ft\u0131rma politikas\u0131 K\u0131br\u0131s\u2019\u0131n kuzeyinde h\u0131zla yay\u0131l\u0131yordu. Yine CTP d\u00f6neminde Hala Sultan \u0130lahiyat Koleji a\u00e7\u0131ld\u0131. \u0130lahiyat Koleji\u2019nin, E\u011fitim Bakan\u0131 \u00d6zdemir Berova\u2019n\u0131n da kat\u0131ld\u0131\u011f\u0131 bu y\u0131lki mezuniyet t\u00f6reninde bir \u00f6\u011frencinin yapt\u0131\u011f\u0131 ve K\u0131br\u0131sl\u0131 T\u00fcrklerin yeterince m\u00fcsl\u00fcman olmay\u0131\u015f\u0131ndan dem vuran, K\u0131br\u0131sl\u0131 T\u00fcrklerin laik ve din ile mesafeli ya\u015fam tarzlar\u0131ndan \u015fikayet eden, Osmanl\u0131c\u0131l\u0131k vurgusu yapan ve nefret diline varan konu\u015fmas\u0131, s\u00f6z konusu okulun \u00fclkemizdeki misyonunu bir kez daha g\u00f6zler \u00f6n\u00fcnde serdi.<\/p>\n<p>Bug\u00fcn art\u0131k k\u0131z ve erkekler ayr\u0131 \u015fekilde T\u00fcrkiye\u2019ye \u201cgeziye\u201d g\u00f6nderilen ve beyinleri dini hurafelerle y\u0131kanmaya \u00e7al\u0131\u015f\u0131lan \u00e7ocuklar\u0131m\u0131z\u0131, T\u00fcrkiye\u2019de de\u011fi\u015fen ve gittik\u00e7e de gericile\u015fen e\u011fitim m\u00fcfredat\u0131n\u0131n K\u0131br\u0131s\u2019ta da uygulanmaya ba\u015flad\u0131\u011f\u0131n\u0131 konu\u015fuyoruz. Ge\u00e7ti\u011fimiz yaz g\u00fcndeme gelen \u201cKoordinasyon Ofisi\u201d anla\u015fmas\u0131 da bu plan\u0131n \u00f6nemli par\u00e7alar\u0131ndan biriydi. AKP, K\u0131br\u0131s\u2019taki gen\u00e7li\u011fi kontrol alt\u0131na almak ve kendi istedi\u011fi do\u011frultuda de\u011fi\u015ftirmek i\u00e7in yerli i\u015fbirlik\u00e7ileri de kullanarak amac\u0131na ula\u015fmaya \u00e7al\u0131\u015fmaktad\u0131r. Koordinasyon Ofisi\u2019ne kar\u015f\u0131 \u00f6zellikle gen\u00e7lerin verdikleri m\u00fccadele, K\u0131br\u0131sl\u0131 T\u00fcrklerin AKP\u2019nin muhafazakarla\u015ft\u0131rma dayatmas\u0131na kolay kolay boyun e\u011fmeyeceklerini de ortaya \u00e7\u0131kar\u0131r.<\/p>\n<p>Ge\u00e7ti\u011fimiz aylarda g\u00fcndeme gelen Din \u0130\u015fleri Dairesi De\u011fi\u015fiklik Yasa \u00d6nerisi\u2019nin de AKP\u2019nin K\u0131br\u0131s\u2019taki halklar\u0131 muhafazakarla\u015ft\u0131rma projesinin bir par\u00e7as\u0131 oldu\u011funu bir kez daha vurgulamakta yarar g\u00f6r\u00fcyoruz. S\u00f6z konusu yasa \u00f6nerisiyle, e\u011fitim, sa\u011fl\u0131k, sosyal hizmetler, kad\u0131n s\u0131\u011f\u0131nma evi gibi alanlardaki eksikliklere ra\u011fmen Din \u0130\u015fleri Dairesi personelinin say\u0131s\u0131n\u0131n 67\u2019den 346\u2019ya \u00e7\u0131kar\u0131lmak istenmesi, ger\u00e7ek amac\u0131n ne oldu\u011funu g\u00f6steriyor. Ayr\u0131ca bu yasa \u00f6nerisiyle \u015fu an yasa d\u0131\u015f\u0131 durumundaki Kuran kurslar\u0131n\u0131n da yasalla\u015fmas\u0131 hedeflenmektedir. Mecliste onaylanan yasay\u0131 Anayasa Mahkemesi\u2019ne g\u00f6ndermek yerine Meclise iade eden ve y\u00fcr\u00fcrl\u00fc\u011fe girmesinin \u00f6n\u00fcn\u00fc a\u00e7an Cumhurba\u015fkan\u0131 Ak\u0131nc\u0131, bu anlamda halkta ciddi bir hayal k\u0131r\u0131kl\u0131\u011f\u0131 yaratm\u0131\u015ft\u0131r.<\/p>\n<p>AKP\u2019nin K\u0131br\u0131s\u2019ta dindar bir nesil yeti\u015ftirme projesinin en \u00f6nemli unsurlar\u0131ndan biri de ku\u015fkusuz ki \u0130lahiyat Koleji yan\u0131nda di\u011fer kamusal e\u011fitim kurumlar\u0131d\u0131r. Muhafazarkarl\u0131\u011f\u0131 daha kolay yaymak i\u00e7in, e\u011fitim, sa\u011fl\u0131k, turizm ve daha bir\u00e7ok alanda kendi sermayesini adaya ta\u015f\u0131yan AKP\u2019nin Atat\u00fcrk \u00d6\u011fretmen Akademisi\u2019nin kendi gerici sermayesine pe\u015fke\u015f \u00e7ekilmesini arzu etmesi, K\u0131br\u0131sl\u0131 T\u00fcrkleri gericile\u015ftirme plan\u0131n\u0131n \u00f6nemli hamlelerinden biri olarak g\u00f6r\u00fclebilir. \u00c7\u00fcnk\u00fc okullardaki \u00f6\u011frencilerin beyinlerinin y\u0131kanmas\u0131 i\u00e7in, \u00f6nce onlara e\u011fitim verecek olan e\u011fitimcilerin bilimden uzakla\u015ft\u0131r\u0131lmas\u0131 gerekir. Bu sebeple A\u00d6A\u2019n\u0131n \u015fu anki yap\u0131s\u0131, bu plan i\u00e7in uygun de\u011fildir. AKP\u2019nin buradaki en b\u00fcy\u00fck hedeflerinden biri de \u00f6\u011fretmen kadrolar\u0131na kendi istedi\u011fi gibi bir \u015fekil vermektir. Yobaz bir nesil yaratmak i\u00e7in bu onlar\u0131n a\u00e7\u0131s\u0131ndan olmazsa olmazd\u0131r.<\/p>\n<p><a href=\"https:\/\/baraka.cc\/wp-content\/uploads\/2017\/10\/2-bin-ogrenciye-kuran-kursu-2012-07-07_m.jpg\"><img decoding=\"async\" loading=\"lazy\" class=\"alignnone size-medium wp-image-5496\" alt=\"2-bin-ogrenciye-kuran-kursu-2012-07-07_m\" src=\"https:\/\/baraka.cc\/wp-content\/uploads\/2017\/10\/2-bin-ogrenciye-kuran-kursu-2012-07-07_m-300x209.jpg\" width=\"300\" height=\"209\" srcset=\"https:\/\/baraka.cc\/wp-content\/uploads\/2017\/10\/2-bin-ogrenciye-kuran-kursu-2012-07-07_m-300x209.jpg 300w, https:\/\/baraka.cc\/wp-content\/uploads\/2017\/10\/2-bin-ogrenciye-kuran-kursu-2012-07-07_m.jpg 430w\" sizes=\"(max-width: 300px) 100vw, 300px\" \/><\/a><\/p>\n<p><b>Peki Biz Ne Yapmal\u0131y\u0131z?<\/b><\/p>\n<p>\u00d6nceleri yeterince T\u00fcrk g\u00f6r\u00fclmeyen, \u015fimdi de S\u00fcnni \u0130slamla\u015ft\u0131rma politikalar\u0131yla y\u00fcz y\u00fcze kalan bizlerin bu ablukadan kurtulmak i\u00e7in direnmekten ba\u015fka \u00e7aremiz yoktur. K\u0131br\u0131s\u2019\u0131n kuzeyinde anti laik ve muhafazakar bir toplumun yarat\u0131lmas\u0131n\u0131 engellemek i\u00e7in AKP gericili\u011fiyle ve onun buradaki yerli i\u015fbirlik\u00e7i h\u00fck\u00fcmetleriyle var g\u00fcc\u00fcm\u00fczle m\u00fccadele etmek zorunday\u0131z. K\u0131br\u0131sl\u0131-T\u00fcrkiyeli ayr\u0131m\u0131 yapmadan, gelece\u011fini bu adada g\u00f6ren herkesle birlikte bu m\u00fccadelenin verilmesi gerekmektedir. Unutulmamal\u0131d\u0131r ki kad\u0131n\u0131 ezilmesi gereken bir meta olarak g\u00f6ren, bilim d\u0131\u015f\u0131 hurafelerle dolu, insana sayg\u0131s\u0131 olmayan bu anlay\u0131\u015ftan bu \u00fclkede en az K\u0131br\u0131sl\u0131 T\u00fcrkler kadar, g\u00f6\u00e7menler de zarar g\u00f6rmektedir ve g\u00f6recektir. K\u0131br\u0131sl\u0131 T\u00fcrkler kendilerine giydirilmek istenen bu S\u00fcnni \u0130slam g\u00f6mle\u011fini hi\u00e7bir zaman kabul etmeyecektir. \u00c7\u00fcnk\u00fc AKP\u2019nin plan\u0131, bizleri dinle boyun e\u011fdirerek, elimizde az da kalsa kendimize ait kurumlar\u0131m\u0131z\u0131 ve de\u011ferlerimizi; el de\u011fmemi\u015f do\u011fal g\u00fczelliklerimizi, kendi yanda\u015f sermayesine pe\u015fke\u015f \u00e7ekecektir. \u0130\u015fte bu nedenle, kendimizi ama en \u00f6nemlisi de gelece\u011fimiz olan \u00e7ocuklar\u0131m\u0131z\u0131 AKP\u2019nin neoliberal muhafazakarla\u015ft\u0131rma politikas\u0131ndan kurtarmak zorunday\u0131z.<\/p>\n","protected":false},"excerpt":{"rendered":"<p>Argasdi dergimizin 48. say\u0131s\u0131ndan g\u00fcndem yaz\u0131m\u0131z&#8230; T\u00fcrkiye\u2019de Turgut \u00d6zal \u00f6nc\u00fcl\u00fc\u011f\u00fcnde 1980\u2019li y\u0131llarda T\u00fcrkiyeli halklara kar\u015f\u0131 ba\u015flayan neoliberal sald\u0131r\u0131 dalgas\u0131n\u0131n K\u0131br\u0131s\u2019a farkl\u0131 bir boyutuyla da olsa<\/p>\n","protected":false},"author":3,"featured_media":5495,"comment_status":"open","ping_status":"open","sticky":false,"template":"","format":"standard","meta":{"jetpack_post_was_ever_published":false,"_jetpack_newsletter_access":"","_jetpack_newsletter_tier_id":0,"jetpack_publicize_message":"","jetpack_is_tweetstorm":false,"jetpack_publicize_feature_enabled":true,"jetpack_social_post_already_shared":true,"jetpack_social_options":{"image_generator_settings":{"template":"highway","enabled":false}}},"categories":[40,67,38,9,42,1,39],"tags":[],"jetpack_publicize_connections":[],"jetpack_featured_media_url":"https:\/\/baraka.cc\/wp-content\/uploads\/2017\/10\/20131203_354410.jpg","jetpack_shortlink":"https:\/\/wp.me\/p4eHWX-1qC","jetpack_sharing_enabled":true,"_links":{"self":[{"href":"https:\/\/baraka.cc\/index.php?rest_route=\/wp\/v2\/posts\/5494"}],"collection":[{"href":"https:\/\/baraka.cc\/index.php?rest_route=\/wp\/v2\/posts"}],"about":[{"href":"https:\/\/baraka.cc\/index.php?rest_route=\/wp\/v2\/types\/post"}],"author":[{"embeddable":true,"href":"https:\/\/baraka.cc\/index.php?rest_route=\/wp\/v2\/users\/3"}],"replies":[{"embeddable":true,"href":"https:\/\/baraka.cc\/index.php?rest_route=%2Fwp%2Fv2%2Fcomments&post=5494"}],"version-history":[{"count":1,"href":"https:\/\/baraka.cc\/index.php?rest_route=\/wp\/v2\/posts\/5494\/revisions"}],"predecessor-version":[{"id":5497,"href":"https:\/\/baraka.cc\/index.php?rest_route=\/wp\/v2\/posts\/5494\/revisions\/5497"}],"wp:featuredmedia":[{"embeddable":true,"href":"https:\/\/baraka.cc\/index.php?rest_route=\/wp\/v2\/media\/5495"}],"wp:attachment":[{"href":"https:\/\/baraka.cc\/index.php?rest_route=%2Fwp%2Fv2%2Fmedia&parent=5494"}],"wp:term":[{"taxonomy":"category","embeddable":true,"href":"https:\/\/baraka.cc\/index.php?rest_route=%2Fwp%2Fv2%2Fcategories&post=5494"},{"taxonomy":"post_tag","embeddable":true,"href":"https:\/\/baraka.cc\/index.php?rest_route=%2Fwp%2Fv2%2Ftags&post=5494"}],"curies":[{"name":"wp","href":"https:\/\/api.w.org\/{rel}","templated":true}]}}