{"id":5501,"date":"2017-10-31T10:39:28","date_gmt":"2017-10-31T08:39:28","guid":{"rendered":"https:\/\/baraka.cc\/?p=5501"},"modified":"2017-10-31T10:41:38","modified_gmt":"2017-10-31T08:41:38","slug":"memleketin-ahvali-kamil-ipciler-2","status":"publish","type":"post","link":"https:\/\/baraka.cc\/?p=5501","title":{"rendered":"Memleketin Ahvali &#8211; Kamil \u0130p\u00e7iler"},"content":{"rendered":"<p><strong><em>Mizahi bir dille son \u00fc\u00e7 ay\u0131n g\u00fcndemini hat\u0131rlamak isteyenlere,\u00a0Argasdi dergimizin 48. say\u0131s\u0131ndan &#8220;Memleketin Ahvali&#8221;<\/em><\/strong><\/p>\n<p><a href=\"https:\/\/baraka.cc\/wp-content\/uploads\/2017\/10\/Guterres-Geldi-de-o\u0308rgu\u0308tlenmenin-zaman\u0131-gec\u0327iyor-bile.png\"><img decoding=\"async\" loading=\"lazy\" class=\"alignnone size-medium wp-image-5503\" alt=\"Guterres Geldi de o\u0308rgu\u0308tlenmenin zaman\u0131 gec\u0327iyor bile\" src=\"https:\/\/baraka.cc\/wp-content\/uploads\/2017\/10\/Guterres-Geldi-de-o\u0308rgu\u0308tlenmenin-zaman\u0131-gec\u0327iyor-bile-300x144.png\" width=\"300\" height=\"144\" srcset=\"https:\/\/baraka.cc\/wp-content\/uploads\/2017\/10\/Guterres-Geldi-de-o\u0308rgu\u0308tlenmenin-zaman\u0131-gec\u0327iyor-bile-300x144.png 300w, https:\/\/baraka.cc\/wp-content\/uploads\/2017\/10\/Guterres-Geldi-de-o\u0308rgu\u0308tlenmenin-zaman\u0131-gec\u0327iyor-bile-1024x494.png 1024w, https:\/\/baraka.cc\/wp-content\/uploads\/2017\/10\/Guterres-Geldi-de-o\u0308rgu\u0308tlenmenin-zaman\u0131-gec\u0327iyor-bile.png 1120w\" sizes=\"(max-width: 300px) 100vw, 300px\" \/><\/a><\/p>\n<p><b>Guterres Geldi de, \u00d6rg\u00fctlenmenin Zaman\u0131 Ge\u00e7iyor Bile!<\/b><\/p>\n<p>Bizimkilere New York\u2019ta bildirilen bir kararla yeniden h\u0131zland\u0131r\u0131lan K\u0131br\u0131s sorununun \u201cb\u00fct\u00fcnl\u00fckl\u00fc\u201d \u00e7\u00f6z\u00fcm\u00fcne dair m\u00fczakere s\u00fcreci, belirli merkezlerden fonlanm\u0131\u015f baz\u0131 \u201csivil toplum \u00f6rg\u00fctleri\u201d ve medya ba\u015fta olmak \u00fczere yarat\u0131lan \u201cbu sefer \u00e7ok yak\u0131n\u0131z\u201d alg\u0131s\u0131na ra\u011fmen yine suya d\u00fc\u015ft\u00fc. K\u0131br\u0131sl\u0131 T\u00fcrk halk\u0131n\u0131n s\u00fcrece, bu kez daha so\u011fukkanl\u0131 ve sorgulay\u0131c\u0131 yakla\u015ft\u0131\u011f\u0131, g\u00fcndelik sorunlar\u0131ndan kop(a)mad\u0131\u011f\u0131 ve \u00f6nceki s\u00fcre\u00e7lerin sonras\u0131nda ya\u015fanan hayal k\u0131r\u0131kl\u0131\u011f\u0131 ile \u00fcmitsizlik ortam\u0131n\u0131n bu sayede bir nebze daha az ya\u015fand\u0131\u011f\u0131 g\u00f6r\u00fcld\u00fc. Ne \u0130svi\u00e7re\u2019de bulunan bas\u0131n emek\u00e7ilerimizin ne de \u0130svi\u00e7re\u2019deki siyasi parti temsilcilerinin elle tutulur hi\u00e7bir geli\u015fme aktaramad\u0131\u011f\u0131 s\u00fcrece, halklar\u0131n ilgisini \u00e7ekebilmek ad\u0131na ciddi \u00e7aba g\u00f6sterildi\u011fi bir ger\u00e7ek. \u00d6yle ki, yeterli ilgi g\u00f6r\u00fclmedi\u011fi zaman \u201cGuterres gelirse bu i\u015f \u00e7\u00f6z\u00fcl\u00fcr\u201d balonu \u015fi\u015firildi. \u201cGuterres geldi geliyor\u201d diyerek hop oturuldu, hop kalk\u0131ld\u0131. Portekizli\u2019nin, memleketlisi Ronaldo kadar yetenekli olmad\u0131\u011f\u0131n\u0131n anla\u015f\u0131lmas\u0131yla o i\u015f de fos \u00e7\u0131kt\u0131.<\/p>\n<p>Liderlerin ve garant\u00f6r devletlerin bu kez kesin bir \u00e7\u00f6z\u00fcme zorland\u0131\u011f\u0131, Crans Montana ile \u00e7\u00f6z\u00fcme \u00e7ok yakla\u015f\u0131ld\u0131\u011f\u0131 hikayeleri aras\u0131nda, bir ba\u015fka \u0130svi\u00e7re kasabas\u0131ndan da \u201cbar\u0131\u015f\u201d \u00e7\u0131kmad\u0131. Ancak en \u00fcz\u00fcc\u00fc olan\u0131 ise neredeyse bir ay boyunca \u00fclkemizin \u201csol partileri\u201d m\u00fczakere s\u00fcreci haricinde herhangi bir konuyla ilgili bas\u0131na a\u00e7\u0131klama dahi servis etmedi. Oysa YDP gibi fa\u015fist ideolojiden yap\u0131lar, bu s\u00fcrede kamusal sa\u011fl\u0131k hakk\u0131 gibi halk\u0131n sorunlar\u0131na e\u011filen a\u00e7\u0131klamalar yapt\u0131. Gericiler de m\u00fczakere s\u00fcreci devam ediyor diyerek frene basmad\u0131; gen\u00e7lerimizi yurtd\u0131\u015f\u0131nda d\u00fczenledi\u011fi gerici kamplara g\u00f6t\u00fcrerek \u201ce\u011fitmeye\u201d \u00e7al\u0131\u015ft\u0131, Din \u0130\u015fleri Dairesi Yasas\u0131 ile ciddi bir at\u0131l\u0131m yapt\u0131. K\u0131br\u0131s\u2019\u0131n gelece\u011finin nas\u0131l \u015fekillenece\u011fi, hangi talebin arkas\u0131nda ne kadar ki\u015finin \u00f6rg\u00fctlenmi\u015f olaca\u011f\u0131na ba\u011fl\u0131. \u0130ster \u201cb\u00fcy\u00fck\u201d, ister \u201ck\u00fc\u00e7\u00fck\u201d \u00f6l\u00e7ekte taleplerimizi \u00f6rg\u00fctlemenin yolunun g\u00fcndelik hayata dair \u00e7abalarla m\u00fcmk\u00fcn oldu\u011funu, bir yurdumun \u201cbar\u0131\u015f bekleyenleri\u201d anlamad\u0131 da ba\u015fka herkes anlad\u0131.<\/p>\n<p>&nbsp;<\/p>\n<p><a href=\"https:\/\/baraka.cc\/wp-content\/uploads\/2017\/10\/1-Eylu\u0308l-tatile-denk-geldi.jpg\"><img decoding=\"async\" loading=\"lazy\" class=\"alignnone size-medium wp-image-5506\" alt=\"1 Eylu\u0308l tatile denk geldi\" src=\"https:\/\/baraka.cc\/wp-content\/uploads\/2017\/10\/1-Eylu\u0308l-tatile-denk-geldi-300x275.jpg\" width=\"300\" height=\"275\" srcset=\"https:\/\/baraka.cc\/wp-content\/uploads\/2017\/10\/1-Eylu\u0308l-tatile-denk-geldi-300x275.jpg 300w, https:\/\/baraka.cc\/wp-content\/uploads\/2017\/10\/1-Eylu\u0308l-tatile-denk-geldi-1024x941.jpg 1024w, https:\/\/baraka.cc\/wp-content\/uploads\/2017\/10\/1-Eylu\u0308l-tatile-denk-geldi.jpg 1461w\" sizes=\"(max-width: 300px) 100vw, 300px\" \/><\/a><\/p>\n<p><b>Halk\u0131n Sorunlar\u0131n\u0131n \u201c\u00c7\u00f6z\u00fcmden Sonraya\u201d Kald\u0131\u011f\u0131 \u00dclkede, Bar\u0131\u015f G\u00fcn\u00fc de \u201cTatilden Sonraya\u201d Kald\u0131<\/b><\/p>\n<p>Ge\u00e7ti\u011fimiz say\u0131 bu sayfada \u201cbar\u0131\u015f m\u00fccadelesinin m\u00fczakere masas\u0131n\u0131n temposuna g\u00f6re ayarlanmas\u0131n\u0131\u201d ele\u015ftirmi\u015ftik. 1 Eyl\u00fcl D\u00fcnya Bar\u0131\u015f G\u00fcn\u00fc\u2019nde ise, bar\u0131\u015f m\u00fccadelesinin tatil plan\u0131na g\u00f6re ayarland\u0131\u011f\u0131 bir durum ortaya \u00e7\u0131kt\u0131. Bar\u0131\u015fa susam\u0131\u015f bir adada her y\u0131l eylemlerle kutlad\u0131\u011f\u0131m\u0131z 1 Eyl\u00fcl, bu y\u0131l dini bir bayram\u0131n birinci g\u00fcn\u00fcne denk gelince, eylem \u00e7a\u011fr\u0131s\u0131 yerine, bas\u0131n toplant\u0131s\u0131 ile ge\u00e7i\u015ftirildi. Bar\u0131\u015f\u0131n m\u00fczakere masas\u0131nda \u00f6ne \u00e7\u0131kan konulardan ibaretmi\u015f gibi g\u00f6sterildi\u011fi, m\u00fczakere masas\u0131n\u0131n da \u00e7\u00f6kt\u00fc\u011f\u00fc \u015fu g\u00fcnlerde, bar\u0131\u015f g\u00fcn\u00fcnde her y\u0131l oldu\u011fu gibi sokakta olmak hayati \u00f6neme sahipti. Baraka ve Ba\u011f\u0131ms\u0131zl\u0131k Yolu 1 Eyl\u00fcl\u2019de meydan\u0131 bo\u015f b\u0131rakmad\u0131, \u201cNe tatil ne bayram, bar\u0131\u015f i\u00e7in her zaman\u201d diye hayk\u0131rarak \u00f6nerileriyle birlikte soka\u011fa \u00e7\u0131kt\u0131.<\/p>\n<p>&nbsp;<\/p>\n<p><a href=\"https:\/\/baraka.cc\/wp-content\/uploads\/2017\/10\/Bir-Aile-Daha-Soyad\u0131n\u0131n-Bedelini-O\u0308dedi-Korahan-Ailesi.png\"><img decoding=\"async\" loading=\"lazy\" class=\"alignnone size-medium wp-image-5507\" alt=\"Bir Aile Daha Soyad\u0131n\u0131n Bedelini O\u0308dedi Korahan Ailesi\" src=\"https:\/\/baraka.cc\/wp-content\/uploads\/2017\/10\/Bir-Aile-Daha-Soyad\u0131n\u0131n-Bedelini-O\u0308dedi-Korahan-Ailesi-300x187.png\" width=\"300\" height=\"187\" srcset=\"https:\/\/baraka.cc\/wp-content\/uploads\/2017\/10\/Bir-Aile-Daha-Soyad\u0131n\u0131n-Bedelini-O\u0308dedi-Korahan-Ailesi-300x187.png 300w, https:\/\/baraka.cc\/wp-content\/uploads\/2017\/10\/Bir-Aile-Daha-Soyad\u0131n\u0131n-Bedelini-O\u0308dedi-Korahan-Ailesi-1024x640.png 1024w, https:\/\/baraka.cc\/wp-content\/uploads\/2017\/10\/Bir-Aile-Daha-Soyad\u0131n\u0131n-Bedelini-O\u0308dedi-Korahan-Ailesi.png 1280w\" sizes=\"(max-width: 300px) 100vw, 300px\" \/><\/a><\/p>\n<p><b>Bir Aile Daha Soyad\u0131n\u0131n Bedelini \u00d6dedi (!)<\/b><\/p>\n<p>\u00dclkede g\u00fcn ge\u00e7miyor ki \u201cyasal ama etik olmayan\u201d durumlar ya\u015fanmas\u0131n. Say\u0131\u015ftay Ba\u015fkan\u0131, Osman Korahan\u2019\u0131n karde\u015finin Bay\u0131nd\u0131rl\u0131k ve Ula\u015ft\u0131rma Bakanl\u0131\u011f\u0131 \u00f6zel kalem m\u00fcd\u00fcrl\u00fc\u011f\u00fcnden, istifa etmesi \u00fczerine bu kez de Korahan\u2019\u0131n e\u015finin ayn\u0131 makama atanmak istemesi, \u201cpartililere\u201d yap\u0131lan k\u0131yaklar\u0131 bir kez daha g\u00fcn y\u00fcz\u00fcne \u00e7\u0131kard\u0131. Bir ki\u015fi Say\u0131\u015ftay Ba\u015fkan\u0131, karde\u015fi de bir bakanl\u0131\u011fa \u00f6zel kalem m\u00fcd\u00fcr\u00fc atanm\u0131\u015f olabilir. Ancak karde\u015finden sonra \u00f6zel kalem m\u00fcd\u00fcrl\u00fc\u011f\u00fcne e\u015finin atanmas\u0131 i\u00e7in \u201cricada bulunmas\u0131\u201d, h\u00fck\u00fcmetin ise istedi\u011fini seve seve vermesi, halk\u0131n vergileri ile olu\u015fturulan devlet b\u00fct\u00e7esinin, halk\u0131n genelinin ya\u015fam standartlar\u0131n\u0131 y\u00fckseltmek i\u00e7in de\u011fil, belirli aileleri bolluk i\u00e7inde ya\u015fatmak ad\u0131na kullan\u0131ld\u0131\u011f\u0131n\u0131 y\u00fcz\u00fcm\u00fcze vurdu. D\u00fcr\u00fcst\u2019\u00fcn \u201cBu atamalar bizim devlet gelene\u011fimizdir\u201d \u015feklinde konu\u015fmas\u0131 zaten her \u015feyi a\u00e7\u0131klad\u0131. Soyad\u0131n\u0131n bedelini \u00f6deyen aileler aras\u0131na bir yenisi daha eklendi&#8230;<\/p>\n<p>&nbsp;<\/p>\n<p><a href=\"https:\/\/baraka.cc\/wp-content\/uploads\/2017\/10\/So\u0308mu\u0308ru\u0308-artt\u0131kc\u0327a-kazalar-da-art\u0131yor.png\"><img decoding=\"async\" loading=\"lazy\" class=\"alignnone size-medium wp-image-5508\" alt=\"So\u0308mu\u0308ru\u0308 artt\u0131kc\u0327a kazalar da art\u0131yor\" src=\"https:\/\/baraka.cc\/wp-content\/uploads\/2017\/10\/So\u0308mu\u0308ru\u0308-artt\u0131kc\u0327a-kazalar-da-art\u0131yor-300x250.png\" width=\"300\" height=\"250\" srcset=\"https:\/\/baraka.cc\/wp-content\/uploads\/2017\/10\/So\u0308mu\u0308ru\u0308-artt\u0131kc\u0327a-kazalar-da-art\u0131yor-300x250.png 300w, https:\/\/baraka.cc\/wp-content\/uploads\/2017\/10\/So\u0308mu\u0308ru\u0308-artt\u0131kc\u0327a-kazalar-da-art\u0131yor.png 831w\" sizes=\"(max-width: 300px) 100vw, 300px\" \/><\/a><\/p>\n<p><b>S\u00f6m\u00fcr\u00fc Artt\u0131k\u00e7a \u201cKazalar\u201d da Art\u0131yor<\/b><\/p>\n<p>\u00d6zel sekt\u00f6rde g\u00fcvencesiz ko\u015fullar ve uzun \u00e7al\u0131\u015fma saatlerine ba\u011fl\u0131 s\u00f6m\u00fcr\u00fc g\u00fcnden g\u00fcne art\u0131yor. Nedenleri bilinen ve ya\u015fanaca\u011f\u0131 \u00f6ng\u00f6r\u00fclebilen fakat bizim \u201ckaza\u201d demeye devam etti\u011fimiz yaralanma ve \u00f6l\u00fcmler de haliyle daha \u00e7ok ya\u015fan\u0131yor&#8230; \u0130ki y\u0131l \u00f6nce y\u00fczde 50 art\u0131\u015f g\u00f6stererek iki kat\u0131na \u00e7\u0131kan i\u015f kazalar\u0131, her ay ya\u015fanmaya ba\u015flam\u0131\u015ft\u0131. Gelinen son noktada ise her hafta bir i\u015f kazas\u0131, hatta 2 saat i\u00e7erisinde 2 i\u015f kazas\u0131 haberi alabiliyoruz.<\/p>\n<p>Paket servis\u00e7ilerin h\u0131zl\u0131 ve dikkatsiz s\u00fcr\u00fc\u015fleri trafikte meydana gelen \u201ckazalar\u0131n\u201d birincil nedeni olarak g\u00f6steriliyor. Halat kullan\u0131lmamas\u0131 da in\u015faat sekt\u00f6r\u00fcnde d\u00fc\u015fmeye ba\u011fl\u0131 ya\u015fanan \u201ckazalar\u0131n\u201d&#8230; Peki neden paket\u00e7iler h\u0131zl\u0131 s\u00fcr\u00fcyor, neden halat gibi basit g\u00f6r\u00fcnen bir \u00f6nlem dahi al\u0131nm\u0131yor?<\/p>\n<p>\u0130n\u015faat ve paket servis gibi alanlarda ya\u015fanan s\u00f6m\u00fcr\u00fc, kazalar ile bir nebze g\u00f6r\u00fcn\u00fcr hale gelirken, di\u011fer bir\u00e7ok alanda ya\u015fanan emek s\u00f6m\u00fcr\u00fcs\u00fc ve bask\u0131y\u0131, \u00e7al\u0131\u015fanlar\u0131n \u201cl\u00fctfen ismimi \u00f6\u011frenmesinler\u201d ile ba\u015flay\u0131p biten gizli ihbarlar\u0131ndan, sessiz \u00e7\u0131\u011fl\u0131klar\u0131ndan duyabiliyoruz. Paket\u00e7inin h\u0131zl\u0131 s\u00fcrmesinin de, halat\u0131n olmamas\u0131n\u0131n da, sessiz \u00e7\u0131\u011fl\u0131klar\u0131n da sebebi belli; s\u00f6m\u00fcr\u00fc d\u00fczeni&#8230; Kesin olan \u015fey, bunun \u00f6n\u00fcne s\u00f6m\u00fcr\u00fclenlerin, yaln\u0131zca \u00f6rg\u00fctlenerek ge\u00e7ebilece\u011fi&#8230; \u00d6rg\u00fctlenme ise \u201csendikala\u015fman\u0131n \u00f6n\u00fc a\u00e7\u0131ls\u0131n\u201d gibi yuvarlak laflar ile de\u011fil, SEND\u0130KASIZ \u00c7ALI\u015eTIRILMANIN YASAKLANMASI ile m\u00fcmk\u00fcn olur!<\/p>\n<p>&nbsp;<\/p>\n<p><a href=\"https:\/\/baraka.cc\/wp-content\/uploads\/2017\/10\/Hoca-AO\u0308Aya-Takt\u0131-kapatt\u0131rmay\u0131z.png\"><img decoding=\"async\" loading=\"lazy\" class=\"alignnone size-medium wp-image-5509\" alt=\"Hoca AO\u0308A'ya Takt\u0131- kapatt\u0131rmay\u0131z\" src=\"https:\/\/baraka.cc\/wp-content\/uploads\/2017\/10\/Hoca-AO\u0308Aya-Takt\u0131-kapatt\u0131rmay\u0131z-300x249.png\" width=\"300\" height=\"249\" srcset=\"https:\/\/baraka.cc\/wp-content\/uploads\/2017\/10\/Hoca-AO\u0308Aya-Takt\u0131-kapatt\u0131rmay\u0131z-300x249.png 300w, https:\/\/baraka.cc\/wp-content\/uploads\/2017\/10\/Hoca-AO\u0308Aya-Takt\u0131-kapatt\u0131rmay\u0131z.png 831w\" sizes=\"(max-width: 300px) 100vw, 300px\" \/><\/a><\/p>\n<p><b>Hoca (!) A\u00d6A\u2019ya Takm\u0131\u015f<\/b><\/p>\n<p>Saatleri bir ileri bir geri ala ala, A\u00d6A\u2019n\u0131n kapat\u0131lmas\u0131 i\u00e7in yap\u0131lacak giri\u015fim 2 y\u0131l kadar kayd\u0131. Normalde 5 y\u0131lda bir kapatmaya \u00e7al\u0131\u015ft\u0131klar\u0131 A\u00d6A i\u00e7in d\u00fc\u011fmeye bas\u0131lmas\u0131 bu kez 7 y\u0131l s\u00fcrd\u00fc. 2005, 2010, \u015fimdi de 2017; hedefte yine devletin y\u00fcksek\u00f6\u011frenimdeki son kalesi! Devletin y\u00fcksek\u00f6\u011fretim verdi\u011fi, \u00fcstelik burada e\u011fitim alan \u00f6\u011frencilere burs ve i\u015f garantisi sa\u011flad\u0131\u011f\u0131 yegane kurum olan Akademi, ailesinin imkanlar\u0131 k\u0131s\u0131tl\u0131 olan gen\u00e7lerimiz i\u00e7in \u00fcniversite e\u011fitimi alabilmeleri ad\u0131na g\u00fczel bir \u015fansken, burada yeti\u015ftirdi\u011fi ilerici \u00f6\u011fretmenler ile \u00a0t\u00fcm toplumumuz ve yar\u0131nlar\u0131m\u0131z i\u00e7in de\u011ferli bir \u015fanst\u0131r. Ayd\u0131nl\u0131k nesiller yeti\u015ftirebilecek, toplumu daha ileriye g\u00f6t\u00fcrebilecek ilerici \u00f6\u011fretmenlerin e\u011fitim almas\u0131n\u0131 kim, neden engellemek istesin? Kim bilimsel e\u011fitimden rahats\u0131z olabilir? Kim \u00f6zg\u00fcr yar\u0131nlar yerine gericili\u011fi yaymak isteyebilir? Hah, amp\u00fcl \u015fimdi yand\u0131! 2005\u2019te CTP\u2019ye, 2010 ve 2017\u2019de UBP-DP\u2019ye \u201cAkademiyi kapat\u0131n\u201d talimat\u0131 veren merkez ayn\u0131. Kar\u015f\u0131lar\u0131nda da ayn\u0131 direni\u015fi bulacaklar\u0131ndan \u015f\u00fcpheleri olmas\u0131n. Hoca camide kals\u0131n, akademiyi kapatt\u0131rmay\u0131z!<\/p>\n<p>&nbsp;<\/p>\n<p><a href=\"https:\/\/baraka.cc\/wp-content\/uploads\/2017\/10\/karikatu\u0308r-tuzag\u0306\u0131.png\"><img decoding=\"async\" loading=\"lazy\" class=\"alignnone size-medium wp-image-5510\" alt=\"karikatu\u0308r tuzag\u0306\u0131\" src=\"https:\/\/baraka.cc\/wp-content\/uploads\/2017\/10\/karikatu\u0308r-tuzag\u0306\u0131-300x194.png\" width=\"300\" height=\"194\" srcset=\"https:\/\/baraka.cc\/wp-content\/uploads\/2017\/10\/karikatu\u0308r-tuzag\u0306\u0131-300x194.png 300w, https:\/\/baraka.cc\/wp-content\/uploads\/2017\/10\/karikatu\u0308r-tuzag\u0306\u0131-1024x664.png 1024w, https:\/\/baraka.cc\/wp-content\/uploads\/2017\/10\/karikatu\u0308r-tuzag\u0306\u0131.png 1030w\" sizes=\"(max-width: 300px) 100vw, 300px\" \/><\/a><\/p>\n<p><b>Karikat\u00fcr Tuza\u011f\u0131<\/b><\/p>\n<p>A\u011fustos ay\u0131nda g\u00fcndemi en fazla me\u015fgul eden konu, Haziran ay\u0131nda yay\u0131nlanan karikat\u00fcr oldu. Evet, Haziran ay\u0131nda \u00e7izilen karikat\u00fcr, A\u011fustos ay\u0131nda g\u00fcndem oldu!<\/p>\n<p>Fa\u015fizmin K\u0131br\u0131sl\u0131-T\u00fcrkiyeli ayr\u0131m\u0131ndan beslendi\u011fini yurdum fa\u015fistleri \u00e7ok iyi bilmekte. kktc\u2019ye\u00a0giri\u015flerde hi\u00e7bir denetim ve kontrol\u00fcn olmad\u0131\u011f\u0131 ve bu durumun de\u011fi\u015ftirilmesi gerekti\u011fi bir ger\u00e7ek. Ancak baz\u0131 \u00e7evreler karikat\u00fcr\u00fcn bunu anlatt\u0131\u011f\u0131n\u0131 savunsa da, kendisini savunamayan karikat\u00fcr \u201cT\u00fcrkiye\u2019den gelenlerin su\u00e7lu olarak resmedildi\u011fi\u201d g\u00f6r\u00fc\u015f\u00fc alt\u0131nda ezildi. \u00c7e\u015fitli siyasi ama\u00e7larla 3 ay sonra g\u00fcndeme getirilen karikat\u00fcr, fa\u015fistler i\u00e7in bir nimet, K\u0131br\u0131sl\u0131 T\u00fcrk solu i\u00e7inse bir tuzak niteli\u011findeydi. Sol i\u00e7erisinde belli bir kesimde hakim olan; \u201cadaya su\u00e7u T\u00fcrkiyeliler getirdi\u201d d\u00fc\u015f\u00fcncesi, bu karikat\u00fcr \u00fczerinden dillendirilmeye ba\u015fland\u0131 ve -emek siyaseti yapan bir \u00f6rg\u00fct\u00fcm\u00fcz\u00fcn itirazlar\u0131 haricinde- solun T\u00fcrkiyeli\/K\u0131br\u0131sl\u0131 ayr\u0131m\u0131n\u0131 tazeleyen fa\u015fist \u00e7evreler s\u00fcre\u00e7ten istedi\u011fini ald\u0131. Oysa A\u011fustos ay\u0131nda K\u0131br\u0131s\u2019\u0131n g\u00fcneyinde yap\u0131lan bir ara\u015ft\u0131rma, g\u00fcneyde su\u00e7 i\u015fleyenlerin y\u00fczde 77\u2019sinin K\u0131br\u0131sl\u0131 oldu\u011funu, yani kimin su\u00e7 i\u015fleyece\u011finin geldi\u011fi yerle alakal\u0131 olmad\u0131\u011f\u0131n\u0131 ortaya\u00a0 koydu.<\/p>\n<p>Karikat\u00fcr g\u00fcndemiyle ilgili \u00e7\u0131karmam\u0131z gereken derslerden biri bu ger\u00e7e\u011fi kavrayamam\u0131\u015f ciddi bir kesimin oldu\u011fudur. Di\u011feri ise, ileti\u015fim fak\u00fcltelerinde s\u00f6ylenenin aksine, g\u00f6rselli\u011fin baz\u0131 durumlarda a\u00e7\u0131klay\u0131c\u0131 bir yaz\u0131n\u0131n yerini sa\u011fl\u0131kl\u0131 \u015fekilde alamayaca\u011f\u0131d\u0131r.<\/p>\n","protected":false},"excerpt":{"rendered":"<p>Mizahi bir dille son \u00fc\u00e7 ay\u0131n g\u00fcndemini hat\u0131rlamak isteyenlere,\u00a0Argasdi dergimizin 48. say\u0131s\u0131ndan &#8220;Memleketin Ahvali&#8221; Guterres Geldi de, \u00d6rg\u00fctlenmenin Zaman\u0131 Ge\u00e7iyor Bile! Bizimkilere New York\u2019ta bildirilen<\/p>\n","protected":false},"author":3,"featured_media":5511,"comment_status":"open","ping_status":"open","sticky":false,"template":"","format":"standard","meta":{"jetpack_post_was_ever_published":false,"_jetpack_newsletter_access":"","_jetpack_newsletter_tier_id":0,"jetpack_publicize_message":"","jetpack_is_tweetstorm":false,"jetpack_publicize_feature_enabled":true,"jetpack_social_post_already_shared":true,"jetpack_social_options":{"image_generator_settings":{"template":"highway","enabled":false}}},"categories":[40,67,1,39],"tags":[],"jetpack_publicize_connections":[],"jetpack_featured_media_url":"https:\/\/baraka.cc\/wp-content\/uploads\/2017\/10\/x.jpg","jetpack_shortlink":"https:\/\/wp.me\/p4eHWX-1qJ","jetpack_sharing_enabled":true,"_links":{"self":[{"href":"https:\/\/baraka.cc\/index.php?rest_route=\/wp\/v2\/posts\/5501"}],"collection":[{"href":"https:\/\/baraka.cc\/index.php?rest_route=\/wp\/v2\/posts"}],"about":[{"href":"https:\/\/baraka.cc\/index.php?rest_route=\/wp\/v2\/types\/post"}],"author":[{"embeddable":true,"href":"https:\/\/baraka.cc\/index.php?rest_route=\/wp\/v2\/users\/3"}],"replies":[{"embeddable":true,"href":"https:\/\/baraka.cc\/index.php?rest_route=%2Fwp%2Fv2%2Fcomments&post=5501"}],"version-history":[{"count":2,"href":"https:\/\/baraka.cc\/index.php?rest_route=\/wp\/v2\/posts\/5501\/revisions"}],"predecessor-version":[{"id":5513,"href":"https:\/\/baraka.cc\/index.php?rest_route=\/wp\/v2\/posts\/5501\/revisions\/5513"}],"wp:featuredmedia":[{"embeddable":true,"href":"https:\/\/baraka.cc\/index.php?rest_route=\/wp\/v2\/media\/5511"}],"wp:attachment":[{"href":"https:\/\/baraka.cc\/index.php?rest_route=%2Fwp%2Fv2%2Fmedia&parent=5501"}],"wp:term":[{"taxonomy":"category","embeddable":true,"href":"https:\/\/baraka.cc\/index.php?rest_route=%2Fwp%2Fv2%2Fcategories&post=5501"},{"taxonomy":"post_tag","embeddable":true,"href":"https:\/\/baraka.cc\/index.php?rest_route=%2Fwp%2Fv2%2Ftags&post=5501"}],"curies":[{"name":"wp","href":"https:\/\/api.w.org\/{rel}","templated":true}]}}