{"id":5541,"date":"2017-11-10T12:00:14","date_gmt":"2017-11-10T10:00:14","guid":{"rendered":"https:\/\/baraka.cc\/?p=5541"},"modified":"2017-11-10T12:01:55","modified_gmt":"2017-11-10T10:01:55","slug":"baraka-kultur-merkezi-ve-bagimsizlik-yolu-umut-ve-emek-ile-lefkosada-bir-alani-agaclandiriyor-2","status":"publish","type":"post","link":"https:\/\/baraka.cc\/?p=5541","title":{"rendered":"Baraka K\u00fclt\u00fcr Merkezi ve Ba\u011f\u0131ms\u0131zl\u0131k Yolu, &#8220;Umut ve Emek&#8221; ile Lefko\u015fa&#8217;da Bir Alan\u0131 A\u011fa\u00e7land\u0131r\u0131yor"},"content":{"rendered":"<div dir=\"auto\" style=\"text-align: center;\"><a href=\"https:\/\/baraka.cc\/wp-content\/uploads\/2017\/11\/FB_IMG_15102895220611.jpg\"><img decoding=\"async\" loading=\"lazy\" class=\"alignnone size-medium wp-image-5542\" alt=\"FB_IMG_1510289522061\" src=\"https:\/\/baraka.cc\/wp-content\/uploads\/2017\/11\/FB_IMG_15102895220611-300x200.jpg\" width=\"300\" height=\"200\" srcset=\"https:\/\/baraka.cc\/wp-content\/uploads\/2017\/11\/FB_IMG_15102895220611-300x200.jpg 300w, https:\/\/baraka.cc\/wp-content\/uploads\/2017\/11\/FB_IMG_15102895220611.jpg 960w\" sizes=\"(max-width: 300px) 100vw, 300px\" \/><\/a><\/div>\n<div dir=\"auto\" style=\"text-align: left;\"><\/div>\n<div dir=\"auto\">Baraka K\u00fclt\u00fcr Merkezi ve Ba\u011f\u0131ms\u0131zl\u0131k Yolu, 12 Kas\u0131m Pazar g\u00fcn\u00fc saat 10.00&#8217;da ger\u00e7ekle\u015ftirecekleri etkinlikle, Lefko\u015fa K\u0131z\u0131lba\u015f b\u00f6lgesinde, belediyeye ait bir ye\u015fil alan\u0131 a\u011fa\u00e7land\u0131r\u0131yor.<\/div>\n<div dir=\"auto\"><\/div>\n<div dir=\"auto\">Haydarpa\u015fa Ticaret Lisesi yan\u0131ndaki ye\u015fil alan\u0131 a\u011fa\u00e7land\u0131racak olan Baraka aktivistleri ve Ba\u011f\u0131ms\u0131zl\u0131k Yolu \u00fcyeleri, kendi temin edecekleri fidanlar ile ger\u00e7ekle\u015ftirecekleri etkinlikte t\u00fcm dikim ve\u00a0 bak\u0131m i\u015flerini \u00fcstlenmi\u015f bulunuyor.<\/div>\n<div dir=\"auto\"><\/div>\n<div dir=\"auto\">Etkinlik, 12 Kas\u0131m Pazar g\u00fcn\u00fc saat 10.00&#8217;da Haydarpa\u015fa Ticaret Lisesi \u00f6n\u00fcnde bulu\u015fulmas\u0131 ile ba\u015flayacak.<\/div>\n<div dir=\"auto\"><\/div>\n<div dir=\"auto\">Baraka ve Ba\u011f\u0131ms\u0131zl\u0131k Yolu taraf\u0131ndan halka yap\u0131lan davette ise &#8220;Umut ve emek ile ye\u015ferecek fidanlar\u0131m\u0131z\u0131 birlikte dikmek ve can suyu vermek isteyen herkesi Pazar g\u00fcn\u00fc aram\u0131zda g\u00f6rmekten mutluluk duyaca\u011f\u0131z&#8221; ifadelerine yer verildi.<\/div>\n<div dir=\"auto\"><\/div>\n","protected":false},"excerpt":{"rendered":"<p>Baraka K\u00fclt\u00fcr Merkezi ve Ba\u011f\u0131ms\u0131zl\u0131k Yolu, 12 Kas\u0131m Pazar g\u00fcn\u00fc saat 10.00&#8217;da ger\u00e7ekle\u015ftirecekleri etkinlikle, Lefko\u015fa K\u0131z\u0131lba\u015f b\u00f6lgesinde, belediyeye ait bir ye\u015fil alan\u0131 a\u011fa\u00e7land\u0131r\u0131yor. Haydarpa\u015fa Ticaret<\/p>\n","protected":false},"author":3,"featured_media":5542,"comment_status":"open","ping_status":"open","sticky":false,"template":"","format":"standard","meta":{"jetpack_post_was_ever_published":false,"_jetpack_newsletter_access":"","_jetpack_newsletter_tier_id":0,"jetpack_publicize_message":"","jetpack_is_tweetstorm":false,"jetpack_publicize_feature_enabled":true,"jetpack_social_post_already_shared":true,"jetpack_social_options":{"image_generator_settings":{"template":"highway","enabled":false}}},"categories":[9,1],"tags":[],"jetpack_publicize_connections":[],"jetpack_featured_media_url":"https:\/\/baraka.cc\/wp-content\/uploads\/2017\/11\/FB_IMG_15102895220611.jpg","jetpack_shortlink":"https:\/\/wp.me\/p4eHWX-1rn","jetpack_sharing_enabled":true,"_links":{"self":[{"href":"https:\/\/baraka.cc\/index.php?rest_route=\/wp\/v2\/posts\/5541"}],"collection":[{"href":"https:\/\/baraka.cc\/index.php?rest_route=\/wp\/v2\/posts"}],"about":[{"href":"https:\/\/baraka.cc\/index.php?rest_route=\/wp\/v2\/types\/post"}],"author":[{"embeddable":true,"href":"https:\/\/baraka.cc\/index.php?rest_route=\/wp\/v2\/users\/3"}],"replies":[{"embeddable":true,"href":"https:\/\/baraka.cc\/index.php?rest_route=%2Fwp%2Fv2%2Fcomments&post=5541"}],"version-history":[{"count":2,"href":"https:\/\/baraka.cc\/index.php?rest_route=\/wp\/v2\/posts\/5541\/revisions"}],"predecessor-version":[{"id":5544,"href":"https:\/\/baraka.cc\/index.php?rest_route=\/wp\/v2\/posts\/5541\/revisions\/5544"}],"wp:featuredmedia":[{"embeddable":true,"href":"https:\/\/baraka.cc\/index.php?rest_route=\/wp\/v2\/media\/5542"}],"wp:attachment":[{"href":"https:\/\/baraka.cc\/index.php?rest_route=%2Fwp%2Fv2%2Fmedia&parent=5541"}],"wp:term":[{"taxonomy":"category","embeddable":true,"href":"https:\/\/baraka.cc\/index.php?rest_route=%2Fwp%2Fv2%2Fcategories&post=5541"},{"taxonomy":"post_tag","embeddable":true,"href":"https:\/\/baraka.cc\/index.php?rest_route=%2Fwp%2Fv2%2Ftags&post=5541"}],"curies":[{"name":"wp","href":"https:\/\/api.w.org\/{rel}","templated":true}]}}