{"id":5577,"date":"2017-11-13T12:59:10","date_gmt":"2017-11-13T10:59:10","guid":{"rendered":"https:\/\/baraka.cc\/?p=5577"},"modified":"2017-11-13T12:59:10","modified_gmt":"2017-11-13T10:59:10","slug":"barakanin-alternatif-medya-degeri-guncellendi","status":"publish","type":"post","link":"https:\/\/baraka.cc\/?p=5577","title":{"rendered":"Baraka\u2019n\u0131n &#8220;Alternatif Medya&#8221; De\u011feri G\u00fcncellendi"},"content":{"rendered":"<p><i>Baraka K\u00fclt\u00fcr Merkezi\u2019nin kurulu\u015fundan bu yana kolektif olarak olu\u015fturdu\u011fu ve eylem ve etkinliklerinde, k\u00fclt\u00fcrel m\u00fccadelesinde temel prensip olan de\u011ferleri, yeniden ele al\u0131narak g\u00fcncelleniyor.<\/i><\/p>\n<p><i>Baraka\u2019n\u0131n \u201cMedya\u201dya ele\u015ftirel bak\u0131\u015f\u0131n\u0131 ve \u201cAlternatif Medya\u201d anlay\u0131\u015f\u0131n\u0131 ele alan \u201cAlternatif Medya\u201d ba\u015fl\u0131kl\u0131 de\u011feri de bu ba\u011flamda, toplant\u0131larda yeniden masaya yat\u0131r\u0131l\u0131p kolektif olarak tart\u0131\u015f\u0131larak g\u00fcncellendi\u2026<\/i><\/p>\n<p><a href=\"https:\/\/baraka.cc\/wp-content\/uploads\/2017\/11\/alternatif-medya-g\u00f6rsel.png\"><img decoding=\"async\" loading=\"lazy\" class=\"alignnone size-medium wp-image-5578\" alt=\"alternatif medya g\u00f6rsel\" src=\"https:\/\/baraka.cc\/wp-content\/uploads\/2017\/11\/alternatif-medya-g\u00f6rsel-279x300.png\" width=\"279\" height=\"300\" srcset=\"https:\/\/baraka.cc\/wp-content\/uploads\/2017\/11\/alternatif-medya-g\u00f6rsel-279x300.png 279w, https:\/\/baraka.cc\/wp-content\/uploads\/2017\/11\/alternatif-medya-g\u00f6rsel-953x1024.png 953w, https:\/\/baraka.cc\/wp-content\/uploads\/2017\/11\/alternatif-medya-g\u00f6rsel.png 1204w\" sizes=\"(max-width: 279px) 100vw, 279px\" \/><\/a><\/p>\n<p>&nbsp;<\/p>\n<p>Hayat\u0131m\u0131z\u0131n bir\u00e7ok alan\u0131na yay\u0131lan \u00f6zelle\u015ftirme, piyasala\u015ft\u0131rma ve ticarile\u015ftirme ile birlikte gittik\u00e7e g\u00fc\u00e7lenen sermaye; medya alan\u0131nda ele ge\u00e7irebildi\u011fi veya bask\u0131 kurabildi\u011fi kurulu\u015flar eliyle, halk\u0131n haber alma hakk\u0131n\u0131 kendi bak\u0131\u015f a\u00e7\u0131s\u0131na g\u00f6re y\u00f6nlendirmektedir. G\u00fcn\u00fcm\u00fczde, kamusal bilgi, tamamen \u00f6zel m\u00fclkiyetin kontrol\u00fcne ge\u00e7mi\u015ftir. \u00d6rne\u011fin; paral\u0131 televizyon kanallar\u0131, TV programlar\u0131, internet paketleri, internetten paral\u0131 \u00fcyelik siteleri ticari mant\u0131\u011f\u0131n \u00fcr\u00fcnleridir. Baraka, yay\u0131nc\u0131l\u0131\u011f\u0131n ticarile\u015ftirilmesine kar\u015f\u0131d\u0131r; kamu yarar\u0131na ve kamu yay\u0131nc\u0131l\u0131\u011f\u0131n\u0131 savunur, bilgiye eri\u015fimin demokratikle\u015ftirilmesi, herkesin paras\u0131 kadar de\u011fil istedi\u011fi kadar bilgiye ula\u015fabilmesi gerekti\u011fini vurgular; di\u011fer bir deyi\u015fle bilgiye ula\u015f\u0131m\u0131n, tamamen ticari mant\u0131ktan ar\u0131nd\u0131r\u0131lm\u0131\u015f bir \u015fekilde var olmas\u0131 gerekti\u011fini d\u00fc\u015f\u00fcn\u00fcr, bilginin al\u0131n\u0131p sat\u0131lmas\u0131 de\u011fil, payla\u015f\u0131lmas\u0131 gerekti\u011finin alt\u0131n\u0131 \u00e7izer ve bu anlay\u0131\u015fla hareket eder. Bu ba\u011flamda yay\u0131nc\u0131l\u0131k kamu taraf\u0131ndan ve kamu yarar\u0131na yap\u0131lmal\u0131d\u0131r.<\/p>\n<p>Egemen medya, iktidarlar\u0131n ve \u015firketlerin politikalar\u0131 g\u00fcd\u00fcm\u00fcnde varl\u0131\u011f\u0131n\u0131 s\u00fcrd\u00fcrmektedir. Medya emek\u00e7ileri, bu politikalar neticesinde g\u00fcvencesiz \u00e7al\u0131\u015ft\u0131r\u0131lmakta ve sosyal haklardan mahrum b\u0131rak\u0131lmaktad\u0131r. Halk ise egemenlerin \u00e7\u0131karlar\u0131na g\u00f6re haz\u0131rlanm\u0131\u015f programlara ve yaz\u0131lara k\u0131sacas\u0131 gereksiz ve hatta yanl\u0131(\u015f) \u201cbilgi bombard\u0131man\u0131na\u201d maruz kalmaktad\u0131r. Tam da\u00a0h\u00e2kim ideolojiye uygun bir \u015fekilde emek\u00e7i d\u00fc\u015fman\u0131, cinsiyet\u00e7i, \u0131rk\u00e7\u0131, homofobik haberler ve programlar \u00fcretilmektedir.\u00a0Baraka, g\u00f6rsel-i\u015fitsel medya ve yaz\u0131l\u0131 bas\u0131n\u0131n demokratikle\u015ftirilmesi ve i\u00e7eri\u011finin sermayenin \u00e7\u0131karlar\u0131na g\u00f6re de\u011fil, halk\u0131n haklar\u0131na g\u00f6re d\u00fczenlenmesi i\u00e7in m\u00fccadele eder. Ayn\u0131 zamanda, iktidar ve \u015firketlerin de\u011fil, halk\u0131n denetiminde olan alternatif medya ara\u00e7lar\u0131n\u0131 yaratmay\u0131, var olan alternatif medya unsurlar\u0131n\u0131 da desteklemeyi kendisine g\u00f6rev bilir.<br \/>\nEgemen medya, verili sistemin devaml\u0131l\u0131\u011f\u0131n\u0131 sa\u011flamak ve\/veya belirli \u00e7\u0131kar gruplar\u0131n\u0131 kollamak maksad\u0131yla hareket etti\u011fi i\u00e7in, kapitalizmin en olumsuz ili\u015fkilerinin tamam\u0131n\u0131 (sigortas\u0131z, sosyal haklardan mahrum insan \u00e7al\u0131\u015ft\u0131rma, kad\u0131nlara ayr\u0131mc\u0131l\u0131k ve tacize varan a\u015fa\u011f\u0131lama, maa\u015flar\u0131n g\u00fcn\u00fcnde \u00f6denmemesi, baz\u0131 durumlarda eksik \u00f6denmesi, fazla mesainin g\u00f6rmezden gelinmesi vb\u2026) b\u00fcnyesinde bar\u0131nd\u0131r\u0131r. Baraka, bu ili\u015fkiler i\u00e7erisinde ezilen bas\u0131n emek\u00e7ileri ile dayan\u0131\u015fmaya ve onlar\u0131n yarat\u0131c\u0131 potansiyellerinin u\u011frad\u0131\u011f\u0131 haks\u0131zl\u0131\u011fa tepki g\u00f6stermeye \u00f6nem verir. Bu ba\u011flamda Baraka, haberlerin mecburi bir otosans\u00fcr ile medya patronlar\u0131n iste\u011fi do\u011frultusunda \u015fekillendi\u011fini g\u00f6z \u00f6n\u00fcnde bulundurur, uygulanan bask\u0131n\u0131n medya emek\u00e7ilerinin yarat\u0131c\u0131 potansiyelini k\u00f6reltti\u011finin alt\u0131n\u0131 \u00e7izer ve medya sermayesi (patronu) ile emek\u00e7isi aras\u0131ndaki fark\u0131 g\u00f6zetir.<\/p>\n<p>Baraka, \u015firketlerin medyas\u0131 ile halk\u0131n ve k\u00e2r amac\u0131 g\u00fctmeyen \u00f6rg\u00fctlerin yaratt\u0131\u011f\u0131 ve ya\u015fatt\u0131\u011f\u0131 alternatif medya aras\u0131ndaki fark\u0131 g\u00f6r\u00fcr, a\u00e7\u0131k\u00e7a alternatif medyan\u0131n taraf\u0131n\u0131 tutar. \u015eirketlerin medyas\u0131na \u015f\u00fcphe ile yakla\u015f\u0131r, alternatif medyay\u0131 \u00f6nemser. T\u00fcm bunlar\u0131n bilinciyle,topluma ula\u015fmak i\u00e7in alternatif medya ile dayan\u0131\u015f\u0131p, alternatif medyadan destek alan Baraka, kendi ileti\u015fim kanallar\u0131n\u0131 olu\u015fturmak yolunda da \u00e7aba harcar. Bunlar, bildiri da\u011f\u0131t\u0131m\u0131, afi\u015fleme, pankart asma, bro\u015f\u00fcr da\u011f\u0131tma, birebir ileti\u015fim kurma gibi y\u00f6ntemlerdir. Ayr\u0131ca Baraka, reklam almadan s\u00fcrd\u00fcrd\u00fc\u011f\u00fc dergi, web sitesi ve sosyal medya hesaplar\u0131 ile de kendi medyas\u0131n\u0131 olu\u015fturur. Baraka, hayat\u0131n di\u011fer alanlar\u0131nda oldu\u011fu gibi medyada da tarafs\u0131zl\u0131\u011f\u0131n olamayaca\u011f\u0131n\u0131, s\u0131n\u0131flara b\u00f6l\u00fcnm\u00fc\u015f olan bu d\u00fczende ezilen s\u0131n\u0131ftan yana taraf olmak gerekti\u011fini vurgular.\u00a0\u00a0 <span style=\"text-decoration: line-through;\"><br \/>\n<\/span>Baraka, kendi kanallar\u0131ndan ula\u015famad\u0131\u011f\u0131 insanlara ula\u015fmak i\u00e7in egemen medyada bulunmay\u0131 da reddetmez. Ancak bunu yaparken egemen medyan\u0131n bak\u0131\u015f a\u00e7\u0131s\u0131na dahil olmamaya \u00f6zen g\u00f6sterir ve medyatik olmay\u0131 hedeflemez. Ayr\u0131ca bu \u00e7er\u00e7evede deme\u00e7 ve r\u00f6portaj verece\u011fi medya konusunda da se\u00e7ici davran\u0131r; \u00f6rne\u011fin fa\u015fist fikirlerin \u00f6n plana al\u0131nd\u0131\u011f\u0131 bir medyaya r\u00f6portaj vermez. Medya konusunda haf\u0131za olu\u015fturur ve varl\u0131\u011f\u0131n\u0131n me\u015fruluk kazand\u0131raca\u011f\u0131 olumsuz medya \u00f6rneklerine katk\u0131 sa\u011flamaz.<\/p>\n<p>&nbsp;<\/p>\n","protected":false},"excerpt":{"rendered":"<p>Baraka K\u00fclt\u00fcr Merkezi\u2019nin kurulu\u015fundan bu yana kolektif olarak olu\u015fturdu\u011fu ve eylem ve etkinliklerinde, k\u00fclt\u00fcrel m\u00fccadelesinde temel prensip olan de\u011ferleri, yeniden ele al\u0131narak g\u00fcncelleniyor. Baraka\u2019n\u0131n \u201cMedya\u201dya<\/p>\n","protected":false},"author":3,"featured_media":5578,"comment_status":"open","ping_status":"open","sticky":false,"template":"","format":"standard","meta":{"jetpack_post_was_ever_published":false,"_jetpack_newsletter_access":"","_jetpack_newsletter_tier_id":0,"jetpack_publicize_message":"","jetpack_is_tweetstorm":false,"jetpack_publicize_feature_enabled":true,"jetpack_social_post_already_shared":true,"jetpack_social_options":{"image_generator_settings":{"template":"highway","enabled":false}}},"categories":[9,1],"tags":[],"jetpack_publicize_connections":[],"jetpack_featured_media_url":"https:\/\/baraka.cc\/wp-content\/uploads\/2017\/11\/alternatif-medya-g\u00f6rsel.png","jetpack_shortlink":"https:\/\/wp.me\/p4eHWX-1rX","jetpack_sharing_enabled":true,"_links":{"self":[{"href":"https:\/\/baraka.cc\/index.php?rest_route=\/wp\/v2\/posts\/5577"}],"collection":[{"href":"https:\/\/baraka.cc\/index.php?rest_route=\/wp\/v2\/posts"}],"about":[{"href":"https:\/\/baraka.cc\/index.php?rest_route=\/wp\/v2\/types\/post"}],"author":[{"embeddable":true,"href":"https:\/\/baraka.cc\/index.php?rest_route=\/wp\/v2\/users\/3"}],"replies":[{"embeddable":true,"href":"https:\/\/baraka.cc\/index.php?rest_route=%2Fwp%2Fv2%2Fcomments&post=5577"}],"version-history":[{"count":1,"href":"https:\/\/baraka.cc\/index.php?rest_route=\/wp\/v2\/posts\/5577\/revisions"}],"predecessor-version":[{"id":5579,"href":"https:\/\/baraka.cc\/index.php?rest_route=\/wp\/v2\/posts\/5577\/revisions\/5579"}],"wp:featuredmedia":[{"embeddable":true,"href":"https:\/\/baraka.cc\/index.php?rest_route=\/wp\/v2\/media\/5578"}],"wp:attachment":[{"href":"https:\/\/baraka.cc\/index.php?rest_route=%2Fwp%2Fv2%2Fmedia&parent=5577"}],"wp:term":[{"taxonomy":"category","embeddable":true,"href":"https:\/\/baraka.cc\/index.php?rest_route=%2Fwp%2Fv2%2Fcategories&post=5577"},{"taxonomy":"post_tag","embeddable":true,"href":"https:\/\/baraka.cc\/index.php?rest_route=%2Fwp%2Fv2%2Ftags&post=5577"}],"curies":[{"name":"wp","href":"https:\/\/api.w.org\/{rel}","templated":true}]}}