{"id":5601,"date":"2017-11-22T11:46:33","date_gmt":"2017-11-22T09:46:33","guid":{"rendered":"https:\/\/baraka.cc\/?p=5601"},"modified":"2017-11-22T11:46:33","modified_gmt":"2017-11-22T09:46:33","slug":"alaykoyde-kadina-yonelik-siddet-konulu-seminer-ve-drama-atolyesi-yapilacak-2","status":"publish","type":"post","link":"https:\/\/baraka.cc\/?p=5601","title":{"rendered":"ALAYK\u00d6Y\u2019DE \u201cKADINA Y\u00d6NEL\u0130K \u015e\u0130DDET\u201d KONULU SEM\u0130NER VE DRAMA AT\u00d6LYES\u0130 YAPILACAK"},"content":{"rendered":"<p style=\"text-align: center;\"><a href=\"https:\/\/baraka.cc\/wp-content\/uploads\/2017\/11\/KEK-Poster-Alayk\u00f6y-Poster-1.jpg\"><img decoding=\"async\" loading=\"lazy\" class=\"alignnone size-medium wp-image-5598\" alt=\"KEK Poster-Alayk\u00f6y-Poster (1)\" src=\"https:\/\/baraka.cc\/wp-content\/uploads\/2017\/11\/KEK-Poster-Alayk\u00f6y-Poster-1-212x300.jpg\" width=\"212\" height=\"300\" srcset=\"https:\/\/baraka.cc\/wp-content\/uploads\/2017\/11\/KEK-Poster-Alayk\u00f6y-Poster-1-212x300.jpg 212w, https:\/\/baraka.cc\/wp-content\/uploads\/2017\/11\/KEK-Poster-Alayk\u00f6y-Poster-1-723x1024.jpg 723w\" sizes=\"(max-width: 212px) 100vw, 212px\" \/><\/a><\/p>\n<p>Kad\u0131n E\u011fitimi Kolektifi, Alayk\u00f6y K\u00fclt\u00fcr ve Sanat Derne\u011fi i\u015fbirli\u011fi ile 24 Kas\u0131m Cuma g\u00fcn\u00fc saat 19.30\u2019da \u201cKad\u0131na Y\u00f6nelik \u015eiddet\u201d semineri ve drama at\u00f6lyesi d\u00fczenleniyor. Alayk\u00f6y K\u00fclt\u00fcr ve Sanat Derne\u011fi\u2019nin k\u00f6y merkezindeki binas\u0131nda ger\u00e7ekle\u015ftirilecek etkinli\u011fin 15 ya\u015f \u00fczerindeki ki\u015filere a\u00e7\u0131k oldu\u011fu duyurularak t\u00fcm kad\u0131n ve erkekler davet edildi.<\/p>\n<p>\u00dccretsiz olarak yap\u0131lacak olan ve g\u00f6rsellerle desteklenen seminerde, kad\u0131na y\u00f6nelik \u015fiddetin t\u00fcrleri, sebepleri, sonu\u00e7lar\u0131, \u00f6nlenmesi ile ilgili neler yap\u0131lmas\u0131 gerekti\u011fi, devletin ve toplumun sorumluluklar\u0131 gibi bilgiler verilecek. Seminerin ard\u0131ndan kat\u0131l\u0131mc\u0131larla birlikte ger\u00e7ekle\u015ftirilecek olan drama at\u00f6lyesinde ise \u00e7e\u015fitli hikayeler ve oyunlar e\u015fli\u011finde konu hakk\u0131ndaki bilgi ve deneyimler payla\u015f\u0131lacak.<\/p>\n<p>Kad\u0131n Y\u00f6nelik \u015eiddete Kar\u015f\u0131 Uluslararas\u0131 M\u00fccadele G\u00fcn\u00fc eylem ve etkinlikleri kapsam\u0131nda ger\u00e7ekle\u015fecek olan program\u0131n ard\u0131ndan Kad\u0131n E\u011fitimi Kolektifi, Alayk\u00f6y\u2019deki fark\u0131ndal\u0131k seminerlerine 12 Aral\u0131k\u2019a kadar devam edecek.<\/p>\n<p>Alayk\u00f6y K\u00fclt\u00fcr ve Sanat Derne\u011fi ile i\u015fbirli\u011fi halinde planlanan e\u011fitim program\u0131 ise \u015f\u00f6yle:<\/p>\n<p>&#8211; 24 KASIM CUMA 19.30-21.30 KADINA Y\u00d6NEL\u0130K \u015e\u0130DDET<\/p>\n<p>&#8211; 28 KASIM SALI 19.30-21.30 TOPLUMSAL C\u0130NS\u0130YET E\u015e\u0130TL\u0130\u011e\u0130<\/p>\n<p>&#8211; 1 ARALIK CUMA 19.30-21.30 KIBRIS\u2019TA KADIN HAREKET\u0130<\/p>\n<p>&#8211; 5 ARALIK SALI 19.30-21.30 BEDEN POL\u0130T\u0130KALARI<\/p>\n<p>&#8211; 8 ARALIK CUMA 19.30-21.30 KADIN VE MEDYA<\/p>\n<p>&#8211; 12 ARALIK SALI 19.30-21.30 EV \u0130\u00c7\u0130 EMEK VE SERT\u0130F\u0130KA T\u00d6REN\u0130<\/p>\n<p>Detayl\u0131 bilgi ve kay\u0131t i\u00e7in 0548 842 02 72 numaral\u0131 telefon aranabilir.<\/p>\n<p>&nbsp;<\/p>\n","protected":false},"excerpt":{"rendered":"<p>Kad\u0131n E\u011fitimi Kolektifi, Alayk\u00f6y K\u00fclt\u00fcr ve Sanat Derne\u011fi i\u015fbirli\u011fi ile 24 Kas\u0131m Cuma g\u00fcn\u00fc saat 19.30\u2019da \u201cKad\u0131na Y\u00f6nelik \u015eiddet\u201d semineri ve drama at\u00f6lyesi d\u00fczenleniyor. Alayk\u00f6y<\/p>\n","protected":false},"author":3,"featured_media":5596,"comment_status":"open","ping_status":"open","sticky":false,"template":"","format":"standard","meta":{"jetpack_post_was_ever_published":false,"_jetpack_newsletter_access":"","_jetpack_newsletter_tier_id":0,"jetpack_publicize_message":"","jetpack_is_tweetstorm":false,"jetpack_publicize_feature_enabled":true,"jetpack_social_post_already_shared":true,"jetpack_social_options":{"image_generator_settings":{"template":"highway","enabled":false}}},"categories":[9,1],"tags":[],"jetpack_publicize_connections":[],"jetpack_featured_media_url":"https:\/\/baraka.cc\/wp-content\/uploads\/2017\/11\/alayk\u00f6y-el-ilan\u0131-foto.jpg","jetpack_shortlink":"https:\/\/wp.me\/p4eHWX-1sl","jetpack_sharing_enabled":true,"_links":{"self":[{"href":"https:\/\/baraka.cc\/index.php?rest_route=\/wp\/v2\/posts\/5601"}],"collection":[{"href":"https:\/\/baraka.cc\/index.php?rest_route=\/wp\/v2\/posts"}],"about":[{"href":"https:\/\/baraka.cc\/index.php?rest_route=\/wp\/v2\/types\/post"}],"author":[{"embeddable":true,"href":"https:\/\/baraka.cc\/index.php?rest_route=\/wp\/v2\/users\/3"}],"replies":[{"embeddable":true,"href":"https:\/\/baraka.cc\/index.php?rest_route=%2Fwp%2Fv2%2Fcomments&post=5601"}],"version-history":[{"count":1,"href":"https:\/\/baraka.cc\/index.php?rest_route=\/wp\/v2\/posts\/5601\/revisions"}],"predecessor-version":[{"id":5602,"href":"https:\/\/baraka.cc\/index.php?rest_route=\/wp\/v2\/posts\/5601\/revisions\/5602"}],"wp:featuredmedia":[{"embeddable":true,"href":"https:\/\/baraka.cc\/index.php?rest_route=\/wp\/v2\/media\/5596"}],"wp:attachment":[{"href":"https:\/\/baraka.cc\/index.php?rest_route=%2Fwp%2Fv2%2Fmedia&parent=5601"}],"wp:term":[{"taxonomy":"category","embeddable":true,"href":"https:\/\/baraka.cc\/index.php?rest_route=%2Fwp%2Fv2%2Fcategories&post=5601"},{"taxonomy":"post_tag","embeddable":true,"href":"https:\/\/baraka.cc\/index.php?rest_route=%2Fwp%2Fv2%2Ftags&post=5601"}],"curies":[{"name":"wp","href":"https:\/\/api.w.org\/{rel}","templated":true}]}}