{"id":5603,"date":"2017-11-22T12:22:43","date_gmt":"2017-11-22T10:22:43","guid":{"rendered":"https:\/\/baraka.cc\/?p=5603"},"modified":"2017-11-22T12:23:58","modified_gmt":"2017-11-22T10:23:58","slug":"baraka-kultur-merkezinden-basin-bildirisi-mobeseye-nobese","status":"publish","type":"post","link":"https:\/\/baraka.cc\/?p=5603","title":{"rendered":"BARAKA K\u00dcLT\u00dcR MERKEZ\u0130&#8217;NDEN BASIN B\u0130LD\u0130R\u0130S\u0130: MOBESE&#8217;ye NOBESE!"},"content":{"rendered":"<p style=\"text-align: center;\"><a href=\"https:\/\/baraka.cc\/wp-content\/uploads\/2017\/11\/bbs.jpg\"><img decoding=\"async\" loading=\"lazy\" class=\"alignnone size-medium wp-image-5605\" alt=\"bbs\" src=\"https:\/\/baraka.cc\/wp-content\/uploads\/2017\/11\/bbs-300x178.jpg\" width=\"300\" height=\"178\" srcset=\"https:\/\/baraka.cc\/wp-content\/uploads\/2017\/11\/bbs-300x178.jpg 300w, https:\/\/baraka.cc\/wp-content\/uploads\/2017\/11\/bbs-1024x609.jpg 1024w, https:\/\/baraka.cc\/wp-content\/uploads\/2017\/11\/bbs.jpg 1279w\" sizes=\"(max-width: 300px) 100vw, 300px\" \/><\/a><\/p>\n<p>Bir s\u00fcre \u00f6nce TC &#8211; kktc aras\u0131nda imzalanan bir protokolle \u00fclkemizde MOBESE ad\u0131 verilen kamera sistemlerinin kurulaca\u011f\u0131 a\u00e7\u0131kland\u0131. Ve daha konu kamuoyunda tart\u0131\u015f\u0131lmadan, s\u00f6z konusu protokol, halk\u0131n iradesini yans\u0131tt\u0131\u011f\u0131n\u0131 iddia ettikleri Meclis&#8217;ten bile ge\u00e7meden, yani y\u00fcr\u00fcrl\u00fc\u011fe girmeden kameralar yerle\u015ftirilmeye ba\u015fland\u0131! K\u0131sacas\u0131, i\u015fbirlik\u00e7i ve hak hukuk tan\u0131maz h\u00fck\u00fcmet, toplumun t\u00fcm kesimlerini ilgilendiren, insan hak ve \u00f6zg\u00fcrl\u00fcklerini etkilemesi bak\u0131m\u0131ndan pek \u00e7ok \u00fclkede tart\u0131\u015fmalara sebep olan bir &#8220;g\u00f6zetim toplumu&#8221; uygulamas\u0131n\u0131, yine kendi kafas\u0131na (ya da ustas\u0131n\u0131n talimat\u0131na) g\u00f6re ba\u015flatm\u0131\u015f bulunuyor.<\/p>\n<p>MOBESE kameralar\u0131n\u0131n, su\u00e7lar\u0131 \u00f6nlemede kullan\u0131ld\u0131\u011f\u0131 iddia edilse de yap\u0131lan ara\u015ft\u0131rmalar, su\u00e7u \u00f6nlemede hi\u00e7 bir fonksiyonunun olmad\u0131\u011f\u0131n\u0131; t\u00fcm d\u00fcnyada ter\u00f6r, cinayet, soygun gibi \u00f6nemli su\u00e7lar\u0131n MOBESE&#8217;lere ra\u011fmen art\u0131\u015f g\u00f6sterdi\u011fini ortaya koymaktad\u0131r. Sadece su\u00e7un takip edilmesine ve daha \u00f6nemlisi televizyonlardan medyatik olarak g\u00f6sterilmesine y\u00f6nelik bir ama\u00e7la MOBESE&#8217;nin kullan\u0131ld\u0131\u011f\u0131 g\u00f6r\u00fclmektedir.<\/p>\n<p>\u00d6te yandan sokaklar\u0131m\u0131za, parklar\u0131m\u0131za, meydanlar\u0131m\u0131za yerle\u015ftirilecek kamera g\u00f6r\u00fcnt\u00fclerinin, kimin taraf\u0131ndan, ne kadar s\u00fcreyle ve ne ama\u00e7la kaydedilip kullan\u0131laca\u011f\u0131 da b\u00fcy\u00fck bir soru i\u015faretidir. \u00c7\u00fcnk\u00fc imzalanan protokolde, devletin t\u00fcm plaka bilgilerimizi TC&#8217;ye verece\u011fi a\u00e7\u0131k\u00e7a yazmakta ve TC&#8217;nin yetkili Bakan\u0131; &#8220;ASELSAN bu \u00e7al\u0131\u015fmalar\u0131 T\u00fcrkiye&#8217;de y\u00fcr\u00fctt\u00fc\u011f\u00fc gibi K\u0131br\u0131s&#8217;ta da y\u00fcr\u00fctecektir. \u0130nan\u0131yorum ki bu protokol ba\u011flar\u0131m\u0131z\u0131 daha da daha da kuvvetlendirecektir&#8221; demektedir. Hal b\u00f6yleyken, ba\u015fka \u00fclkelerde, kendi devletinin kontrol\u00fcndeyken dahi insan hak ve \u00f6zg\u00fcrl\u00fckleri bak\u0131m\u0131ndan ihlallere yol a\u00e7an MOBESE uygulamas\u0131, \u00fclkemizde daha da vahim sonu\u00e7lara gebedir.<\/p>\n<p>Hi\u00e7 bir hukuki zemini bulunmayan bu uygulama, \u00fclkemizde y\u00fcr\u00fcrl\u00fckte bulunan Ki\u015fisel Verilerin Korunmas\u0131 Yasas\u0131&#8217;ndaki &#8220;Di\u011fer \u00dclkelere Veri Transferi&#8221; kurallar\u0131 ile de \u00e7eli\u015fmektedir. Yasalar\u0131 uygulamakla ve yasa d\u0131\u015f\u0131l\u0131klar\u0131 \u00f6nlemekle y\u00fck\u00fcml\u00fc Polis Te\u015fkilat\u0131n\u0131n, hangi mevzuata dayanarak bu kameralar\u0131 yerle\u015ftirece\u011fi ise merak konusudur.<\/p>\n<p>Teknoloji \u00e7a\u011f\u0131nda, internet, ak\u0131ll\u0131 telefonlar, kredi kartlar\u0131, sokaklardaki \u00f6zel g\u00fcvenlik kameralar\u0131 gibi ara\u00e7larla ki\u015filerin veya bilgilerinin \u00f6zel \u015firketlerce de takip edildi\u011fi bilinmekle birlikte, devlet, elinde bulundurdu\u011fu kuvvet kullanma g\u00fcc\u00fc ve bask\u0131 arac\u0131 olabilme \u00f6zelli\u011fi bak\u0131m\u0131ndan di\u011ferlerinden ayr\u0131lmaktad\u0131r. Devletin bir \u00f6devi huzuru sa\u011flamak, su\u00e7lar\u0131 \u00f6nlemek veya kovu\u015fturmak ise di\u011fer bir \u00f6devi de hak ve \u00f6zg\u00fcrl\u00fckleri bask\u0131 alt\u0131na almamak, herkesin \u00f6zg\u00fcrce kendini ifade etmesinin \u00f6n\u00fcndeki maddi ve manevi engelleri kald\u0131rmakt\u0131r.<\/p>\n<p>Bakan\u0131n a\u011fz\u0131ndan 52 milyonluk bir proje oldu\u011fu s\u00f6ylenen MOBESE yerine, halk\u0131n ger\u00e7ek ihtiya\u00e7lar\u0131 dikkate al\u0131narak, yang\u0131n helikopteri al\u0131nabilir, s\u0131\u011f\u0131nma evi veya k\u00fclt\u00fcr-sanat merkezi a\u00e7\u0131labilir, hastanelerimizin, okullar\u0131m\u0131z\u0131n, yollar\u0131m\u0131z\u0131n nice ihtiya\u00e7lar\u0131 kar\u015f\u0131lanabilir!<\/p>\n<p>Bizleri g\u00f6zetleyecek MOBESE&#8217;ye NOBESE diyor ve t\u00fcm duyarl\u0131 \u00f6rg\u00fctleri, insan hak ve \u00f6zg\u00fcrl\u00fckleri ve kendi memleketimizde irade sahibi olma onurumuz ad\u0131na, itiraz\u0131n\u0131 y\u00fckseltmeye \u00e7a\u011f\u0131r\u0131yoruz.<\/p>\n<p>Baraka K\u00fclt\u00fcr Merkezi<\/p>\n<p>&nbsp;<\/p>\n<p>&nbsp;<\/p>\n","protected":false},"excerpt":{"rendered":"<p>Bir s\u00fcre \u00f6nce TC &#8211; kktc aras\u0131nda imzalanan bir protokolle \u00fclkemizde MOBESE ad\u0131 verilen kamera sistemlerinin kurulaca\u011f\u0131 a\u00e7\u0131kland\u0131. Ve daha konu kamuoyunda tart\u0131\u015f\u0131lmadan, s\u00f6z konusu<\/p>\n","protected":false},"author":3,"featured_media":5605,"comment_status":"open","ping_status":"open","sticky":false,"template":"","format":"standard","meta":{"jetpack_post_was_ever_published":false,"_jetpack_newsletter_access":"","_jetpack_newsletter_tier_id":0,"jetpack_publicize_message":"","jetpack_is_tweetstorm":false,"jetpack_publicize_feature_enabled":true,"jetpack_social_post_already_shared":true,"jetpack_social_options":{"image_generator_settings":{"template":"highway","enabled":false}}},"categories":[9,1],"tags":[],"jetpack_publicize_connections":[],"jetpack_featured_media_url":"https:\/\/baraka.cc\/wp-content\/uploads\/2017\/11\/bbs.jpg","jetpack_shortlink":"https:\/\/wp.me\/p4eHWX-1sn","jetpack_sharing_enabled":true,"_links":{"self":[{"href":"https:\/\/baraka.cc\/index.php?rest_route=\/wp\/v2\/posts\/5603"}],"collection":[{"href":"https:\/\/baraka.cc\/index.php?rest_route=\/wp\/v2\/posts"}],"about":[{"href":"https:\/\/baraka.cc\/index.php?rest_route=\/wp\/v2\/types\/post"}],"author":[{"embeddable":true,"href":"https:\/\/baraka.cc\/index.php?rest_route=\/wp\/v2\/users\/3"}],"replies":[{"embeddable":true,"href":"https:\/\/baraka.cc\/index.php?rest_route=%2Fwp%2Fv2%2Fcomments&post=5603"}],"version-history":[{"count":1,"href":"https:\/\/baraka.cc\/index.php?rest_route=\/wp\/v2\/posts\/5603\/revisions"}],"predecessor-version":[{"id":5606,"href":"https:\/\/baraka.cc\/index.php?rest_route=\/wp\/v2\/posts\/5603\/revisions\/5606"}],"wp:featuredmedia":[{"embeddable":true,"href":"https:\/\/baraka.cc\/index.php?rest_route=\/wp\/v2\/media\/5605"}],"wp:attachment":[{"href":"https:\/\/baraka.cc\/index.php?rest_route=%2Fwp%2Fv2%2Fmedia&parent=5603"}],"wp:term":[{"taxonomy":"category","embeddable":true,"href":"https:\/\/baraka.cc\/index.php?rest_route=%2Fwp%2Fv2%2Fcategories&post=5603"},{"taxonomy":"post_tag","embeddable":true,"href":"https:\/\/baraka.cc\/index.php?rest_route=%2Fwp%2Fv2%2Ftags&post=5603"}],"curies":[{"name":"wp","href":"https:\/\/api.w.org\/{rel}","templated":true}]}}