{"id":5608,"date":"2017-11-24T09:48:10","date_gmt":"2017-11-24T07:48:10","guid":{"rendered":"https:\/\/baraka.cc\/?p=5608"},"modified":"2017-11-24T09:48:10","modified_gmt":"2017-11-24T07:48:10","slug":"mobese-degil-siginma-evi","status":"publish","type":"post","link":"https:\/\/baraka.cc\/?p=5608","title":{"rendered":"MOBESE DE\u011e\u0130L SI\u011eINMA EV\u0130!"},"content":{"rendered":"<p>Minerva, Patria ve Maria\u2026 Dominik\u2019te ya\u015fam\u0131\u015f Mirabal ailesinin \u00fc\u00e7 k\u0131z\u0131. 25 Kas\u0131m 1960 sabah\u0131, hapishanedeki e\u015flerini ziyarete giderlerken diktat\u00f6rl\u00fc\u011f\u00fcn askerleri taraf\u0131ndan tecav\u00fcze u\u011fray\u0131p katledildiler. Su\u00e7lar\u0131, \u00fclkelerindeki fa\u015fist rejime kar\u015f\u0131 m\u00fccadele y\u00fcr\u00fctmek, d\u00fc\u015f\u00fcncelerini \u00f6zg\u00fcrce ifade edebilmeyi istemekti.<\/p>\n<p>Mirabal k\u0131z karde\u015fler, ne katledilen ilk kad\u0131nlard\u0131 ne de son oldular. Onlara uygulanan \u015fiddet asl\u0131nda bug\u00fcn d\u00fcnyadaki milyarlarca kad\u0131na uygulanandan farks\u0131zd\u0131r. Kocas\u0131ndan farkl\u0131 d\u00fc\u015f\u00fcnd\u00fc\u011f\u00fc i\u00e7in d\u00f6v\u00fclen, ailesine akl\u0131ndan ge\u00e7enleri s\u00f6yledi\u011finde &#8216;cezaland\u0131r\u0131lan&#8217;, hatta toplum i\u00e7erisinde kendisini ifade etti\u011fi i\u00e7in lin\u00e7 edilen kad\u0131nlar\u0131n hepsi Mirabal karde\u015flerin kaderini payla\u015f\u0131yor.<br \/>\n25 Kas\u0131m, y\u0131llard\u0131r kad\u0131nlar\u0131n evde, okulda, i\u015fte, sokakta, toplumsal her alanda bask\u0131 ve g\u00fc\u00e7 ile \u015fiddete maruz kald\u0131\u011f\u0131 g\u00fcnlerden sadece biri. Kad\u0131nlar\u0131n, kamusal ya da \u00f6zel ya\u015famda fiziksel, duygusal, sosyal, ekonomik ve cinsel anlamda kad\u0131nlara zarar veren bask\u0131, k\u0131s\u0131tlama, zorlama, a\u015fa\u011f\u0131lama, g\u00f6rmezden gelme gibi bir\u00e7ok \u015fekilde, babadan, abiden, kocadan, patrondan, i\u015f arkada\u015f\u0131ndan, devletten ve polisten her g\u00fcn ve her an \u015fiddet g\u00f6rmesi olas\u0131. \u00dcstelik de bu olas\u0131l\u0131k her ge\u00e7en g\u00fcn artmakta.<br \/>\nKad\u0131nlar\u0131n giyece\u011fi k\u0131yafetten do\u011furaca\u011f\u0131 \u00e7ocuk say\u0131s\u0131na, soka\u011fa \u00e7\u0131kaca\u011f\u0131 vakitten nerede ve nas\u0131l g\u00fclece\u011fine kadar kar\u0131\u015fabilme hakk\u0131 oldu\u011funu d\u00fc\u015f\u00fcnenlerin elleri her nefeste bo\u011faz\u0131m\u0131zda. Kom\u015fu evden gelen \u00e7\u0131\u011fl\u0131klar hi\u00e7 susmaz; gazetelerde tecav\u00fcz ve kad\u0131n cinayeti haberleri son bulmazken; lezbiyen, biseks\u00fcel, trans kad\u0131nlar cinsel y\u00f6nelimleri sebebiyle psikoljik ve fiziksel \u015fiddete maruz kal\u0131rken, o nefesi rahat almak m\u00fcmk\u00fcn m\u00fcd\u00fcr?<br \/>\n\u00dclkemizde alt\u0131 ay i\u00e7erisinde be\u015f kad\u0131n cinayeti ya\u015fan\u0131rken; devlet, erkek \u015fiddetini korumaya, halk\u0131n s\u0131\u011f\u0131nma evi talebine kula\u011f\u0131n\u0131 t\u0131kamaya, gece kul\u00fcplerindeki kad\u0131n s\u00f6m\u00fcr\u00fcs\u00fcnden vergi ve \u00e7\u0131kar sa\u011flamaya, kad\u0131n\u0131n y\u0131pranma pay\u0131n\u0131 ortadan kald\u0131rmaya devam ederken susup kalmak m\u00fcmk\u00fcn m\u00fcd\u00fcr?<br \/>\nY\u0131llard\u0131r s\u00f6yledi\u011fimiz \u015fiddeti \u00f6nleme mekanizmalar\u0131n\u0131 kurmak ve her il\u00e7eye bir s\u0131\u011f\u0131nma evi a\u00e7mak i\u00e7in b\u00fct\u00e7e ay\u0131rmayan devlet, her soka\u011fa MOBESE kameralar\u0131 koymaya b\u00fct\u00e7e bulabilmektedir. Kad\u0131na y\u00f6nelik \u015fiddeti \u00f6nle(ye)meyenler, sokaklarda bizleri g\u00f6zetleyerek kuracaklar\u0131 bask\u0131 toplumu ile su\u00e7lar\u0131 \u00f6nleyebileceklerini iddia etmektedir.<br \/>\n25 Kas\u0131m, toplumsal cinsiyet e\u015fitsizli\u011fine, ayr\u0131mc\u0131l\u0131\u011fa, ataerkiye, aile i\u00e7i \u015fiddete, sava\u015fa, \u0131rk\u00e7\u0131l\u0131\u011fa ve kad\u0131nlar\u0131 yok sayanlara kar\u015f\u0131 m\u00fccadele ve eylem g\u00fcn\u00fcd\u00fcr.<br \/>\nBizler Baraka K\u00fclt\u00fcr Merkezi olarak \u015fark\u0131lar\u0131m\u0131zla ve tiyatromuzla yine sokakta olaca\u011f\u0131z. Sen de gel! Bu m\u00fccadeleyi omuz omuza hep birlikte verelim.<\/p>\n<p>25 Kas\u0131m Cumartesi saat 14.30\u2019da Lefko\u015fa Ku\u011fulu Park\u2019ta bulu\u015fup kad\u0131nl\u0131 erkekli hayk\u0131ral\u0131m:<\/p>\n<p>SUSMA! HAYKIR! KADINA \u015e\u0130DDETE HAYIR!<\/p>\n","protected":false},"excerpt":{"rendered":"<p>Minerva, Patria ve Maria\u2026 Dominik\u2019te ya\u015fam\u0131\u015f Mirabal ailesinin \u00fc\u00e7 k\u0131z\u0131. 25 Kas\u0131m 1960 sabah\u0131, hapishanedeki e\u015flerini ziyarete giderlerken diktat\u00f6rl\u00fc\u011f\u00fcn askerleri taraf\u0131ndan tecav\u00fcze u\u011fray\u0131p katledildiler. Su\u00e7lar\u0131,<\/p>\n","protected":false},"author":9,"featured_media":5609,"comment_status":"open","ping_status":"open","sticky":false,"template":"","format":"standard","meta":{"jetpack_post_was_ever_published":false,"_jetpack_newsletter_access":"","_jetpack_newsletter_tier_id":0,"jetpack_publicize_message":"","jetpack_is_tweetstorm":false,"jetpack_publicize_feature_enabled":true,"jetpack_social_post_already_shared":true,"jetpack_social_options":{"image_generator_settings":{"template":"highway","enabled":false}}},"categories":[38,9,1],"tags":[],"jetpack_publicize_connections":[],"jetpack_featured_media_url":"https:\/\/baraka.cc\/wp-content\/uploads\/2017\/11\/foto.jpg","jetpack_shortlink":"https:\/\/wp.me\/p4eHWX-1ss","jetpack_sharing_enabled":true,"_links":{"self":[{"href":"https:\/\/baraka.cc\/index.php?rest_route=\/wp\/v2\/posts\/5608"}],"collection":[{"href":"https:\/\/baraka.cc\/index.php?rest_route=\/wp\/v2\/posts"}],"about":[{"href":"https:\/\/baraka.cc\/index.php?rest_route=\/wp\/v2\/types\/post"}],"author":[{"embeddable":true,"href":"https:\/\/baraka.cc\/index.php?rest_route=\/wp\/v2\/users\/9"}],"replies":[{"embeddable":true,"href":"https:\/\/baraka.cc\/index.php?rest_route=%2Fwp%2Fv2%2Fcomments&post=5608"}],"version-history":[{"count":1,"href":"https:\/\/baraka.cc\/index.php?rest_route=\/wp\/v2\/posts\/5608\/revisions"}],"predecessor-version":[{"id":5610,"href":"https:\/\/baraka.cc\/index.php?rest_route=\/wp\/v2\/posts\/5608\/revisions\/5610"}],"wp:featuredmedia":[{"embeddable":true,"href":"https:\/\/baraka.cc\/index.php?rest_route=\/wp\/v2\/media\/5609"}],"wp:attachment":[{"href":"https:\/\/baraka.cc\/index.php?rest_route=%2Fwp%2Fv2%2Fmedia&parent=5608"}],"wp:term":[{"taxonomy":"category","embeddable":true,"href":"https:\/\/baraka.cc\/index.php?rest_route=%2Fwp%2Fv2%2Fcategories&post=5608"},{"taxonomy":"post_tag","embeddable":true,"href":"https:\/\/baraka.cc\/index.php?rest_route=%2Fwp%2Fv2%2Ftags&post=5608"}],"curies":[{"name":"wp","href":"https:\/\/api.w.org\/{rel}","templated":true}]}}