{"id":5621,"date":"2017-11-29T10:54:58","date_gmt":"2017-11-29T08:54:58","guid":{"rendered":"https:\/\/baraka.cc\/?p=5621"},"modified":"2017-11-29T10:54:58","modified_gmt":"2017-11-29T08:54:58","slug":"doga-insan-iliskisi-onur-butuner","status":"publish","type":"post","link":"https:\/\/baraka.cc\/?p=5621","title":{"rendered":"Do\u011fa \u0130nsan \u0130li\u015fkisi &#8211; Onur B\u00fct\u00fcner"},"content":{"rendered":"<p>Argasdi dergimizin \u00c7evrEkoloji dosyas\u0131ndan do\u011fa-insan ili\u015fkisi konulu bir yaz\u0131&#8230;<\/p>\n<p style=\"text-align: center;\"><a href=\"https:\/\/baraka.cc\/wp-content\/uploads\/2017\/11\/3aa739c9-2.jpg\"><img decoding=\"async\" loading=\"lazy\" class=\"alignnone size-medium wp-image-5622\" alt=\"3aa739c9 (2)\" src=\"https:\/\/baraka.cc\/wp-content\/uploads\/2017\/11\/3aa739c9-2-259x300.jpg\" width=\"259\" height=\"300\" srcset=\"https:\/\/baraka.cc\/wp-content\/uploads\/2017\/11\/3aa739c9-2-259x300.jpg 259w, https:\/\/baraka.cc\/wp-content\/uploads\/2017\/11\/3aa739c9-2.jpg 600w\" sizes=\"(max-width: 259px) 100vw, 259px\" \/><\/a><\/p>\n<p>Do\u011fa ve insan ili\u015fkisinden \u00f6nce \u201cili\u015fki\u201d kelimesinin ne anlama geldi\u011fine bakmak gerekir diye d\u00fc\u015f\u00fcnmekteyim. \u0130li\u015fki, iki ya da daha \u00e7ok \u015fey aras\u0131ndaki kar\u015f\u0131l\u0131kl\u0131 ba\u011fd\u0131r. Yani bu tan\u0131mdan da anlad\u0131\u011f\u0131m\u0131z gibi bir ili\u015fkinin olabilmesi i\u00e7in en az iki \u015fey aras\u0131nda kar\u015f\u0131l\u0131kl\u0131 bir etkile\u015fimin olabilmesi gerekmektedir. Bu etkile\u015fim bir d\u00f6ng\u00fc \u015feklinde s\u00fcr\u00fcp gider.<\/p>\n<p>Do\u011fa kendini s\u00fcrekli yenileyen, canl\u0131 ve cans\u0131z varl\u0131klardan olu\u015fan bir yap\u0131d\u0131r. Do\u011fan\u0131n i\u00e7erisinde da\u011flar, ovalar, nehirler bulundu\u011fu gibi o alan\u0131n i\u00e7erisinde ya\u015fam s\u00fcren hayvanlar ve bitkiler de do\u011fan\u0131n bir par\u00e7as\u0131d\u0131r. \u0130nsan da do\u011fan\u0131n bir par\u00e7as\u0131d\u0131r. \u0130nsanl\u0131\u011f\u0131n var oldu\u011fu ilk \u00e7a\u011flara bakacak olursak o g\u00fcnlerde insanlar do\u011fada bulunan malzemeleri kullanarak temel ihtiya\u00e7lar\u0131n\u0131 kar\u015f\u0131lam\u0131\u015flar. Bu anlamda do\u011fa ile insan aras\u0131nda, insanl\u0131k tarihinin en ba\u015f\u0131ndan bug\u00fcne kadar kopmaz bir ba\u011f bulunmaktad\u0131r. Marx&#8217;\u0131n da dedi\u011fi gibi &#8220;do\u011fa, insan\u0131n organik olmayan v\u00fccududur.&#8221; Do\u011fa, i\u00e7inde ya\u015fad\u0131\u011f\u0131m\u0131z bir alan oldu\u011fundan do\u011fadan kopuk ya\u015famak m\u00fcmk\u00fcn de\u011fildir. \u0130nsanlar, do\u011fadan faydalanarak insanl\u0131\u011f\u0131n geli\u015fimini sa\u011flam\u0131\u015flard\u0131r. Eski zamanlara bakt\u0131\u011f\u0131m\u0131zda ma\u011faralar\u0131n ev olarak kullan\u0131lmas\u0131, ta\u015f ve sopalardan avlanmak i\u00e7in silah yap\u0131lmas\u0131, meyvelerin toplanmas\u0131 gibi bir\u00e7ok \u015fey g\u00fcn\u00fcm\u00fczde de do\u011fayla ili\u015fki bi\u00e7imimize g\u00f6re geli\u015fip farkl\u0131la\u015farak devam etmektedir.<\/p>\n<p>Do\u011fa ve insan aras\u0131ndaki ili\u015fki, Marx\u2019\u0131n da dedi\u011fi gibi emek \u00fczerinden ilerlemektedir. \u00c7\u00fcnk\u00fc insan eme\u011fi ile do\u011fay\u0131 de\u011fi\u015ftirir, do\u011fa da insan\u0131 de\u011fi\u015ftirir. Do\u011fan\u0131n insan\u0131 nas\u0131l de\u011fi\u015ftirdi\u011fini insanlar\u0131n bulundu\u011fu co\u011frafyaya g\u00f6re hem fizyolojik hem de karakteristik \u00f6zelliklerindeki de\u011fi\u015fimlere bakarak anlayabiliriz. Ya\u015fad\u0131\u011f\u0131m\u0131z co\u011frafyadaki ko\u015fullara g\u00f6re bedensel olarak, iklim farkl\u0131l\u0131klar\u0131na g\u00f6re de karakteristik olarak farkl\u0131l\u0131klar g\u00f6sterebilmekteyiz. \u0130\u015fte bu, do\u011fan\u0131n bizim \u00fczerimizdeki de\u011fi\u015fim etkisi ile do\u011frudan ilgilidir. Ayn\u0131 \u015fekilde insan da eme\u011fi ile do\u011fay\u0131 de\u011fi\u015ftirebilmektedir.<\/p>\n<p>Darwin\u2019in 1859 y\u0131l\u0131nda yay\u0131mlad\u0131\u011f\u0131 \u201cT\u00fcrlerin K\u00f6keni \u00dczerine\u201d adl\u0131 kitab\u0131nda geli\u015ftirdi\u011fi evrim teorisinin ekoloji a\u00e7\u0131s\u0131ndan \u00f6nemi \u201c\u00e7evrenin canl\u0131lar \u00fczerindeki etkisini\u201d ortaya koymas\u0131d\u0131r. Darwin tabiattaki b\u00fct\u00fcn canl\u0131lar\u0131n birbirleriyle ve cans\u0131z do\u011fayla ili\u015fki i\u00e7inde oldu\u011funu ortaya koyarak ve bunlar\u0131n birbiri ile uyum ve denge i\u00e7inde oldu\u011funu belirterek ekolojik perspektife \u00f6nemli katk\u0131lar sa\u011flam\u0131\u015ft\u0131r. Buradan da anl\u0131yoruz ki insan ile do\u011fa aras\u0131nda kar\u015f\u0131l\u0131kl\u0131 bir d\u00f6ng\u00fc vard\u0131r. \u0130nsanlar\u0131n giyecek ve yiyecek olarak t\u00fckettikleri, tekrar topra\u011fa d\u00f6nmektedir.<\/p>\n<p>\u00d6zellikle kentle\u015fmenin ba\u015flamas\u0131 ve sanayile\u015fmenin de etkisiyle, insan\u0131n do\u011fan\u0131n de\u011fi\u015fimine olumlu bir katk\u0131s\u0131 oldu\u011funu s\u00f6ylemek pek de do\u011fru olmaz kanaatindeyim. \u00c7\u00fcnk\u00fc sanayile\u015fmenin ba\u015flamas\u0131, daha k\u0131sa vadede \u00fcretimi sa\u011flamak i\u00e7in asl\u0131nda uzun vadede do\u011fan\u0131n talan edilmesine yol a\u00e7t\u0131. Ayn\u0131 \u015fekilde \u00fcretimdeki d\u00f6ng\u00fc ve insan ile toprak aras\u0131ndaki madde ileti\u015fimi de bozulmu\u015f oldu. Kapitalist \u00fcretim ile insan s\u00f6m\u00fcr\u00fcs\u00fc yarat\u0131ld\u0131\u011f\u0131 gibi topra\u011f\u0131n verimlili\u011fi de s\u00f6m\u00fcr\u00fcld\u00fc. Tar\u0131mda yap\u0131lan her \u201cilerleme\u201d ile toprak talan edilmeye devam edildi. B\u00f6ylece bu i\u015ften rant sa\u011flayanlar k\u0131sa s\u00fcrede daha \u00e7ok \u00fcr\u00fcn elde ederek daha kazan\u00e7l\u0131 hale geldi. Ancak topra\u011f\u0131n verimlili\u011fi d\u00fc\u015f\u00fcr\u00fclm\u00fc\u015f oldu.<\/p>\n<p style=\"text-align: center;\"><a href=\"https:\/\/baraka.cc\/wp-content\/uploads\/2017\/11\/em2.jpg\"><img decoding=\"async\" loading=\"lazy\" class=\"alignnone size-medium wp-image-5623\" alt=\"em2\" src=\"https:\/\/baraka.cc\/wp-content\/uploads\/2017\/11\/em2-300x225.jpg\" width=\"300\" height=\"225\" srcset=\"https:\/\/baraka.cc\/wp-content\/uploads\/2017\/11\/em2-300x225.jpg 300w, https:\/\/baraka.cc\/wp-content\/uploads\/2017\/11\/em2.jpg 1000w\" sizes=\"(max-width: 300px) 100vw, 300px\" \/><\/a><\/p>\n<p>Yak\u0131ndan uza\u011fa bakarak do\u011fan\u0131n dengesinin nas\u0131l bozuldu\u011funa g\u00fcn\u00fcm\u00fczden \u00f6rnek verecek olursak; \u00fclkemizde kontrols\u00fcz bir bi\u00e7imde orkinos av\u0131n\u0131n artmas\u0131 ile balon bal\u0131klar\u0131nda art\u0131\u015f g\u00f6zlemlendi. Balon bal\u0131klar\u0131n\u0131n art\u0131\u015f\u0131 resiflerin t\u00fckenmesini h\u0131zland\u0131rd\u0131 ve k\u0131y\u0131lar\u0131m\u0131zda k\u00f6pek bal\u0131klar\u0131n\u0131n art\u0131\u015f\u0131na yol a\u00e7t\u0131. Yak\u0131n zamanda \u0130stanbul\u2019da olanlara bakacak olursak \u00e7arp\u0131k kentle\u015fmenin etkisiyle, ya\u011fan bir ya\u011fmurda \u0130stanbul\u2019un sular alt\u0131nda kald\u0131\u011f\u0131n\u0131 g\u00f6rd\u00fck. Bunun yan\u0131nda da\u011flardaki ormanlar\u0131n yok edilmesi ile toprak kaymalar\u0131n\u0131n olu\u015ftu\u011funu g\u00f6zlemledik. T\u00fcrkiye\u2019de HES projeleri ile akan derelerin \u00f6n\u00fc kesilmeye \u00e7al\u0131\u015f\u0131ld\u0131. Ve oradaki ekolojik denge bozulmaya ba\u015flad\u0131. \u00dclkemize bakt\u0131\u011f\u0131m\u0131zda ise CTP h\u00fck\u00fcmeti zaman\u0131nda elektrik g\u00f6t\u00fcr\u00fclen Karpaz Milli Park\u0131 \u015fu s\u0131ralarda parsellenmeye ba\u015fland\u0131 ve b\u00fcy\u00fck \u015firketlere sat\u0131ld\u0131 y\u00f6n\u00fcnde dedikodular \u00e7\u0131kmaya ba\u015flad\u0131. B\u00f6ylece oradaki do\u011fal ya\u015fam da talan edilmi\u015f olacak. Bu talan oradaki dengeyi de bozacakt\u0131r ve orada ya\u015fayan hayvanlar\u0131n, bitkilerin zarar g\u00f6rmesine neden olunacakt\u0131r.<\/p>\n<p>T\u00fcm bu ya\u015fad\u0131klar\u0131m\u0131z\u0131 kapitalizimin etkisi ile modernle\u015fme safsatas\u0131n\u0131n alt\u0131nda ya\u015f\u0131yoruz. Oysa \u201cmodernle\u015fmemi\u015f\u201d toplumlar do\u011fayla bar\u0131\u015f\u0131k ve uyumlu bir bi\u00e7imde ya\u015famaya devam ediyor. Ancak biz yedi\u011fimiz yiyecekten giydi\u011fimiz giyece\u011fe kadar do\u011faya zarar veriyoruz. GDO\u2019lu, hormonlu, i\u015flenmi\u015f g\u0131dal\u0131 \u00fcr\u00fcnler ile besleniyoruz. Termik, n\u00fckleer santrallerin, baz istansyonlar\u0131n i\u00e7inde ya\u015fayarak elektrik ve ileti\u015fim ihtiyac\u0131m\u0131z\u0131 gideriyoruz. Peki ne mi yapal\u0131m? \u0130nsanl\u0131\u011f\u0131n geli\u015fimi i\u00e7in u\u011fra\u015fmayal\u0131m m\u0131?<\/p>\n<p>Evet u\u011fra\u015fal\u0131m. Buna kapitalist \u00fcretim ile do\u011fa ve insan s\u00f6m\u00fcr\u00fcs\u00fcn\u00fc durdurmaya \u00e7al\u0131\u015farak ba\u015flayal\u0131m. Do\u011fadan ald\u0131klar\u0131m\u0131z\u0131n kar\u015f\u0131l\u0131\u011f\u0131n\u0131 do\u011faya vererek \u00fcretelim; bu da ekolojik bir \u00fcretim \u015feklinden ge\u00e7er. Ekolojik \u00fcretim do\u011faya dolay\u0131s\u0131yla da bize yarar sa\u011flar. Do\u011fan\u0131n bir par\u00e7as\u0131 olan insan, d\u00fc\u015f\u00fcnebilen bir varl\u0131k da olmas\u0131 sebebiyle do\u011fay\u0131 d\u00f6n\u00fc\u015ft\u00fcrebilecek bir yetisi vard\u0131r. \u0130\u015fte bu yetiyi do\u011fan\u0131n s\u00fcrd\u00fcr\u00fclebilir d\u00f6ng\u00fcs\u00fcn\u00fc korumak i\u00e7in kullanmas\u0131 gerekmektedir. \u00c7\u00fcnk\u00fc eme\u011fimizi do\u011fan\u0131n bize sunduklar\u0131nda yo\u011furup ihtiya\u00e7lar\u0131m\u0131z\u0131 gideriyoruz. Bu y\u00fczden do\u011faya sayg\u0131l\u0131 bir \u015fekilde bunu yapmak g\u00f6revimiz olmal\u0131.<\/p>\n","protected":false},"excerpt":{"rendered":"<p>Argasdi dergimizin \u00c7evrEkoloji dosyas\u0131ndan do\u011fa-insan ili\u015fkisi konulu bir yaz\u0131&#8230; Do\u011fa ve insan ili\u015fkisinden \u00f6nce \u201cili\u015fki\u201d kelimesinin ne anlama geldi\u011fine bakmak gerekir diye d\u00fc\u015f\u00fcnmekteyim. \u0130li\u015fki, iki<\/p>\n","protected":false},"author":3,"featured_media":5622,"comment_status":"open","ping_status":"open","sticky":false,"template":"","format":"standard","meta":{"jetpack_post_was_ever_published":false,"_jetpack_newsletter_access":"","_jetpack_newsletter_tier_id":0,"jetpack_publicize_message":"","jetpack_is_tweetstorm":false,"jetpack_publicize_feature_enabled":true,"jetpack_social_post_already_shared":true,"jetpack_social_options":{"image_generator_settings":{"template":"highway","enabled":false}}},"categories":[40,67,38,9,42,1,39],"tags":[],"jetpack_publicize_connections":[],"jetpack_featured_media_url":"https:\/\/baraka.cc\/wp-content\/uploads\/2017\/11\/3aa739c9-2.jpg","jetpack_shortlink":"https:\/\/wp.me\/p4eHWX-1sF","jetpack_sharing_enabled":true,"_links":{"self":[{"href":"https:\/\/baraka.cc\/index.php?rest_route=\/wp\/v2\/posts\/5621"}],"collection":[{"href":"https:\/\/baraka.cc\/index.php?rest_route=\/wp\/v2\/posts"}],"about":[{"href":"https:\/\/baraka.cc\/index.php?rest_route=\/wp\/v2\/types\/post"}],"author":[{"embeddable":true,"href":"https:\/\/baraka.cc\/index.php?rest_route=\/wp\/v2\/users\/3"}],"replies":[{"embeddable":true,"href":"https:\/\/baraka.cc\/index.php?rest_route=%2Fwp%2Fv2%2Fcomments&post=5621"}],"version-history":[{"count":1,"href":"https:\/\/baraka.cc\/index.php?rest_route=\/wp\/v2\/posts\/5621\/revisions"}],"predecessor-version":[{"id":5624,"href":"https:\/\/baraka.cc\/index.php?rest_route=\/wp\/v2\/posts\/5621\/revisions\/5624"}],"wp:featuredmedia":[{"embeddable":true,"href":"https:\/\/baraka.cc\/index.php?rest_route=\/wp\/v2\/media\/5622"}],"wp:attachment":[{"href":"https:\/\/baraka.cc\/index.php?rest_route=%2Fwp%2Fv2%2Fmedia&parent=5621"}],"wp:term":[{"taxonomy":"category","embeddable":true,"href":"https:\/\/baraka.cc\/index.php?rest_route=%2Fwp%2Fv2%2Fcategories&post=5621"},{"taxonomy":"post_tag","embeddable":true,"href":"https:\/\/baraka.cc\/index.php?rest_route=%2Fwp%2Fv2%2Ftags&post=5621"}],"curies":[{"name":"wp","href":"https:\/\/api.w.org\/{rel}","templated":true}]}}