{"id":5625,"date":"2017-11-29T11:04:20","date_gmt":"2017-11-29T09:04:20","guid":{"rendered":"https:\/\/baraka.cc\/?p=5625"},"modified":"2017-11-29T11:04:20","modified_gmt":"2017-11-29T09:04:20","slug":"alaykoyde-egitim-seminerleri-ve-drama-atolyeleri-devam-ediyor","status":"publish","type":"post","link":"https:\/\/baraka.cc\/?p=5625","title":{"rendered":"ALAYK\u00d6Y\u2019DE E\u011e\u0130T\u0130M SEM\u0130NERLER\u0130 VE DRAMA AT\u00d6LYELER\u0130 DEVAM ED\u0130YOR"},"content":{"rendered":"<p style=\"text-align: center;\"><a href=\"https:\/\/baraka.cc\/wp-content\/uploads\/2017\/11\/alayk\u00f6y-el-ilan\u0131-foto1.jpg\"><img decoding=\"async\" loading=\"lazy\" class=\"alignnone size-medium wp-image-5626\" alt=\"alayk\u00f6y el ilan\u0131 foto\" src=\"https:\/\/baraka.cc\/wp-content\/uploads\/2017\/11\/alayk\u00f6y-el-ilan\u0131-foto1-300x225.jpg\" width=\"300\" height=\"225\" srcset=\"https:\/\/baraka.cc\/wp-content\/uploads\/2017\/11\/alayk\u00f6y-el-ilan\u0131-foto1-300x225.jpg 300w, https:\/\/baraka.cc\/wp-content\/uploads\/2017\/11\/alayk\u00f6y-el-ilan\u0131-foto1.jpg 960w\" sizes=\"(max-width: 300px) 100vw, 300px\" \/><\/a><\/p>\n<p style=\"text-align: left;\">Kad\u0131n E\u011fitimi Kolektifi ve Alayk\u00f6y K\u00fclt\u00fcr Sanat Derne\u011fi i\u015fbirli\u011fi ile Alayk\u00f6y\u2019de e\u011fitim seminerleri ve drama at\u00f6lyeleri ger\u00e7ekle\u015ftiriliyor. 24 Kas\u0131m\u2019da \u201cKad\u0131na Y\u00f6nelik \u015eiddet\u201d konusu ile ba\u015flayan program 12 Aral\u0131k tarihine kadar farkl\u0131 konulardaki seminerlerle devam edecek.<\/p>\n<p>28 Kas\u0131m Sal\u0131 ak\u015fam\u0131 ger\u00e7ekle\u015ftirilen \u201cToplumsal Cinsiyet\u201d konulu e\u011fitim \u00e7al\u0131\u015fmas\u0131nda, kat\u0131l\u0131mc\u0131lar toplumsal cinsiyetin ne oldu\u011fu, nas\u0131l in\u015fa edildi\u011fi, e\u015fitli\u011fin \u00f6n\u00fcndeki engeller ve bu engellerin ne \u015fekilde a\u015f\u0131laca\u011f\u0131 gibi konularda bilgilendirilirken drama at\u00f6lyesinde \u00e7e\u015fitli oyunlar oynanarak keyifli anlar ya\u015fand\u0131.<\/p>\n<p style=\"text-align: center;\"><a href=\"https:\/\/baraka.cc\/wp-content\/uploads\/2017\/11\/34.jpg\"><img decoding=\"async\" loading=\"lazy\" class=\"alignnone size-medium wp-image-5628\" alt=\"3\" src=\"https:\/\/baraka.cc\/wp-content\/uploads\/2017\/11\/34-300x225.jpg\" width=\"300\" height=\"225\" srcset=\"https:\/\/baraka.cc\/wp-content\/uploads\/2017\/11\/34-300x225.jpg 300w, https:\/\/baraka.cc\/wp-content\/uploads\/2017\/11\/34.jpg 960w\" sizes=\"(max-width: 300px) 100vw, 300px\" \/><\/a><\/p>\n<p style=\"text-align: center;\">\n<p style=\"text-align: center;\"><a href=\"https:\/\/baraka.cc\/wp-content\/uploads\/2017\/11\/41.jpg\"><img decoding=\"async\" loading=\"lazy\" class=\"alignnone size-medium wp-image-5629\" alt=\"4\" src=\"https:\/\/baraka.cc\/wp-content\/uploads\/2017\/11\/41-300x225.jpg\" width=\"300\" height=\"225\" srcset=\"https:\/\/baraka.cc\/wp-content\/uploads\/2017\/11\/41-300x225.jpg 300w, https:\/\/baraka.cc\/wp-content\/uploads\/2017\/11\/41.jpg 960w\" sizes=\"(max-width: 300px) 100vw, 300px\" \/><\/a><\/p>\n<p style=\"text-align: center;\">\n<p>Alayk\u00f6y K\u00fclt\u00fcr Sanat Derne\u011fi\u2019nin k\u00f6y merkezindeki binas\u0131nda \u00fccretsiz olarak yap\u0131lan ve g\u00f6rsellerle desteklenen seminerler dizisi, 1 Aral\u0131k Cuma ak\u015fam\u0131 saat 19.30\u2019da \u201cK\u0131br\u0131s\u2019ta Kad\u0131n Hareketi\u201d konusu ile devam edecek. En az d\u00f6rt seminere kat\u0131lanlara sertifika verilecek olan program ise \u015f\u00f6yle:<\/p>\n<p>&#8211; 1 ARALIK CUMA 19.30-21.30 KIBRIS\u2019TA KADIN HAREKET\u0130<\/p>\n<p>&#8211; 5 ARALIK SALI 19.30-21.30 BEDEN POL\u0130T\u0130KALARI<\/p>\n<p>&#8211; 8 ARALIK CUMA 19.30-21.30 KADIN VE MEDYA<\/p>\n<p>&#8211; 12 ARALIK SALI 19.30-21.30 EV \u0130\u00c7\u0130 EMEK VE SERT\u0130F\u0130KA T\u00d6REN\u0130<\/p>\n<p>Kad\u0131n E\u011fitimi Kolektifi hakk\u0131nda detayl\u0131 bilgi ve seminer talepleri i\u00e7in 0548 842 02 72 numaral\u0131 telefon aranabilir.<\/p>\n<p><a href=\"https:\/\/baraka.cc\/wp-content\/uploads\/2017\/11\/14.jpg\"><img decoding=\"async\" loading=\"lazy\" class=\"alignnone size-medium wp-image-5630\" alt=\"1\" src=\"https:\/\/baraka.cc\/wp-content\/uploads\/2017\/11\/14-300x225.jpg\" width=\"300\" height=\"225\" srcset=\"https:\/\/baraka.cc\/wp-content\/uploads\/2017\/11\/14-300x225.jpg 300w, https:\/\/baraka.cc\/wp-content\/uploads\/2017\/11\/14.jpg 960w\" sizes=\"(max-width: 300px) 100vw, 300px\" \/><\/a><\/p>\n<p><a href=\"https:\/\/baraka.cc\/wp-content\/uploads\/2017\/11\/21.jpg\"><img decoding=\"async\" loading=\"lazy\" class=\"alignnone size-medium wp-image-5627\" alt=\"2\" src=\"https:\/\/baraka.cc\/wp-content\/uploads\/2017\/11\/21-300x225.jpg\" width=\"300\" height=\"225\" srcset=\"https:\/\/baraka.cc\/wp-content\/uploads\/2017\/11\/21-300x225.jpg 300w, https:\/\/baraka.cc\/wp-content\/uploads\/2017\/11\/21.jpg 960w\" sizes=\"(max-width: 300px) 100vw, 300px\" \/><\/a><\/p>\n<p>&nbsp;<\/p>\n","protected":false},"excerpt":{"rendered":"<p>Kad\u0131n E\u011fitimi Kolektifi ve Alayk\u00f6y K\u00fclt\u00fcr Sanat Derne\u011fi i\u015fbirli\u011fi ile Alayk\u00f6y\u2019de e\u011fitim seminerleri ve drama at\u00f6lyeleri ger\u00e7ekle\u015ftiriliyor. 24 Kas\u0131m\u2019da \u201cKad\u0131na Y\u00f6nelik \u015eiddet\u201d konusu ile ba\u015flayan<\/p>\n","protected":false},"author":3,"featured_media":5626,"comment_status":"open","ping_status":"open","sticky":false,"template":"","format":"standard","meta":{"jetpack_post_was_ever_published":false,"_jetpack_newsletter_access":"","_jetpack_newsletter_tier_id":0,"jetpack_publicize_message":"","jetpack_is_tweetstorm":false,"jetpack_publicize_feature_enabled":true,"jetpack_social_post_already_shared":true,"jetpack_social_options":{"image_generator_settings":{"template":"highway","enabled":false}}},"categories":[9,1],"tags":[],"jetpack_publicize_connections":[],"jetpack_featured_media_url":"https:\/\/baraka.cc\/wp-content\/uploads\/2017\/11\/alayk\u00f6y-el-ilan\u0131-foto1.jpg","jetpack_shortlink":"https:\/\/wp.me\/p4eHWX-1sJ","jetpack_sharing_enabled":true,"_links":{"self":[{"href":"https:\/\/baraka.cc\/index.php?rest_route=\/wp\/v2\/posts\/5625"}],"collection":[{"href":"https:\/\/baraka.cc\/index.php?rest_route=\/wp\/v2\/posts"}],"about":[{"href":"https:\/\/baraka.cc\/index.php?rest_route=\/wp\/v2\/types\/post"}],"author":[{"embeddable":true,"href":"https:\/\/baraka.cc\/index.php?rest_route=\/wp\/v2\/users\/3"}],"replies":[{"embeddable":true,"href":"https:\/\/baraka.cc\/index.php?rest_route=%2Fwp%2Fv2%2Fcomments&post=5625"}],"version-history":[{"count":1,"href":"https:\/\/baraka.cc\/index.php?rest_route=\/wp\/v2\/posts\/5625\/revisions"}],"predecessor-version":[{"id":5631,"href":"https:\/\/baraka.cc\/index.php?rest_route=\/wp\/v2\/posts\/5625\/revisions\/5631"}],"wp:featuredmedia":[{"embeddable":true,"href":"https:\/\/baraka.cc\/index.php?rest_route=\/wp\/v2\/media\/5626"}],"wp:attachment":[{"href":"https:\/\/baraka.cc\/index.php?rest_route=%2Fwp%2Fv2%2Fmedia&parent=5625"}],"wp:term":[{"taxonomy":"category","embeddable":true,"href":"https:\/\/baraka.cc\/index.php?rest_route=%2Fwp%2Fv2%2Fcategories&post=5625"},{"taxonomy":"post_tag","embeddable":true,"href":"https:\/\/baraka.cc\/index.php?rest_route=%2Fwp%2Fv2%2Ftags&post=5625"}],"curies":[{"name":"wp","href":"https:\/\/api.w.org\/{rel}","templated":true}]}}