{"id":5633,"date":"2017-12-04T11:40:48","date_gmt":"2017-12-04T09:40:48","guid":{"rendered":"https:\/\/baraka.cc\/?p=5633"},"modified":"2017-12-04T11:40:48","modified_gmt":"2017-12-04T09:40:48","slug":"sol-anahtari-bademlikoydeydi","status":"publish","type":"post","link":"https:\/\/baraka.cc\/?p=5633","title":{"rendered":"SOL ANAHTARI BADEML\u0130K\u00d6Y\u2019DEYD\u0130"},"content":{"rendered":"<p><a href=\"https:\/\/baraka.cc\/wp-content\/uploads\/2017\/12\/24282485_10213082844843136_1611050389_n.jpg\"><img decoding=\"async\" loading=\"lazy\" class=\"alignnone size-medium wp-image-5634\" alt=\"24282485_10213082844843136_1611050389_n\" src=\"https:\/\/baraka.cc\/wp-content\/uploads\/2017\/12\/24282485_10213082844843136_1611050389_n-300x168.jpg\" width=\"300\" height=\"168\" srcset=\"https:\/\/baraka.cc\/wp-content\/uploads\/2017\/12\/24282485_10213082844843136_1611050389_n-300x168.jpg 300w, https:\/\/baraka.cc\/wp-content\/uploads\/2017\/12\/24282485_10213082844843136_1611050389_n.jpg 960w\" sizes=\"(max-width: 300px) 100vw, 300px\" \/><\/a><\/p>\n<p>Baraka M\u00fczik Toplulu\u011fu Sol Anahtar\u0131, ge\u00e7en y\u0131llarda kaybetti\u011fimiz ve K\u0131br\u0131s\u2019\u0131n en \u00f6nemli \u015fairlerinden birisi olarak kabul edilen Fikret Demira\u011f an\u0131s\u0131na bu y\u0131l ilk kez d\u00fczenlenen \u201c1. Uluslararas\u0131 Fikret Demira\u011f \u015eiir Festivali\u201d kapsam\u0131nda Bademlik\u00f6y\u2019de sahne ald\u0131. Fikret Demira\u011f an\u0131s\u0131na olu\u015fturulan \u015eiir Tepesi\u2019nde sevilen \u015fark\u0131lar\u0131n\u0131 seslendiren grup, baz\u0131 \u015fark\u0131lardan \u00f6nce Fikret Demira\u011f\u2019\u0131n \u015fiirlerinden kesitler okuyup \u015fark\u0131lar\u0131n\u0131 Fikret Demira\u011f\u2019a ithaf etti.<\/p>\n<p>&nbsp;<\/p>\n<p>&nbsp;<\/p>\n","protected":false},"excerpt":{"rendered":"<p>Baraka M\u00fczik Toplulu\u011fu Sol Anahtar\u0131, ge\u00e7en y\u0131llarda kaybetti\u011fimiz ve K\u0131br\u0131s\u2019\u0131n en \u00f6nemli \u015fairlerinden birisi olarak kabul edilen Fikret Demira\u011f an\u0131s\u0131na bu y\u0131l ilk kez d\u00fczenlenen<\/p>\n","protected":false},"author":4,"featured_media":5636,"comment_status":"open","ping_status":"open","sticky":false,"template":"","format":"standard","meta":{"jetpack_post_was_ever_published":false,"_jetpack_newsletter_access":"","_jetpack_newsletter_tier_id":0,"jetpack_publicize_message":"","jetpack_is_tweetstorm":false,"jetpack_publicize_feature_enabled":true,"jetpack_social_post_already_shared":true,"jetpack_social_options":{"image_generator_settings":{"template":"highway","enabled":false}}},"categories":[9,24,1,23],"tags":[],"jetpack_publicize_connections":[],"jetpack_featured_media_url":"https:\/\/baraka.cc\/wp-content\/uploads\/2017\/12\/24463266_10213082847563204_760954526_o.jpg","jetpack_shortlink":"https:\/\/wp.me\/p4eHWX-1sR","jetpack_sharing_enabled":true,"_links":{"self":[{"href":"https:\/\/baraka.cc\/index.php?rest_route=\/wp\/v2\/posts\/5633"}],"collection":[{"href":"https:\/\/baraka.cc\/index.php?rest_route=\/wp\/v2\/posts"}],"about":[{"href":"https:\/\/baraka.cc\/index.php?rest_route=\/wp\/v2\/types\/post"}],"author":[{"embeddable":true,"href":"https:\/\/baraka.cc\/index.php?rest_route=\/wp\/v2\/users\/4"}],"replies":[{"embeddable":true,"href":"https:\/\/baraka.cc\/index.php?rest_route=%2Fwp%2Fv2%2Fcomments&post=5633"}],"version-history":[{"count":2,"href":"https:\/\/baraka.cc\/index.php?rest_route=\/wp\/v2\/posts\/5633\/revisions"}],"predecessor-version":[{"id":5637,"href":"https:\/\/baraka.cc\/index.php?rest_route=\/wp\/v2\/posts\/5633\/revisions\/5637"}],"wp:featuredmedia":[{"embeddable":true,"href":"https:\/\/baraka.cc\/index.php?rest_route=\/wp\/v2\/media\/5636"}],"wp:attachment":[{"href":"https:\/\/baraka.cc\/index.php?rest_route=%2Fwp%2Fv2%2Fmedia&parent=5633"}],"wp:term":[{"taxonomy":"category","embeddable":true,"href":"https:\/\/baraka.cc\/index.php?rest_route=%2Fwp%2Fv2%2Fcategories&post=5633"},{"taxonomy":"post_tag","embeddable":true,"href":"https:\/\/baraka.cc\/index.php?rest_route=%2Fwp%2Fv2%2Ftags&post=5633"}],"curies":[{"name":"wp","href":"https:\/\/api.w.org\/{rel}","templated":true}]}}