{"id":5639,"date":"2017-12-04T13:55:11","date_gmt":"2017-12-04T11:55:11","guid":{"rendered":"https:\/\/baraka.cc\/?p=5639"},"modified":"2017-12-04T13:55:11","modified_gmt":"2017-12-04T11:55:11","slug":"barakadan-serdar-denktasa-soylediklerin-dogruysa-ispatla-yalansa-ozur-dile","status":"publish","type":"post","link":"https:\/\/baraka.cc\/?p=5639","title":{"rendered":"Baraka&#8217;dan Serdar Denkta\u015f&#8217;a: &#8220;S\u00f6ylediklerin Do\u011fruysa \u0130spatla, Yalansa \u00d6z\u00fcr Dile&#8221;"},"content":{"rendered":"<p style=\"text-align: center;\"><b><a href=\"https:\/\/baraka.cc\/wp-content\/uploads\/2017\/12\/24726571_10155820334367086_333050929_n.jpg\"><img decoding=\"async\" loading=\"lazy\" class=\"alignnone size-medium wp-image-5640\" alt=\"24726571_10155820334367086_333050929_n\" src=\"https:\/\/baraka.cc\/wp-content\/uploads\/2017\/12\/24726571_10155820334367086_333050929_n-300x225.jpg\" width=\"300\" height=\"225\" srcset=\"https:\/\/baraka.cc\/wp-content\/uploads\/2017\/12\/24726571_10155820334367086_333050929_n-300x225.jpg 300w, https:\/\/baraka.cc\/wp-content\/uploads\/2017\/12\/24726571_10155820334367086_333050929_n.jpg 960w\" sizes=\"(max-width: 300px) 100vw, 300px\" \/><\/a><\/b><\/p>\n<p>Baraka K\u00fclt\u00fcr Merkezi aktivistleri bug\u00fcn (4 Aral\u0131k Pazartesi) Lefko\u015fa Mahkemesi \u00f6n\u00fcnde bir bas\u0131n a\u00e7\u0131klamas\u0131 yaparak Serdar Denkta\u015f\u2019a a\u00e7m\u0131\u015f olduklar\u0131 dava ile ilgili bilgi verdi. A\u00e7\u0131klamaya derne\u011fin avukat\u0131 da kat\u0131larak dava s\u00fcrecinde bug\u00fcn gelinen a\u015famay\u0131 anlatt\u0131. A\u00e7\u0131klamada \u015funlar dile getirildi:<\/p>\n<p>Hat\u0131rlanaca\u011f\u0131 \u00fczere ge\u00e7en y\u0131l bu d\u00f6nemlerde, karanl\u0131kta okula giden iki gencimizi ve bir de otob\u00fcs \u015fof\u00f6r\u00fcn\u00fc kaybetmi\u015f ve bunun \u00fczerine t\u00fcm halk\u0131m\u0131zla birlikte kitlesel eylemler yapm\u0131\u015ft\u0131k. Her \u015feyden \u00f6nce devletin sorumsuzlu\u011fu ve i\u015fbirlik\u00e7i h\u00fck\u00fcmetin yanl\u0131\u015f kararlar\u0131 y\u00fcz\u00fcnden kaybedilen canlar\u0131 an\u0131yor ve bu ac\u0131n\u0131n unutulmayaca\u011f\u0131n\u0131, hayat\u0131m\u0131za mal olan bu d\u00fczenin eninde sonunda de\u011fi\u015fece\u011fini vurguluyoruz.<\/p>\n<p>Serdar Denkta\u015f, o d\u00f6nemde kat\u0131ld\u0131\u011f\u0131 bir televizyon program\u0131nda, derne\u011fimiz ve aktivistimiz M\u00fcn\u00fcr Rahvanc\u0131o\u011flu hakk\u0131nda,\u00a0 gen\u00e7leri provoke etmek ve insanlar\u0131n ac\u0131s\u0131n\u0131n \u00fczerinden vandalizm yapmak gibi \u00e7irkin iftiralarda bulunmu\u015ftu. Ayr\u0131ca Baraka\u2019n\u0131n Avrupa Birli\u011fi\u2019nden para alarak, halk\u0131 devletten so\u011futmak ve olas\u0131 bir planda \u201cevet\u201de haz\u0131rlamak i\u00e7in eylemleri provoke etti\u011fi yalan\u0131n\u0131 s\u00f6ylemi\u015fti. T\u00fcm bunlar\u0131n yalan bilgiler oldu\u011funu ortaya koyarak Denkta\u015f\u2019\u0131 ispata davet etti\u011fimizi bas\u0131n arac\u0131l\u0131\u011f\u0131yla s\u00f6ylesek de herhangi bir d\u00fczeltme veya \u00f6z\u00fcr yap\u0131lmam\u0131\u015ft\u0131. Bir ki\u015fiyi veya kurumu provokat\u00f6rl\u00fck ve vandalizmle su\u00e7lamak hakaret oldu\u011fundan Serdar Denkta\u015f aleyhine su\u00e7 duyurusunda bulunmu\u015ftuk ve ayr\u0131ca tazminat davas\u0131 da a\u00e7m\u0131\u015ft\u0131k.<\/p>\n<p>Davam\u0131z\u0131n gelinen a\u015famas\u0131nda, \u00f6nce \u00f6z\u00fcr dilenmesi konu\u015fulmu\u015f, iftiralar\u0131n neler oldu\u011funu ve ger\u00e7ekleri i\u00e7eren bir \u00f6z\u00fcr metninin kar\u015f\u0131 tarafa sunulmas\u0131na ra\u011fmen d\u00fczeltme ve \u00f6z\u00fcre yana\u015f\u0131lmam\u0131\u015ft\u0131r. Bug\u00fcnse Serdar Denkta\u015f\u2019\u0131n avukatlar\u0131, yaz\u0131l\u0131 m\u00fcdafaa vermek durumunda kalm\u0131\u015ft\u0131r.<\/p>\n<p>Gerek Baraka\u2019n\u0131n gerekse Serdar Denkta\u015f\u2019\u0131n d\u00fcr\u00fcstl\u00fc\u011f\u00fc konusunda, halk\u0131m\u0131z\u0131n zaten bildi\u011fi ger\u00e7ekler, eninde sonunda ortaya \u00e7\u0131kacakt\u0131r.<\/p>\n<p>&nbsp;<\/p>\n","protected":false},"excerpt":{"rendered":"<p>Baraka K\u00fclt\u00fcr Merkezi aktivistleri bug\u00fcn (4 Aral\u0131k Pazartesi) Lefko\u015fa Mahkemesi \u00f6n\u00fcnde bir bas\u0131n a\u00e7\u0131klamas\u0131 yaparak Serdar Denkta\u015f\u2019a a\u00e7m\u0131\u015f olduklar\u0131 dava ile ilgili bilgi verdi. A\u00e7\u0131klamaya<\/p>\n","protected":false},"author":3,"featured_media":5640,"comment_status":"open","ping_status":"open","sticky":false,"template":"","format":"standard","meta":{"jetpack_post_was_ever_published":false,"_jetpack_newsletter_access":"","_jetpack_newsletter_tier_id":0,"jetpack_publicize_message":"","jetpack_is_tweetstorm":false,"jetpack_publicize_feature_enabled":true,"jetpack_social_post_already_shared":true,"jetpack_social_options":{"image_generator_settings":{"template":"highway","enabled":false}}},"categories":[9,1],"tags":[],"jetpack_publicize_connections":[],"jetpack_featured_media_url":"https:\/\/baraka.cc\/wp-content\/uploads\/2017\/12\/24726571_10155820334367086_333050929_n.jpg","jetpack_shortlink":"https:\/\/wp.me\/p4eHWX-1sX","jetpack_sharing_enabled":true,"_links":{"self":[{"href":"https:\/\/baraka.cc\/index.php?rest_route=\/wp\/v2\/posts\/5639"}],"collection":[{"href":"https:\/\/baraka.cc\/index.php?rest_route=\/wp\/v2\/posts"}],"about":[{"href":"https:\/\/baraka.cc\/index.php?rest_route=\/wp\/v2\/types\/post"}],"author":[{"embeddable":true,"href":"https:\/\/baraka.cc\/index.php?rest_route=\/wp\/v2\/users\/3"}],"replies":[{"embeddable":true,"href":"https:\/\/baraka.cc\/index.php?rest_route=%2Fwp%2Fv2%2Fcomments&post=5639"}],"version-history":[{"count":2,"href":"https:\/\/baraka.cc\/index.php?rest_route=\/wp\/v2\/posts\/5639\/revisions"}],"predecessor-version":[{"id":5642,"href":"https:\/\/baraka.cc\/index.php?rest_route=\/wp\/v2\/posts\/5639\/revisions\/5642"}],"wp:featuredmedia":[{"embeddable":true,"href":"https:\/\/baraka.cc\/index.php?rest_route=\/wp\/v2\/media\/5640"}],"wp:attachment":[{"href":"https:\/\/baraka.cc\/index.php?rest_route=%2Fwp%2Fv2%2Fmedia&parent=5639"}],"wp:term":[{"taxonomy":"category","embeddable":true,"href":"https:\/\/baraka.cc\/index.php?rest_route=%2Fwp%2Fv2%2Fcategories&post=5639"},{"taxonomy":"post_tag","embeddable":true,"href":"https:\/\/baraka.cc\/index.php?rest_route=%2Fwp%2Fv2%2Ftags&post=5639"}],"curies":[{"name":"wp","href":"https:\/\/api.w.org\/{rel}","templated":true}]}}