{"id":5643,"date":"2017-12-06T12:10:12","date_gmt":"2017-12-06T10:10:12","guid":{"rendered":"https:\/\/baraka.cc\/?p=5643"},"modified":"2017-12-06T12:10:12","modified_gmt":"2017-12-06T10:10:12","slug":"ulkemizdeki-cevrekoloji-mucadelesine-genel-bakis-mustafa-batak","status":"publish","type":"post","link":"https:\/\/baraka.cc\/?p=5643","title":{"rendered":"\u00dclkemizdeki \u00c7evrEkoloji M\u00fccadelesine Genel Bak\u0131\u015f &#8211; Mustafa Batak"},"content":{"rendered":"<p><em>Argasdi dergimizin 48. say\u0131s\u0131ndaki \u00c7evrEkoloji dosyas\u0131ndan bir yaz\u0131&#8230;<\/em><\/p>\n<p style=\"text-align: center;\"><a href=\"https:\/\/baraka.cc\/wp-content\/uploads\/2017\/12\/57354.jpg\"><img decoding=\"async\" loading=\"lazy\" class=\"alignnone size-medium wp-image-5644\" alt=\"57354\" src=\"https:\/\/baraka.cc\/wp-content\/uploads\/2017\/12\/57354-300x150.jpg\" width=\"300\" height=\"150\" srcset=\"https:\/\/baraka.cc\/wp-content\/uploads\/2017\/12\/57354-300x150.jpg 300w, https:\/\/baraka.cc\/wp-content\/uploads\/2017\/12\/57354.jpg 880w\" sizes=\"(max-width: 300px) 100vw, 300px\" \/><\/a><\/p>\n<p>Neoliberal sald\u0131r\u0131lar\u0131n t\u00fcm d\u00fcnyay\u0131 etkisi alt\u0131na ald\u0131\u011f\u0131 bu d\u00f6nemde, her alanda oldu\u011fu gibi \u00e7evre ve ekoloji alan\u0131nda da ticarile\u015ftirme ve piyasala\u015ft\u0131rma s\u00f6z konusu\u2026 E\u011fitim, sa\u011fl\u0131k, ula\u015f\u0131m, bar\u0131nma ve daha pek \u00e7ok alana yap\u0131lan sald\u0131r\u0131lar, hedeflenen b\u00fct\u00fcn\u00fcn bir par\u00e7as\u0131d\u0131r ve hatta bu b\u00fct\u00fcn\u00fcn i\u00e7erisinde, do\u011fan\u0131n her bir par\u00e7as\u0131n\u0131 piyasala\u015ft\u0131r\u0131p \u00f6l\u00e7e\u011fi geni\u015fletmek ve kar\u0131 b\u00fcy\u00fctmek de vard\u0131r. Dahas\u0131, t\u00fcm bunlar planlan\u0131p, bu y\u00f6nde bir tak\u0131m ad\u0131mlar at\u0131l\u0131rken; do\u011fay\u0131 ve canl\u0131lar\u0131 d\u00fc\u015f\u00fcnmek bir kenara dursun, bu canl\u0131lar; ya yok say\u0131l\u0131yor ya da planlanan \u00e7er\u00e7evede ya\u015fam alanlar\u0131ndan kopart\u0131l\u0131p \u00f6l\u00fcme mahk\u00fbm ediliyor. \u00d6rne\u011fin, 2007\u2019de CTP eliyle elektrik g\u00f6t\u00fcr\u00fclerek, sermayeye haz\u0131rlanan Karpaz\u2019da, bug\u00fcn imara a\u00e7\u0131lma endi\u015fesi ve e\u015feklerin do\u011fal ya\u015fam\u0131ndan kopar\u0131lmas\u0131 gibi s\u00f6ylentiler s\u00f6z konusu. Gorno Tepesi\u2019nden Bedis Piknik alan\u0131na do\u011fan\u0131n piyasala\u015ft\u0131r\u0131lmas\u0131 denemeleri devam ederken, ta\u015f ocaklar\u0131nda rant u\u011fruna da\u011flar\u0131m\u0131z oyuluyor. Do\u011faya yap\u0131lan sald\u0131r\u0131lar\u0131n \u00f6rnekleri irili ufakl\u0131 \u00e7o\u011falt\u0131labilir. Ancak esas olan hedeflenen d\u00f6n\u00fc\u015f\u00fcm\u00fcn kendisidir ve bundan da \u00f6nemlisi bizlerin buna nas\u0131l tepki g\u00f6sterdi\u011fidir\u2026<\/p>\n<p>K\u0131br\u0131s\u2019\u0131n kuzeyinde s\u00fcreklilik arz eden ekososyalist m\u00fccadeleden s\u00f6z etmemiz m\u00fcmk\u00fcn de\u011fildir. Ancak s\u00fcre\u00e7ler gelip bizi bulduk\u00e7a olu\u015fan daha \u00e7ok \u015fehir merkezli, N\u00fckleere Hay\u0131r Platformu, Su Platformu, \u00c7evre Platformu ve Girne \u0130nisiyatifi gibi yap\u0131lanmalarla, muhalif sesler y\u00fckseltilebiliyor. Do\u011fa talan\u0131 veya ticarile\u015ftirilmesi gibi sorunlar Lefke, Zeytinlik, Bedis, Vasilya gibi yerel b\u00f6lgelerde \u00f6ne \u00e7\u0131kt\u0131\u011f\u0131ndan son d\u00f6nemde \u00e7evre m\u00fccadeleleri buralardan da y\u00fckseliyor.<\/p>\n<p><b>Eksik B\u0131rak\u0131lanlar\u2026<\/b><\/p>\n<p>K\u00f6ylerde ya\u015fayan insanlar\u0131n topra\u011fa temas\u0131, \u015fehirlerde ya\u015fayan insanlara g\u00f6re \u00e7ok daha fazla oldu\u011fundan, yap\u0131lacak m\u00fcdahaleye kar\u015f\u0131 koyulan \u00f6fke de bir o kadar b\u00fcy\u00fck oluyor. Ancak bu \u00f6fkenin, daha \u00e7ok sol liberallerin y\u00f6nlendirmesiyle \u201cyasalc\u0131\u201d bir noktaya yaslanma istenci \u00f6nemli bir sorundur. Toplumun \u201cbal\u0131k haf\u0131zal\u0131\u201d oldu\u011fu inanc\u0131yla ge\u00e7mi\u015fte kendilerinin yapt\u0131\u011f\u0131 do\u011fa d\u00fc\u015fman\u0131 uygulamalar\u0131n \u00e7abucak unutulaca\u011f\u0131 d\u00fc\u015f\u00fcncesi, \u00f6fkeyle \u00f6r\u00fclen m\u00fccadelenin \u00f6n\u00fcne ge\u00e7iyor.\u00a0Sadece yasalara dayanarak konunun yarg\u0131ya ta\u015f\u0131nmas\u0131 elbette \u00f6nemli ve gereklidir. Ancak m\u00fccadeleyi mahkeme salonlar\u0131na hapsetmek, sonucu olumlu dahi olsa tam bir kazan\u0131m de\u011fildir. \u00c7\u00fcnk\u00fc bir g\u00fcn yasalar\u0131 yapanlar\u0131n sermayeyle el ele verip o yasalar\u0131 kendilerine g\u00f6re de\u011fi\u015ftirmeyeceklerinin garantisini yoktur! H\u00fck\u00fcmetteki UBP-DP koalisyonunun her konuda oldu\u011fu gibi do\u011fan\u0131n korunmas\u0131na konusunda da yasa tan\u0131mad\u0131\u011f\u0131 \u015fimdilerde ya\u015fad\u0131\u011f\u0131m\u0131z bir sorundur. Hatta gelecekte yasalara daha sayg\u0131l\u0131 partiler h\u00fck\u00fcmete geldi\u011finde de bu durum de\u011fi\u015fmeyecektir. \u00c7\u00fcnk\u00fc sorun e\u011fer yasaya ayk\u0131r\u0131l\u0131ksa, sermayeyle i\u015f birli\u011fiyle yasalar k\u0131l\u0131f\u0131na uydurulur ve do\u011fan\u0131n talan\u0131 \u201cyasalara uygun\u201d \u015fekilde ba\u015flar. Ancak, e\u011fer sorun do\u011fan\u0131n talan ediliyor olu\u015fuysa; hi\u00e7bir yasa ve t\u00fcz\u00fc\u011fe bakmaks\u0131z\u0131n buna kar\u015f\u0131 \u00e7\u0131kacak yap\u0131lanmalara ihtiya\u00e7 vard\u0131r.<\/p>\n<p>Bir di\u011fer eksiklik ise, par\u00e7a par\u00e7a m\u00fccadele edilmesidir. Sermaye, kar\u015f\u0131 \u00e7\u0131k\u0131lacak ortak bir kesen olmas\u0131na ra\u011fmen \u00e7evre \u00f6rg\u00fctleri, s\u0131n\u0131fsal temelden bakmaks\u0131z\u0131n hareket ediyor. Sendikalar destek at\u0131\u015f\u0131 yapmaktan \u00f6teye gidemiyor, siyasi partiler ise oy hesab\u0131 g\u00fcderek boy g\u00f6stermek haricinde bir varl\u0131k g\u00f6steremiyor. T\u00fcm bunlar\u0131 sermayenin talan\u0131na kar\u015f\u0131 harmanlay\u0131p bir araya getirecek devrimci yap\u0131lar olmas\u0131na ra\u011fmen; her alanda oldu\u011fu gibi \u00e7evre ve ekoloji alan\u0131nda da, toplumsal muhalefete \u00f6nderlik edecek ekososyalist fikirler hen\u00fcz bu topraklarda yay\u0131lmam\u0131\u015ft\u0131r.<\/p>\n<p>S\u0131n\u0131fsal temelden hareket etmek, \u201cterbiye\u201d s\u0131n\u0131rlar\u0131 i\u00e7erisinde, romantik bir havada olu\u015fan do\u011fa sevgisini radikalle\u015ftirecek, \u015fehir merkezlerinden en \u00fccra k\u00f6ylere kadar dayanan \u00e7evre ve ekoloji m\u00fccadelesini birbirine ba\u011flayacakt\u0131r\u2026 Ayr\u0131ca, 1974 sonras\u0131 bilin\u00e7li olarak topra\u011fa dayal\u0131 \u00fcretimden kopar\u0131lmam\u0131z do\u011fal ya\u015famdan kopu\u015fu ba\u015flatm\u0131\u015ft\u0131r. Buna ra\u011fmen halen \u00fclkemizde topraktan ge\u00e7inen g\u00f6\u00e7menler ile birlikte do\u011fa talan\u0131na kar\u015f\u0131 \u00e7\u0131kmal\u0131y\u0131z.<\/p>\n<p>\u00c7evrEkoloji m\u00fccadelesi bar\u0131\u015f m\u00fccadelesine de katk\u0131 sa\u011flayabilir. Do\u011fan\u0131n kuzey g\u00fcney gibi bir ayr\u0131m\u0131 yok. Ancak sermayeye hizmet eden neoliberal anlay\u0131\u015f\u0131n da y\u00f6n duygusu oldu\u011fu s\u00f6ylenemez. K\u0131br\u0131s\u2019\u0131n kuzeyinde veya g\u00fcneyinde ya\u015fanacak ekolojik talan ada, halklar\u0131n\u0131n t\u00fcm\u00fcn\u00fc etkiler. Bu nedenle bu m\u00fccadeleleri halklar\u0131n karde\u015fle\u015fmesi a\u00e7\u0131s\u0131ndan \u201cf\u0131rsata\u201d \u00e7evirip, dayan\u0131\u015fma i\u00e7erisinde s\u00fcrd\u00fcrmek, bar\u0131\u015f\u0131n halklar\u0131n ellerinde oldu\u011funu kan\u0131tlayacakt\u0131r. Do\u011fan\u0131n talan edilmesi, ticarile\u015ftirilip sermayenin eline verilmesinin yan\u0131nda, yan\u0131 ba\u015f\u0131m\u0131zda Akkuyu\u2019da kurulan n\u00fckleer tesis gelece\u011fimizi tehdit ediyor. Zaten t\u00fcm bunlar\u0131n ard\u0131ndan kar\u015f\u0131m\u0131zda bulaca\u011f\u0131m\u0131z kentsel daha do\u011frusu rantsal d\u00f6n\u00fc\u015f\u00fcm yalan\u0131yla kaybetme tehdidi ya\u015fayaca\u011f\u0131m\u0131z tarihi dokumuza ve bir kar\u0131\u015f toprak par\u00e7as\u0131na hasret kalmak istemiyorsak, her yandaki neoliberal sald\u0131r\u0131ya kar\u015f\u0131 hep birlikte aya\u011fa kalkmal\u0131y\u0131z.<\/p>\n","protected":false},"excerpt":{"rendered":"<p>Argasdi dergimizin 48. say\u0131s\u0131ndaki \u00c7evrEkoloji dosyas\u0131ndan bir yaz\u0131&#8230; Neoliberal sald\u0131r\u0131lar\u0131n t\u00fcm d\u00fcnyay\u0131 etkisi alt\u0131na ald\u0131\u011f\u0131 bu d\u00f6nemde, her alanda oldu\u011fu gibi \u00e7evre ve ekoloji alan\u0131nda<\/p>\n","protected":false},"author":3,"featured_media":5644,"comment_status":"open","ping_status":"open","sticky":false,"template":"","format":"standard","meta":{"jetpack_post_was_ever_published":false,"_jetpack_newsletter_access":"","_jetpack_newsletter_tier_id":0,"jetpack_publicize_message":"","jetpack_is_tweetstorm":false,"jetpack_publicize_feature_enabled":true,"jetpack_social_post_already_shared":true,"jetpack_social_options":{"image_generator_settings":{"template":"highway","enabled":false}}},"categories":[40,67,38,9,42,1,39],"tags":[],"jetpack_publicize_connections":[],"jetpack_featured_media_url":"https:\/\/baraka.cc\/wp-content\/uploads\/2017\/12\/57354.jpg","jetpack_shortlink":"https:\/\/wp.me\/p4eHWX-1t1","jetpack_sharing_enabled":true,"_links":{"self":[{"href":"https:\/\/baraka.cc\/index.php?rest_route=\/wp\/v2\/posts\/5643"}],"collection":[{"href":"https:\/\/baraka.cc\/index.php?rest_route=\/wp\/v2\/posts"}],"about":[{"href":"https:\/\/baraka.cc\/index.php?rest_route=\/wp\/v2\/types\/post"}],"author":[{"embeddable":true,"href":"https:\/\/baraka.cc\/index.php?rest_route=\/wp\/v2\/users\/3"}],"replies":[{"embeddable":true,"href":"https:\/\/baraka.cc\/index.php?rest_route=%2Fwp%2Fv2%2Fcomments&post=5643"}],"version-history":[{"count":1,"href":"https:\/\/baraka.cc\/index.php?rest_route=\/wp\/v2\/posts\/5643\/revisions"}],"predecessor-version":[{"id":5645,"href":"https:\/\/baraka.cc\/index.php?rest_route=\/wp\/v2\/posts\/5643\/revisions\/5645"}],"wp:featuredmedia":[{"embeddable":true,"href":"https:\/\/baraka.cc\/index.php?rest_route=\/wp\/v2\/media\/5644"}],"wp:attachment":[{"href":"https:\/\/baraka.cc\/index.php?rest_route=%2Fwp%2Fv2%2Fmedia&parent=5643"}],"wp:term":[{"taxonomy":"category","embeddable":true,"href":"https:\/\/baraka.cc\/index.php?rest_route=%2Fwp%2Fv2%2Fcategories&post=5643"},{"taxonomy":"post_tag","embeddable":true,"href":"https:\/\/baraka.cc\/index.php?rest_route=%2Fwp%2Fv2%2Ftags&post=5643"}],"curies":[{"name":"wp","href":"https:\/\/api.w.org\/{rel}","templated":true}]}}