{"id":5649,"date":"2017-12-11T15:25:07","date_gmt":"2017-12-11T13:25:07","guid":{"rendered":"https:\/\/baraka.cc\/?p=5649"},"modified":"2017-12-11T15:25:07","modified_gmt":"2017-12-11T13:25:07","slug":"ne-kadar-doga-o-kadar-kazanc-sezgin-keser","status":"publish","type":"post","link":"https:\/\/baraka.cc\/?p=5649","title":{"rendered":"Ne Kadar Do\u011fa O Kadar Kazan\u00e7 &#8211; Sezgin Keser"},"content":{"rendered":"<p style=\"text-align: center;\">\n<p style=\"text-align: center;\">\n<p style=\"text-align: left;\"><em>Argasdi dergimizin \u00c7evrEkoloji dosya konulu 48. say\u0131s\u0131ndan bir yaz\u0131&#8230;<\/em><\/p>\n<p style=\"text-align: center;\"><a href=\"https:\/\/baraka.cc\/wp-content\/uploads\/2017\/12\/foto2.jpg\"><img decoding=\"async\" loading=\"lazy\" class=\"alignnone size-medium wp-image-5650\" alt=\"foto2\" src=\"https:\/\/baraka.cc\/wp-content\/uploads\/2017\/12\/foto2-300x225.jpg\" width=\"300\" height=\"225\" srcset=\"https:\/\/baraka.cc\/wp-content\/uploads\/2017\/12\/foto2-300x225.jpg 300w, https:\/\/baraka.cc\/wp-content\/uploads\/2017\/12\/foto2.jpg 1024w\" sizes=\"(max-width: 300px) 100vw, 300px\" \/><\/a><\/p>\n<p>Do\u011fa ve insan\u0131n b\u00fct\u00fcnl\u00fc\u011f\u00fcn\u00fc tarih boyunca \u00e7\u0131karlar\u0131 do\u011frultusunda bozan, bu b\u00fct\u00fcnl\u00fck yerine do\u011fa \u00fczerinde egemenlik olu\u015fturan, bug\u00fcnlerde ise kendine ye\u015fil s\u0131fat\u0131n\u0131 ekleyen bir d\u00fczenle yani kapitalizmle kar\u015f\u0131 kar\u015f\u0131yay\u0131z. D\u00fc\u015f\u00fck \u00fccretle, uzun mesai saatleriyle, g\u00fcvencesiz \u00e7al\u0131\u015fma ortam\u0131yla eme\u011fimizi s\u00f6m\u00fcren sermaye, bir yandan da do\u011fan\u0131n s\u00f6m\u00fcr\u00fcs\u00fcn\u00fc ger\u00e7ekle\u015ftiriyor. Kar, para ama\u00e7l\u0131 \u00fcretiminin hammaddesi haline getirdi\u011fi do\u011fadan, daha az maliyetle verim elde edebilmek i\u00e7in do\u011fam\u0131z\u0131 talan ediyor ve d\u00f6n\u00fc\u015f\u00fc olmayan bir ekolojik kriz olu\u015fturuyor. G\u00fcn\u00fcm\u00fcz \u00fcretiminin \u00e7o\u011funun ihtiya\u00e7lar\u0131m\u0131z\u0131 kar\u015f\u0131lamaya de\u011fil, kar ve kazanca y\u00f6nelik oldu\u011fu bu d\u00fczende, do\u011fa ve insan olarak ortak noktam\u0131z maliyeti azalt\u0131lmas\u0131 gereken \u00fcretim girdileri, yani s\u00f6m\u00fcr\u00fclecek unsurlar olu\u015fumuzdur.<\/p>\n<p><b>Do\u011fa s\u00f6m\u00fcr\u00fcs\u00fcne kar\u015f\u0131 duru\u015f<\/b><\/p>\n<p>Denizleri kirleten, da\u011flar\u0131 delik de\u015fik eden, ormanlar\u0131 yakan, d\u00f6n\u00fc\u015f\u00fc olmayacak bu do\u011fa talan\u0131na sebep olan kapitalist \u00e7evre anlay\u0131\u015f\u0131na kar\u015f\u0131 sorunlar\u0131 k\u00f6kten \u00e7\u00f6zmeyi hedefleyen ekososyalist bir m\u00fccadele i\u00e7erisinde olmal\u0131y\u0131z. Ekososyalizm kapitalizmin yaratt\u0131\u011f\u0131 \u00fcretim ve t\u00fcketim tarz\u0131n\u0131 de\u011fi\u015ftirerek toplumun reel ihtiya\u00e7lar\u0131n\u0131 ve do\u011fan\u0131n korunmas\u0131 \u00fczerine kurulu yeni bir sistem hedefler ve ekolojik krizi durduramayacak olan reformist \u00e7evreci yakla\u015f\u0131m\u0131n yetersizli\u011fini vurgular. Mevcut sistemin dayatt\u0131\u011f\u0131 \u00e7evreci yakla\u015f\u0131m ise sorunlar\u0131n kesin \u00e7\u00f6z\u00fcm\u00fc yerine sermayenin karl\u0131l\u0131\u011f\u0131na ve kazanc\u0131na devam edebilece\u011fi bir yandan da toplumsal duyarl\u0131l\u0131k taslayabilece\u011fi bir ortam yaratarak do\u011fan\u0131n s\u00fcrd\u00fcr\u00fclebilirli\u011fini de\u011fil kapitalizmin s\u00fcrd\u00fcr\u00fclebilirli\u011fini ama\u00e7lar.<\/p>\n<p><b>Nedir bu s\u00fcrd\u00fcr\u00fclebilirlik?<\/b><\/p>\n<p>Son d\u00f6nemlerde s\u0131k\u00e7a duymaya ba\u015flad\u0131\u011f\u0131m\u0131z \u201cs\u00fcrd\u00fcr\u00fclebilirlik\u201d, do\u011fan\u0131n ve insan\u0131n varl\u0131\u011f\u0131n\u0131n devaml\u0131l\u0131\u011f\u0131 anlam\u0131na gelse de asl\u0131nda mevcut sistemin, s\u00f6m\u00fcr\u00fcs\u00fcn\u00fcn ve kar \u00fcretiminin devaml\u0131l\u0131\u011f\u0131ndan ba\u015fka bir \u015fey de\u011fildir. Toplumlar\u0131n ihtiya\u00e7lar\u0131n\u0131n do\u011fan\u0131n yenilenebilirli\u011fine zarar vermeden kar\u015f\u0131lanarak &#8220;s\u00fcrd\u00fcr\u00fclebilir kalk\u0131nma&#8221; ad\u0131 alt\u0131nda ekonomik kalk\u0131nman\u0131n sa\u011flanabilece\u011fi yalan\u0131 s\u00f6yleniyor. Sistemin bize ihtiya\u00e7lar\u0131m\u0131z olarak d\u00fc\u015f\u00fcnd\u00fcrd\u00fc\u011f\u00fc \u00fcr\u00fcnlerin asl\u0131nda reel ihtiya\u00e7lar\u0131m\u0131z olmad\u0131\u011f\u0131n\u0131, \u015firketlerin kar ama\u00e7l\u0131 \u00fcrettikleri l\u00fcks \u00fcr\u00fcnler oldu\u011fu ger\u00e7e\u011fini unutmamal\u0131y\u0131z. D\u00fcnyadaki \u00fcretimin d\u00f6rtte \u00fc\u00e7\u00fcn\u00fcn l\u00fcks t\u00fcketim i\u00e7in yap\u0131ld\u0131\u011f\u0131 bir d\u00fczende do\u011fa katliam\u0131n\u0131n radikal bir sistem de\u011fi\u015fikli\u011fini ger\u00e7ekle\u015ftirmeden \u00e7\u00f6z\u00fclebilece\u011finden ve do\u011fan\u0131n devaml\u0131l\u0131\u011f\u0131n\u0131n sa\u011flanabilece\u011finden bahsetmek, kapitalizmin kendi yaratt\u0131\u011f\u0131 ekolojik krize ger\u00e7ek\u00e7i olmayan \u00e7\u00f6z\u00fcm aray\u0131\u015f\u0131d\u0131r. Bu \u00e7\u00f6z\u00fcm aray\u0131\u015f\u0131 i\u00e7erisinde de ye\u015fili kullanmak, ye\u015fil olmak \u015firketleri do\u011fa dostu konumuna getiriyor. \u00c7evre duyarl\u0131l\u0131\u011f\u0131n\u0131n artt\u0131\u011f\u0131 g\u00fcn\u00fcm\u00fczde \u201cye\u015fil ekonomi\u201d politikalar\u0131yla toplumun g\u00f6z\u00fcnde do\u011fa dostu g\u00f6r\u00fcnmek \u015firketler aras\u0131ndaki rekabette b\u00fcy\u00fck bir avantaj sa\u011flar. Sosyal sorumluluk anlay\u0131\u015fla \u015firketlerin \u00e7evreci ye\u015fil projeleri destekleyerek, sponsor olarak, organize ederek asl\u0131nda do\u011fay\u0131 yok edi\u015flerini gizlemeye \u00e7al\u0131\u015ft\u0131klar\u0131 ve bir yandan da reklamlar\u0131n\u0131 yapt\u0131klar\u0131 ise apa\u00e7\u0131k ortadad\u0131r. Dolay\u0131s\u0131yla ye\u015fil ekonomi ve s\u00fcrd\u00fcr\u00fclebilir kalk\u0131nma kavramlar\u0131n\u0131n temelinde sistemi de\u011fi\u015ftirmeden ekolojik s\u0131k\u0131nt\u0131lar\u0131n \u00e7\u00f6z\u00fclebilece\u011fi yalan\u0131 yatarken as\u0131l yap\u0131lmaya \u00e7al\u0131\u015f\u0131lan kapitalizmin devaml\u0131l\u0131\u011f\u0131 ve hatta yeni ye\u015fil s\u00f6m\u00fcr\u00fclecek pazarlar\u0131n a\u00e7\u0131lmas\u0131d\u0131r.<\/p>\n<p><b>Do\u011fa dostu \u015firketler!<\/b><\/p>\n<p>Gelelim gece yatmadan \u00f6nce okursak umut dolu r\u00fcyalar yerine kabuslar g\u00f6rmemize yol a\u00e7acak \u00e7evreci \u015firketlerin hikayelerine&#8230; Kapitalizmin kendi yaratt\u0131\u011f\u0131 ekolojik krizin sebebini bireye indirgedi\u011fine ve \u00e7\u00f6z\u00fcm\u00fcn\u00fc sosyal sorumluluk projelerine, bireysel \u00e7abalara ba\u011flad\u0131\u011f\u0131na adam\u0131zda da tan\u0131k oluyoruz. kktcell\u00a0 &#8220;s\u00fcrd\u00fcr\u00fclebilir \u00e7evre&#8221; anlay\u0131\u015f\u0131yla y\u0131llard\u0131r sahil temizli\u011fi ve yavru kaplumba\u011falar\u0131 denize b\u0131rakmak amac\u0131yla projeler d\u00fczenliyor ve m\u00fcmk\u00fcn oldu\u011funca bu projeleri kamuoyuna duyurmaya, insanlar\u0131 bu projelere dahil etmeye \u00e7al\u0131\u015f\u0131yor. Ayn\u0131 kktcell ya\u015fam alanlar\u0131m\u0131zda kurdu\u011fu baz istasyonlar\u0131yla do\u011fan\u0131n, hayvanlar\u0131n ve insanlar\u0131n hatta birlikte sahil temizledikleri insanlar\u0131n varl\u0131\u011f\u0131n\u0131 tehdit ediyor. O zaman kaplumba\u011fa sever kktcell sadece sahil temizleyerek ama bir yandan baz istasyonlar\u0131na \u00e7are \u00fcretmeyerek do\u011fay\u0131 koruyabilece\u011fini d\u00fc\u015f\u00fcn\u00fcyor.<\/p>\n<p>Di\u011fer yandan Kalecik Elektrik Santrali ile b\u00f6lgede hava kirlili\u011fine yol a\u00e7an ve bir d\u00f6nem santral i\u00e7in gemiyle getirdi\u011fi yak\u0131t\u0131n\u0131 denizlerimize d\u00f6kerek do\u011fa cinayeti i\u015fleyen AKSA ise \u00e7ocuklara \u201c\u00e7evre bilinci\u201d a\u015f\u0131lama amac\u0131yla \u00f6d\u00fcll\u00fc resim yar\u0131\u015fmalar\u0131 d\u00fczenliyor. D\u00fcnyadan bir hikaye ise;\u00a0 \u201cs\u00fcrd\u00fcr\u00fclebilir kakao ve kahve \u00fcretimi\u201d ad\u0131 alt\u0131nda \u00e7ift\u00e7ilere tar\u0131m uygulamalar\u0131 ve \u00e7evre y\u00f6netimi konular\u0131nda e\u011fitimler veren Nestle Sumatra\u2019da az say\u0131da kalan ya\u011fmur ormanlar\u0131n\u0131n ormans\u0131zla\u015ft\u0131r\u0131lm\u0131\u015f alanlar\u0131nda \u00fcretilen palmiye ya\u011f\u0131n\u0131 sat\u0131n alan yani Sumatra\u2019daki ekolojik ortam\u0131n yok olu\u015funda pay\u0131 olan bir\u00e7ok \u015firketten sadece bir tanesi. Bu kadar \u00e7evre bilincinden, s\u00fcrd\u00fcr\u00fclebilir \u00e7evre anlay\u0131\u015f\u0131ndan bahseden bu \u015firketlerin, ekolojik krizi durdurmak ad\u0131na do\u011faya zarar veren faaliyetlerini durdurmamalar\u0131, umursad\u0131klar\u0131 tek \u015feyin daha fazla kazan\u00e7 oldu\u011funun kan\u0131t\u0131d\u0131r. Sermaye i\u00e7in do\u011fa, t\u00fcketicilerin g\u00f6z\u00fcn\u00fc boyamak ad\u0131na yapt\u0131klar\u0131 projelerde kullan\u0131lan bir unsur ve de \u00fcretim s\u00fcrecinde maliyetin azalt\u0131lmas\u0131 gereken girdiden ba\u015fka bir \u015fey de\u011fildir.<\/p>\n<p><b>Sonu\u00e7 olarak<\/b><\/p>\n<p>Ye\u015fili s\u0131fat olarak kullanmak, sermayenin, \u015firketlerin do\u011fa talan\u0131n\u0131 sonland\u0131rmaz, ekolojik tahribat\u0131 durdurmaz. Daha ya\u015fanabilir bir d\u00fcnya yaratabilmek i\u00e7in kapitalizmin yaratt\u0131\u011f\u0131 ekolojik y\u0131k\u0131m\u0131 acilen durdurmam\u0131z gerekir. Bunun yolu da \u015firketlerin kand\u0131rmaca \u00e7evrecili\u011finden de\u011fil, sistemsel k\u00f6kten de\u011fi\u015fikli\u011fi hedefleyen, ye\u015fil m\u00fccadeleyi, kapitalizmin s\u00f6m\u00fcr\u00fcs\u00fcne kar\u015f\u0131 verilen emek m\u00fccadelesiyle birlikte y\u00fcr\u00fcten bir ideolojiden ge\u00e7er.<\/p>\n","protected":false},"excerpt":{"rendered":"<p>Argasdi dergimizin \u00c7evrEkoloji dosya konulu 48. say\u0131s\u0131ndan bir yaz\u0131&#8230; Do\u011fa ve insan\u0131n b\u00fct\u00fcnl\u00fc\u011f\u00fcn\u00fc tarih boyunca \u00e7\u0131karlar\u0131 do\u011frultusunda bozan, bu b\u00fct\u00fcnl\u00fck yerine do\u011fa \u00fczerinde egemenlik olu\u015fturan,<\/p>\n","protected":false},"author":3,"featured_media":5650,"comment_status":"open","ping_status":"open","sticky":false,"template":"","format":"standard","meta":{"jetpack_post_was_ever_published":false,"_jetpack_newsletter_access":"","_jetpack_newsletter_tier_id":0,"jetpack_publicize_message":"","jetpack_is_tweetstorm":false,"jetpack_publicize_feature_enabled":true,"jetpack_social_post_already_shared":true,"jetpack_social_options":{"image_generator_settings":{"template":"highway","enabled":false}}},"categories":[40,67,38,9,42,1,39],"tags":[],"jetpack_publicize_connections":[],"jetpack_featured_media_url":"https:\/\/baraka.cc\/wp-content\/uploads\/2017\/12\/foto2.jpg","jetpack_shortlink":"https:\/\/wp.me\/p4eHWX-1t7","jetpack_sharing_enabled":true,"_links":{"self":[{"href":"https:\/\/baraka.cc\/index.php?rest_route=\/wp\/v2\/posts\/5649"}],"collection":[{"href":"https:\/\/baraka.cc\/index.php?rest_route=\/wp\/v2\/posts"}],"about":[{"href":"https:\/\/baraka.cc\/index.php?rest_route=\/wp\/v2\/types\/post"}],"author":[{"embeddable":true,"href":"https:\/\/baraka.cc\/index.php?rest_route=\/wp\/v2\/users\/3"}],"replies":[{"embeddable":true,"href":"https:\/\/baraka.cc\/index.php?rest_route=%2Fwp%2Fv2%2Fcomments&post=5649"}],"version-history":[{"count":1,"href":"https:\/\/baraka.cc\/index.php?rest_route=\/wp\/v2\/posts\/5649\/revisions"}],"predecessor-version":[{"id":5651,"href":"https:\/\/baraka.cc\/index.php?rest_route=\/wp\/v2\/posts\/5649\/revisions\/5651"}],"wp:featuredmedia":[{"embeddable":true,"href":"https:\/\/baraka.cc\/index.php?rest_route=\/wp\/v2\/media\/5650"}],"wp:attachment":[{"href":"https:\/\/baraka.cc\/index.php?rest_route=%2Fwp%2Fv2%2Fmedia&parent=5649"}],"wp:term":[{"taxonomy":"category","embeddable":true,"href":"https:\/\/baraka.cc\/index.php?rest_route=%2Fwp%2Fv2%2Fcategories&post=5649"},{"taxonomy":"post_tag","embeddable":true,"href":"https:\/\/baraka.cc\/index.php?rest_route=%2Fwp%2Fv2%2Ftags&post=5649"}],"curies":[{"name":"wp","href":"https:\/\/api.w.org\/{rel}","templated":true}]}}