{"id":5656,"date":"2017-12-14T10:08:31","date_gmt":"2017-12-14T08:08:31","guid":{"rendered":"https:\/\/baraka.cc\/?p=5656"},"modified":"2017-12-14T10:08:31","modified_gmt":"2017-12-14T08:08:31","slug":"baraka-ve-pir-sultandan-ortak-aciklama-ifade-ozgurlugune-yapilan-saldiri-hepimize-yapilmistir","status":"publish","type":"post","link":"https:\/\/baraka.cc\/?p=5656","title":{"rendered":"Baraka ve Pir Sultan\u2019dan Ortak A\u00e7\u0131klama: &#8220;\u0130fade \u00d6zg\u00fcrl\u00fc\u011f\u00fcne Yap\u0131lan Sald\u0131r\u0131 Hepimize Yap\u0131lm\u0131\u015ft\u0131r&#8221;"},"content":{"rendered":"<p style=\"text-align: center;\"><b><a href=\"https:\/\/baraka.cc\/wp-content\/uploads\/2017\/12\/x.jpg\"><img decoding=\"async\" loading=\"lazy\" class=\"alignnone size-medium wp-image-5655\" alt=\"x\" src=\"https:\/\/baraka.cc\/wp-content\/uploads\/2017\/12\/x-300x165.jpg\" width=\"300\" height=\"165\" srcset=\"https:\/\/baraka.cc\/wp-content\/uploads\/2017\/12\/x-300x165.jpg 300w, https:\/\/baraka.cc\/wp-content\/uploads\/2017\/12\/x.jpg 960w\" sizes=\"(max-width: 300px) 100vw, 300px\" \/><\/a><\/b><\/p>\n<p>Afrika gazetesinin yay\u0131mlad\u0131\u011f\u0131 bir foto\u011fraf \u00fczerine, bir yandan k\u00f6k\u00fc d\u0131\u015far\u0131da fa\u015fist \u00e7evreler, kendilerinden farkl\u0131 d\u00fc\u015f\u00fcnenin ifade \u00f6zg\u00fcrl\u00fc\u011f\u00fcne \u00e7irkin sald\u0131r\u0131larda bulunurken, di\u011fer yandan kendi \u00fclkesini karanl\u0131\u011fa bo\u011fan TC yetkilileri \u00fclkemizdeki bas\u0131n \u00f6zg\u00fcrl\u00fc\u011f\u00fcne dil uzamakta, yarg\u0131m\u0131za dahi talimat vermeye \u00e7al\u0131\u015fmaktad\u0131r. \u0130\u015fbirlik\u00e7i h\u00fck\u00fcmet ise; g\u00f6revi, t\u00fcm yurtta\u015flar\u0131 i\u00e7in insan hak ve \u00f6zg\u00fcrl\u00fcklerini sa\u011flamak olmas\u0131na ra\u011fmen bu sald\u0131r\u0131lara ortak olacak \u015fekilde a\u00e7\u0131klamalar yapmaktad\u0131r. T\u00fcm bunlar en temel hak olan ifade \u00f6zg\u00fcrl\u00fc\u011f\u00fcne g\u00f6lge d\u00fc\u015f\u00fcrmekte, daha da \u00f6nemlisi adam\u0131zda ya\u015fayan halklar\u0131, etnik k\u00f6kenine veya geldi\u011fi yere g\u00f6re ayr\u0131\u015ft\u0131rarak birbirine d\u00fc\u015fman etmeye hizmet etmektedir. Egemenlerin her zaman kulland\u0131\u011f\u0131 b\u00f6l-y\u00f6net takti\u011fi yeniden uygulanmaya \u00e7al\u0131\u015f\u0131lmaktad\u0131r. Oysa bar\u0131\u015ftan ve karde\u015flikten yana halk\u0131m\u0131z\u0131n, burada ekme\u011finin pe\u015finde ya\u015fam m\u00fccadelesi veren emek\u00e7ilerin bu k\u0131\u015fk\u0131rtmalara karn\u0131 toktur. Neredeyse devlet d\u00fczeyinde yap\u0131lan \u00e7a\u011fr\u0131lara, \u00e7e\u015fitli b\u00f6lgelerden kald\u0131r\u0131lan otob\u00fcslere ra\u011fmen pek \u00e7ok TC vatanda\u015f\u0131, bu \u00e7irkinli\u011fe alet olmam\u0131\u015f, insan haklar\u0131ndan yana oldu\u011funu, daha \u00f6nce referandum s\u00fcrecinde olu\u011fu gibi bir kez daha ortaya koymu\u015ftur.<br \/>\nBizler bu adada k\u00fclt\u00fcrlerin ve halklar\u0131n karde\u015fli\u011fi \u00e7er\u00e7evesinde hep birlikte ya\u015famaya, farkl\u0131l\u0131klara tahamm\u00fcl g\u00f6stererek, her kesimin ifade \u00f6zg\u00fcl\u00fc\u011f\u00fcne ve birbirimize sahip \u00e7\u0131kmaya devam edece\u011fiz. AKP gericili\u011fine, fa\u015fist \u00e7evrelere, koltuk sevdas\u0131ndan onurunu ayaklar alt\u0131na alan i\u015fbirlik\u00e7i h\u00fck\u00fcmetlere pabu\u00e7 b\u0131rakmayaca\u011f\u0131z.<br \/>\nAfrika gazetesi ile dayan\u0131\u015fmam\u0131z\u0131 bildirir ve ifade \u00f6zg\u00fcrl\u00fc\u011f\u00fcne yap\u0131lan sald\u0131r\u0131n\u0131n hepimize yap\u0131lm\u0131\u015f say\u0131laca\u011f\u0131n\u0131 vurgulayarak \u0130kinci D\u00fcnya Sava\u015f\u0131 s\u0131ras\u0131nda bir kilisede rahip olarak g\u00f6rev yapan Past\u00f6r Nie Moeller&#8217;in s\u00f6zlerini hat\u0131rlat\u0131r\u0131z:<br \/>\n&#8220;\u00d6nce Yahudiler i\u00e7in geldiler<br \/>\nSesimi \u00e7\u0131karmad\u0131m<br \/>\n\u00c7\u00fcnk\u00fc ben Yahudi de\u011fildim<br \/>\nSonra kom\u00fcnistler i\u00e7in geldiler<br \/>\nSesimi \u00e7\u0131karmad\u0131m<br \/>\n\u00c7\u00fcnk\u00fc ben kom\u00fcnist de\u011fildim<br \/>\nSonra sendikac\u0131lar i\u00e7in geldiler<br \/>\nSesimi \u00e7\u0131karmad\u0131m<br \/>\n\u00c7\u00fcnk\u00fc ben sendikac\u0131 de\u011fildim<br \/>\nSonra benim i\u00e7in geldiler<br \/>\nVe art\u0131k ses \u00e7\u0131karacak kimse kalmam\u0131\u015ft\u0131&#8230;&#8221;<\/p>\n<p><b>Baraka K\u00fclt\u00fcr Merkezi ve K\u0131br\u0131s Pir Sultan Abdal K\u00fclt\u00fcr Derne\u011fi<\/b><b><\/b><\/p>\n<p>&nbsp;<\/p>\n","protected":false},"excerpt":{"rendered":"<p>Afrika gazetesinin yay\u0131mlad\u0131\u011f\u0131 bir foto\u011fraf \u00fczerine, bir yandan k\u00f6k\u00fc d\u0131\u015far\u0131da fa\u015fist \u00e7evreler, kendilerinden farkl\u0131 d\u00fc\u015f\u00fcnenin ifade \u00f6zg\u00fcrl\u00fc\u011f\u00fcne \u00e7irkin sald\u0131r\u0131larda bulunurken, di\u011fer yandan kendi \u00fclkesini karanl\u0131\u011fa<\/p>\n","protected":false},"author":3,"featured_media":5655,"comment_status":"open","ping_status":"open","sticky":false,"template":"","format":"standard","meta":{"jetpack_post_was_ever_published":false,"_jetpack_newsletter_access":"","_jetpack_newsletter_tier_id":0,"jetpack_publicize_message":"","jetpack_is_tweetstorm":false,"jetpack_publicize_feature_enabled":true,"jetpack_social_post_already_shared":true,"jetpack_social_options":{"image_generator_settings":{"template":"highway","enabled":false}}},"categories":[41,38,9,1],"tags":[],"jetpack_publicize_connections":[],"jetpack_featured_media_url":"https:\/\/baraka.cc\/wp-content\/uploads\/2017\/12\/x.jpg","jetpack_shortlink":"https:\/\/wp.me\/p4eHWX-1te","jetpack_sharing_enabled":true,"_links":{"self":[{"href":"https:\/\/baraka.cc\/index.php?rest_route=\/wp\/v2\/posts\/5656"}],"collection":[{"href":"https:\/\/baraka.cc\/index.php?rest_route=\/wp\/v2\/posts"}],"about":[{"href":"https:\/\/baraka.cc\/index.php?rest_route=\/wp\/v2\/types\/post"}],"author":[{"embeddable":true,"href":"https:\/\/baraka.cc\/index.php?rest_route=\/wp\/v2\/users\/3"}],"replies":[{"embeddable":true,"href":"https:\/\/baraka.cc\/index.php?rest_route=%2Fwp%2Fv2%2Fcomments&post=5656"}],"version-history":[{"count":1,"href":"https:\/\/baraka.cc\/index.php?rest_route=\/wp\/v2\/posts\/5656\/revisions"}],"predecessor-version":[{"id":5657,"href":"https:\/\/baraka.cc\/index.php?rest_route=\/wp\/v2\/posts\/5656\/revisions\/5657"}],"wp:featuredmedia":[{"embeddable":true,"href":"https:\/\/baraka.cc\/index.php?rest_route=\/wp\/v2\/media\/5655"}],"wp:attachment":[{"href":"https:\/\/baraka.cc\/index.php?rest_route=%2Fwp%2Fv2%2Fmedia&parent=5656"}],"wp:term":[{"taxonomy":"category","embeddable":true,"href":"https:\/\/baraka.cc\/index.php?rest_route=%2Fwp%2Fv2%2Fcategories&post=5656"},{"taxonomy":"post_tag","embeddable":true,"href":"https:\/\/baraka.cc\/index.php?rest_route=%2Fwp%2Fv2%2Ftags&post=5656"}],"curies":[{"name":"wp","href":"https:\/\/api.w.org\/{rel}","templated":true}]}}