{"id":5667,"date":"2017-12-15T14:23:21","date_gmt":"2017-12-15T12:23:21","guid":{"rendered":"https:\/\/baraka.cc\/?p=5667"},"modified":"2017-12-15T14:23:21","modified_gmt":"2017-12-15T12:23:21","slug":"dybd-hareketi-ile-soylesi-ayni-amaclar-dogrultusunda-parcalanmis-olmanin-faydasi-degil-zarari-var","status":"publish","type":"post","link":"https:\/\/baraka.cc\/?p=5667","title":{"rendered":"DYBD Hareketi ile S\u00f6yle\u015fi: \u201cAyn\u0131 ama\u00e7lar do\u011frultusunda par\u00e7alanm\u0131\u015f olman\u0131n faydas\u0131 de\u011fil zarar\u0131 var\u201d"},"content":{"rendered":"<p><em>Argasdi dergimizin \u00c7evrEkoloji dosyas\u0131nda yer alan, D\u00fcnya Yaln\u0131z Bizim De\u011fil Hareketi ile yapt\u0131\u011f\u0131m\u0131z rop\u00f6rtaj&#8230;<\/em><\/p>\n<p><b>\u201cAyn\u0131 ama\u00e7lar do\u011frultusunda par\u00e7alanm\u0131\u015f olman\u0131n faydas\u0131 de\u011fil zarar\u0131 var\u201d<\/b><b><i><\/i><\/b><\/p>\n<p><i>K\u0131sa bir s\u00fcre \u00f6nce kurulmas\u0131na ra\u011fmen gerek Hayvan Refah\u0131 (De\u011fi\u015fiklik) Yasas\u0131&#8217;n\u0131 Meclis&#8217;e ta\u015f\u0131mas\u0131, gerek yang\u0131nda \u00f6len hayvanlara dikkat \u00e7eken eylemi, gerekse de hayvan deneyleri konusunda Bakanl\u0131\u011f\u0131 zorlay\u0131c\u0131 ba\u015fvurular\u0131 ile ad\u0131ndan s\u00f6z ettiren D\u00fcnya Yaln\u0131z Bizim De\u011fil Hareketi&#8217;nden dostlarla s\u00f6yle\u015ftik&#8230; Sessiz Kullar Derne\u011fi&#8217;nden Janna K\u0131ral, Ba\u011f\u0131ms\u0131zl\u0131k Yolu&#8217;ndan Hatice Azizo\u011flu, DA\u00dc KAY ve DA\u00dc Hayvanlara Yard\u0131m Kul\u00fcb\u00fc&#8217;nden Fayka G\u00fcresun, LA\u00dc KAY&#8217;dan Yusuf Dicle Kayacan ve hayvan haklar\u0131 aktivisti Eda Zeybel sorular\u0131m\u0131z\u0131 yan\u0131tlad\u0131&#8230;<\/i><\/p>\n<p><b>D\u00fcnya Yaln\u0131z Bizim De\u011fil Hareketi nedir? Ama\u00e7lar\u0131n\u0131z&#8230;<\/b><\/p>\n<p><b>Fayka:<\/b><i> <\/i>Ya\u015fad\u0131\u011f\u0131m\u0131z d\u00fcnyada sadece insanlar\u0131n de\u011fil ayn\u0131 zamanda can dostlar\u0131m\u0131z\u0131n da ya\u015famaya haklar\u0131 oldu\u011funu savunan hatta bu canlar i\u00e7in m\u00fccadele eden bir hareketiz.<\/p>\n<p>Kurulma amac\u0131m\u0131z, hayvanlara yap\u0131lan vah\u015fetlere ve haks\u0131zl\u0131klara dur demek. Yedi kurumun bir araya gelmesiyle, bu yolda verdi\u011fimiz \u00e7abalar\u0131m\u0131z\u0131n sonucunu en k\u0131sa zamanda alaca\u011f\u0131m\u0131za inan\u0131yorum.<\/p>\n<p><b>Eda:<\/b> 2017 Ocak\u2019ta ilk toplant\u0131lara ba\u015flad\u0131k. Mevcut Hayvan Refah\u0131 Yasas\u0131&#8217;ndaki cezalar\u0131n yeterince cayd\u0131r\u0131c\u0131 olmad\u0131\u011f\u0131n\u0131 d\u00fc\u015f\u00fcnd\u00fc\u011f\u00fcm\u00fczden, birlik olup t\u00fcm canl\u0131lar\u0131n yaln\u0131zca sokakta de\u011fil, hukuksal ba\u011flamda da sesi olmak \u00fczere bu yola \u00e7\u0131kt\u0131k.<\/p>\n<p><b>Yusuf:<\/b> Hareketimizin temel kurulu\u015f amac\u0131 mevcut Hayvan Refah\u0131 Yasas\u0131&#8217;n\u0131n iyile\u015ftirilmesi olsa da K\u0131br\u0131s&#8217;\u0131n do\u011fal ya\u015fam\u0131 ve sorunlar\u0131yla da ilgilenmekteyiz.<\/p>\n<p><b>Janna:<\/b> Birtak\u0131m hayvan haklar\u0131 savunucusu \u00f6rg\u00fctler ile ba\u011f\u0131ms\u0131z hayvan haklar\u0131 aktivistlerinin bir araya geldi\u011fi bir olu\u015fum&#8230; Ad\u0131ndan da anla\u015f\u0131ld\u0131\u011f\u0131 \u00fczere; amac\u0131m\u0131z hayvan dostlar\u0131m\u0131z i\u00e7in daha ya\u015fanas\u0131 bir d\u00fcnya yaratmak ve haklar\u0131n\u0131n korunmas\u0131n\u0131 sa\u011flamak.<\/p>\n<p><b>Bu olu\u015fumda <\/b><b>hangi \u00f6rg\u00fctler var? Yeni \u00f6rg\u00fctlerin kat\u0131l\u0131m\u0131na a\u00e7\u0131k m\u0131s\u0131n\u0131z? <\/b><\/p>\n<p><b>Hatice:<\/b> Hareketimiz i\u00e7erisinde; Baraka, Ba\u011f\u0131ms\u0131zl\u0131k Yolu, DA\u00dc KAY, DA\u00dc Hayvanlara Yard\u0131m Kul\u00fcb\u00fc, LA\u00dc KAY, Sessiz Kullar Derne\u011fi ve Alt\u0131n Patiler Derne\u011fi ile birlikte ba\u011f\u0131ms\u0131z hayvan haklar\u0131 aktivistleri var. G\u00f6r\u00fc\u015fmelere ba\u015flarken zaten t\u00fcm \u00f6rg\u00fctlere \u00e7a\u011fr\u0131 yap\u0131lm\u0131\u015ft\u0131&#8230; Yine de fikri de\u011fi\u015fen ve ayn\u0131 yolda m\u00fccadele etmeye haz\u0131r olan yeni \u00f6rg\u00fctler var ise tabii ki bekleriz.<\/p>\n<p><b>Janna<\/b>: \u0130nsanlar, hayvanlar ve \u00e7evre bir b\u00fct\u00fcnd\u00fcr ve birbirinden ayr\u0131 d\u00fc\u015f\u00fcn\u00fclemez. Ya\u015fad\u0131\u011f\u0131m\u0131z \u00fclkenin durumu ortada ve maalesef hi\u00e7 de i\u00e7 a\u00e7\u0131c\u0131 de\u011fil&#8230; Gerek d\u00fcnya hukukunun d\u0131\u015f\u0131nda kalm\u0131\u015f olmas\u0131, gerekse gelmi\u015f ge\u00e7mi\u015f h\u00fck\u00fcmetlerin yanl\u0131\u015f politikalar\u0131 y\u00fcz\u00fcnden, hayvan haklar\u0131ndan da insan haklar\u0131ndan da bahsetmek \u00e7ok zor. Buna, rant u\u011fruna yap\u0131lan inan\u0131lmaz boyutlarda \u00e7evre katliamlar\u0131 da eklenince, durumun vahameti daha net bir \u015fekilde g\u00f6zler \u00f6n\u00fcne serilmi\u015f oluyor. Bu y\u00fczden sadece hayvan haklar\u0131na odaklanmas\u0131n\u0131 yetersiz bulup, m\u00fccadelemizin \u00e7ap\u0131n\u0131 geni\u015fletmekten yanay\u0131m. Do\u011fa ve \u00e7evre ile ilgili olu\u015fumlar\u0131n ve ger\u00e7ek yurtseverlerin hareketimize kat\u0131lmas\u0131na s\u0131cak bak\u0131yorum.<\/p>\n<p><b>Destek olmak isteyen dernekler veya bireyler size nas\u0131l ula\u015fabilir?<\/b><\/p>\n<p><b>Yusuf:<\/b> Do\u011faya katk\u0131 sa\u011flayan veya sa\u011flayabilecek t\u00fcm dernek, \u00f6rg\u00fct ve hayvan haklar\u0131 aktivistlerine kap\u0131m\u0131z a\u00e7\u0131kt\u0131r. Bize Facebook sayfam\u0131z \u00fczerinden ula\u015fabilir, fikir veya eylemlerini bizlerle payla\u015fabilirler.<b><\/b><\/p>\n<p><b>Hatice:<\/b> Neticede ayn\u0131 ama\u00e7lar do\u011frultusunda par\u00e7alanm\u0131\u015f olman\u0131n faydas\u0131 de\u011fil de zarar\u0131 var&#8230;<\/p>\n<p><a href=\"https:\/\/baraka.cc\/wp-content\/uploads\/2017\/12\/logo-2.jpg\"><img decoding=\"async\" loading=\"lazy\" class=\"alignnone size-medium wp-image-5668\" alt=\"logo (2)\" src=\"https:\/\/baraka.cc\/wp-content\/uploads\/2017\/12\/logo-2-300x300.jpg\" width=\"300\" height=\"300\" srcset=\"https:\/\/baraka.cc\/wp-content\/uploads\/2017\/12\/logo-2-300x300.jpg 300w, https:\/\/baraka.cc\/wp-content\/uploads\/2017\/12\/logo-2-150x150.jpg 150w, https:\/\/baraka.cc\/wp-content\/uploads\/2017\/12\/logo-2-200x200.jpg 200w, https:\/\/baraka.cc\/wp-content\/uploads\/2017\/12\/logo-2.jpg 960w\" sizes=\"(max-width: 300px) 100vw, 300px\" \/><\/a><\/p>\n<p><b>Hareketiniz bug\u00fcne kadar ne gibi \u00e7al\u0131\u015fmalar, eylem ve etkinlikler yapt\u0131? <\/b><\/p>\n<p><b>Yusuf:<\/b> Kuruldu\u011fumuz g\u00fcnden itibaren 4 ay s\u00fcresince yeni bir Hayvan Refah\u0131 Yasas\u0131 olu\u015fturmak i\u00e7in \u00e7al\u0131\u015ft\u0131k. Yasa Tasar\u0131m\u0131z haz\u0131r oldu\u011funda bunun duyurulmas\u0131 ve y\u00fcr\u00fcrl\u00fc\u011fe girmesi i\u00e7in Meclis \u00f6n\u00fcnde bir bas\u0131n a\u00e7\u0131klamas\u0131 yaparak, milletvekillerinin deste\u011fi ile Meclis&#8217;e sunduk ve Komitede ivedilikle g\u00f6r\u00fc\u015f\u00fclmesine ili\u015fkin tezkere Meclis Genel Kurulu\u2019nda onayland\u0131.<\/p>\n<p><b>Hatice:<\/b> Yasa de\u011fi\u015fikli\u011fi \u00f6nerimizin ivedili\u011fi al\u0131nd\u0131ktan birka\u00e7 hafta sonra ciddi bir yang\u0131n ya\u015fand\u0131. Ve bu yang\u0131nda Omorfo\u2019daki bitki \u00f6rt\u00fcs\u00fc ile birlikte hayvanlar da telef oldu. Bu y\u00fczden \u201cMercedes de\u011fil yang\u0131n helikopteri\u2019 slogan\u0131m\u0131zla Ba\u015fbakanl\u0131k \u00f6n\u00fcnde bir eylem ger\u00e7ekle\u015ftirdik. Daha sonra ise YD\u00dc\u2019n\u00fcn bitmek bilmeyen sermaye sevdas\u0131n\u0131n g\u00fcncel oda\u011f\u0131 olan hayvan deneyleri hakk\u0131nda Tar\u0131m Bakanl\u0131\u011f\u0131\u2019na Bilgi Edinme Yasas\u0131 gere\u011fince bir tak\u0131m sorular sorduk.<\/p>\n<p><b>Bundan sonras\u0131 i\u00e7in hedefleriniz nelerdir?<\/b><\/p>\n<p><b>Yusuf:<\/b> \u0130lk hedefimiz haz\u0131rlam\u0131\u015f oldu\u011fumuz yasan\u0131n uygulanmas\u0131n\u0131 sa\u011flamaya \u00e7al\u0131\u015farak \u00fclkemizi hayvanlar i\u00e7in daha ya\u015fanabilir bir hale getirmek.<b><\/b><\/p>\n<p><b>Janna: <\/b>Tar\u0131m Bakanl\u0131\u011f\u0131, Belediyeler, Veteriner Dairesi, Polis Te\u015fkilat\u0131 gibi mercilerin \u00fczerine d\u00fc\u015fen y\u00fck\u00fcml\u00fcl\u00fckleri yerine getirmesini sa\u011flama, kamuyu hayvan haklar\u0131 hakk\u0131nda, yaz\u0131l\u0131 ve g\u00f6rsel medyay\u0131 kullanarak bilin\u00e7lendirme \u015feklinde\u2026<\/p>\n<p><a href=\"https:\/\/baraka.cc\/wp-content\/uploads\/2017\/12\/canbb.jpg\"><img decoding=\"async\" loading=\"lazy\" class=\"alignnone size-medium wp-image-5669\" alt=\"canbb\" src=\"https:\/\/baraka.cc\/wp-content\/uploads\/2017\/12\/canbb-300x150.jpg\" width=\"300\" height=\"150\" srcset=\"https:\/\/baraka.cc\/wp-content\/uploads\/2017\/12\/canbb-300x150.jpg 300w, https:\/\/baraka.cc\/wp-content\/uploads\/2017\/12\/canbb.jpg 630w\" sizes=\"(max-width: 300px) 100vw, 300px\" \/><\/a><\/p>\n<p><b>Hayvan Refah\u0131 De\u011fi\u015fiklik Yasas\u0131&#8217;n\u0131n i\u00e7eri\u011fi nedir? <\/b><\/p>\n<p><b>Eda:<\/b> Meclis\u2019e sunulan yasa maddeleri, mevcut yasan\u0131n iyile\u015ftirilmi\u015f halidir. Ba\u015flang\u0131\u00e7 olarak ufak ve sa\u011flam ad\u0131mlarla ilerlemeyi tercih ettik. \u0130\u00e7erikte bir\u00e7ok konu yer al\u0131yor. Toplanan hayvanlar i\u00e7in bir ihbar hatt\u0131 olu\u015fturulmas\u0131, \u00f6tenazi halinde farkl\u0131 hekimlere dan\u0131\u015f\u0131lmas\u0131 zorunlulu\u011fu, hayvan deneylerinin tamamen ortadan kald\u0131r\u0131lmas\u0131, pet shop ve \u00fcretim gibi mecralar\u0131n cayd\u0131r\u0131lmas\u0131 ve yerine sahiplendirme yap\u0131lmas\u0131, bar\u0131naklar\u0131n denetlenmesi, cezalar\u0131n art\u0131r\u0131lmas\u0131 ve \u00e7evre bilinci olu\u015fturmak \u00fczere cezalar verilmesi, tekrar\u0131 halinde ise hapis cezas\u0131 gibi maddeler yer almakta. Yasam\u0131z i\u00e7in hala beklemedeyiz ve en yak\u0131n zamanda sonu\u00e7lanacak diye \u00fcmit ediyoruz.<\/p>\n<p><b>Bu gibi yasal de\u011fi\u015fiklikler sizce yeterli olacak m\u0131?<\/b><\/p>\n<p><b>Eda:<\/b> De\u011fi\u015fiklikler, daha derin d\u00fc\u015f\u00fcnecek olursak, elbette yeterli de\u011fil. Fakat ba\u015flang\u0131\u00e7 olarak iyi bir ad\u0131m att\u0131\u011f\u0131m\u0131z\u0131 d\u00fc\u015f\u00fcn\u00fcyoruz.<\/p>\n<p><b>Fayka:<\/b> E\u011fer bizim sundu\u011fumuz maddeler kabul edilirse, can dostlar\u0131m\u0131za yap\u0131lan haks\u0131zl\u0131klara, vah\u015fete dur demekle kalmay\u0131p, dostlar\u0131m\u0131za hak ettikleri ya\u015fam\u0131 ve \u00f6zg\u00fcrl\u00fcklerini de sunmu\u015f olaca\u011f\u0131z.<\/p>\n<p><b>\u00c7ok te\u015fekk\u00fcrler, d\u00fcnyan\u0131n yaln\u0131zca bize ait olmad\u0131\u011f\u0131n\u0131 hepimize hat\u0131rlatt\u0131\u011f\u0131n\u0131z i\u00e7in\u2026<\/b><\/p>\n<p>&nbsp;<\/p>\n","protected":false},"excerpt":{"rendered":"<p>Argasdi dergimizin \u00c7evrEkoloji dosyas\u0131nda yer alan, D\u00fcnya Yaln\u0131z Bizim De\u011fil Hareketi ile yapt\u0131\u011f\u0131m\u0131z rop\u00f6rtaj&#8230; \u201cAyn\u0131 ama\u00e7lar do\u011frultusunda par\u00e7alanm\u0131\u015f olman\u0131n faydas\u0131 de\u011fil zarar\u0131 var\u201d K\u0131sa bir<\/p>\n","protected":false},"author":3,"featured_media":5669,"comment_status":"open","ping_status":"open","sticky":false,"template":"","format":"standard","meta":{"jetpack_post_was_ever_published":false,"_jetpack_newsletter_access":"","_jetpack_newsletter_tier_id":0,"jetpack_publicize_message":"","jetpack_is_tweetstorm":false,"jetpack_publicize_feature_enabled":true,"jetpack_social_post_already_shared":true,"jetpack_social_options":{"image_generator_settings":{"template":"highway","enabled":false}}},"categories":[40,67,38,9,43,1,39],"tags":[],"jetpack_publicize_connections":[],"jetpack_featured_media_url":"https:\/\/baraka.cc\/wp-content\/uploads\/2017\/12\/canbb.jpg","jetpack_shortlink":"https:\/\/wp.me\/p4eHWX-1tp","jetpack_sharing_enabled":true,"_links":{"self":[{"href":"https:\/\/baraka.cc\/index.php?rest_route=\/wp\/v2\/posts\/5667"}],"collection":[{"href":"https:\/\/baraka.cc\/index.php?rest_route=\/wp\/v2\/posts"}],"about":[{"href":"https:\/\/baraka.cc\/index.php?rest_route=\/wp\/v2\/types\/post"}],"author":[{"embeddable":true,"href":"https:\/\/baraka.cc\/index.php?rest_route=\/wp\/v2\/users\/3"}],"replies":[{"embeddable":true,"href":"https:\/\/baraka.cc\/index.php?rest_route=%2Fwp%2Fv2%2Fcomments&post=5667"}],"version-history":[{"count":1,"href":"https:\/\/baraka.cc\/index.php?rest_route=\/wp\/v2\/posts\/5667\/revisions"}],"predecessor-version":[{"id":5670,"href":"https:\/\/baraka.cc\/index.php?rest_route=\/wp\/v2\/posts\/5667\/revisions\/5670"}],"wp:featuredmedia":[{"embeddable":true,"href":"https:\/\/baraka.cc\/index.php?rest_route=\/wp\/v2\/media\/5669"}],"wp:attachment":[{"href":"https:\/\/baraka.cc\/index.php?rest_route=%2Fwp%2Fv2%2Fmedia&parent=5667"}],"wp:term":[{"taxonomy":"category","embeddable":true,"href":"https:\/\/baraka.cc\/index.php?rest_route=%2Fwp%2Fv2%2Fcategories&post=5667"},{"taxonomy":"post_tag","embeddable":true,"href":"https:\/\/baraka.cc\/index.php?rest_route=%2Fwp%2Fv2%2Ftags&post=5667"}],"curies":[{"name":"wp","href":"https:\/\/api.w.org\/{rel}","templated":true}]}}