{"id":5676,"date":"2017-12-18T13:55:03","date_gmt":"2017-12-18T11:55:03","guid":{"rendered":"https:\/\/baraka.cc\/?p=5676"},"modified":"2017-12-18T13:55:03","modified_gmt":"2017-12-18T11:55:03","slug":"yeni-bir-trend-olarak-cevrecilik-ve-hayvanseverlik-tahsin-oygar-2","status":"publish","type":"post","link":"https:\/\/baraka.cc\/?p=5676","title":{"rendered":"Yeni Bir Trend Olarak \u00c7evrecilik ve Hayvanseverlik! &#8211; Tahsin Oygar"},"content":{"rendered":"<p style=\"text-align: center;\"><em>Argasdi 48. say\u0131m\u0131zdan, \u00e7uvald\u0131z\u0131 ba\u015fkas\u0131na bat\u0131r\u0131rken i\u011fneyi de kendimize bat\u0131rd\u0131\u011f\u0131m\u0131z bir yaz\u0131&#8230;<\/em><\/p>\n<p style=\"text-align: center;\"><a href=\"https:\/\/baraka.cc\/wp-content\/uploads\/2017\/12\/k2.jpeg\"><img decoding=\"async\" loading=\"lazy\" class=\"alignnone size-medium wp-image-5672\" alt=\"k2\" src=\"https:\/\/baraka.cc\/wp-content\/uploads\/2017\/12\/k2-300x215.jpeg\" width=\"300\" height=\"215\" srcset=\"https:\/\/baraka.cc\/wp-content\/uploads\/2017\/12\/k2-300x215.jpeg 300w, https:\/\/baraka.cc\/wp-content\/uploads\/2017\/12\/k2.jpeg 474w\" sizes=\"(max-width: 300px) 100vw, 300px\" \/><\/a><\/p>\n<p>Bu yaz\u0131da yap\u0131lan ele\u015ftiriler beni ve \u00f6rg\u00fct\u00fcm\u00fc de k\u0131smen kapsar ve de umar\u0131m samimiyetle d\u00fc\u015f\u00fcnmemize sebep olur. Ekoloji alan\u0131n\u0131 kendine ana u\u011fra\u015f alan\u0131 se\u00e7mese de \u00f6rg\u00fct\u00fcm\u00fcn de\u011ferleri i\u00e7erisinde ekoloji mevcut ve de kendi \u00e7ap\u0131m\u0131zda bu \u00fclkede bir\u00e7ok ekoloji m\u00fccadelesinde \u00f6n saflar\u0131 alm\u0131\u015f\u0131zd\u0131r. K\u00f6pek Yar\u0131\u015flar\u0131n\u0131 Durdural\u0131m Kampanyas\u0131\u2019ndan, T\u00fcrkiye\u2019den getirilen su meselesine, Karpaz\u2019a elektrik g\u00f6t\u00fcr\u00fclmesinden Akkuyu\u2019da kurulacak N\u00fckleer Santrale kar\u015f\u0131 \u00e7\u0131kmaya kadar bir\u00e7ok eylemde etkin rol ald\u0131k. Ama bilinmelidir ki hi\u00e7bir yap\u0131, i\u00e7inde bulundu\u011fu, do\u011fdu\u011fu toplumdaki negatif ve pozitif de\u011ferlerden ar\u0131nm\u0131\u015f de\u011fildir. \u0130\u015fte bu bilin\u00e7le, yeni trend olan \u00e7evrecilik ve hayvanseverlik mevzusu hemen hemen herkesi etkilemektedir. Bug\u00fcn gerek \u00fclkemizde gerekse d\u00fcnyada neredeyse t\u00fcm \u015firketler ye\u015fil ve hayvan dostu! Ye\u015fil g\u00f6kdelenler, organik marketler, vegan vejetaryen restoranlar, geri d\u00f6n\u00fc\u015f\u00fcm\u00fcn dayan\u0131lmaz hafifli\u011fini savunan belediyeler, baz istasyonlar\u0131 kuran \u201c\u00e7evreci\u201d GSM operat\u00f6rleri\u2026 Saymakla bitmez bir imaj bombard\u0131man\u0131 alt\u0131nday\u0131z. Hal b\u00f6yleyken birey de kendine en uygun yolu \u00e7iziyor. Birey bu imaj bombard\u0131man\u0131 ve ger\u00e7ekten talan edilen d\u00fcnyan\u0131n art\u0131k daha fazla gizlenememesi kar\u015f\u0131s\u0131nda pozisyon almaya \u00e7al\u0131\u015f\u0131yor. Peki, ne yap\u0131yor?<\/p>\n<p>***<\/p>\n<p>\u00c7\u00f6p topla, kedi ve k\u00f6pek besle, et yeme, sokak hayvanlar\u0131n\u0131 bar\u0131na\u011fa g\u00f6t\u00fcr ve de a\u011fa\u00e7 dik. Vicdan \u00fczerinden bir s\u00f6ylem geli\u015ftir ve de kendin d\u0131\u015f\u0131ndaki t\u00fcm e\u011filimleri ele\u015ftir, rahatla. Vegan ve vejetaryen destek \u00fcr\u00fcnlerini sat\u0131n al, kullan, \u00f6zendir. Bu destek ila\u00e7lar\u0131 ka\u00e7 para? Asgari \u00fccret ile ge\u00e7inen bir aile i\u00e7in ne kadar ula\u015f\u0131l\u0131r durumda? Bunlar\u0131 \u00fcreten ila\u00e7 firmalar\u0131, memeli hayvanlar \u00fczerinde deneyler yap\u0131yor mu? Bunlar \u00f6nemli de\u011fil! Toparlan \u201cpiar\u201d \u00e7al\u0131\u015fman devam etmeli. Aksi halde halin harap. \u015eimdi s\u0131rada gidip bu alanlardaki \u00f6rg\u00fctlerde tak\u0131lmak, yasal d\u00fczenlemeler i\u00e7in parlamentoda kulis yapmak, arada s\u0131rada yap\u0131lan yanl\u0131\u015f bir uygulama i\u00e7in bir bildiri yazmak, Turkcell ve Telsim gibi \u201cdo\u011fa dostu\u201d \u015firketlerin sponsorlu\u011funda etkinliklere kat\u0131lmak var. Ya\u011fmur ormanlar\u0131na katk\u0131 i\u00e7in Starbucks\u2019tan kahve i\u00e7 ve de i\u015fkence alanlar\u0131na d\u00f6n\u00fc\u015fm\u00fc\u015f hayvan bar\u0131naklar\u0131n\u0131 arada bir temizle! San\u0131r\u0131m art\u0131k vicdan\u0131n rahat, toplum taraf\u0131ndan onaylanan \u00e7evreci ve hayvansever bir kartvizite sahipsin. \u00c7evre konusundaki aktifli\u011fini istersen rant ve oy i\u00e7in siyasetlere meze yapabilir \u201cBen do\u011frusunu s\u00f6ylerim! Yapmamalar\u0131 onlar\u0131n sorunu\u201d diyebilirsin.<\/p>\n<p>***<\/p>\n<p>Trend dedi\u011fimiz \u015fey asl\u0131nda \u201creva\u00e7ta\u201d kelimesi ile daha iyi anla\u015f\u0131labilir. Kapitalist piyasada ge\u00e7ici d\u00f6nemlerde talep edilen, onaylanan veya prim yapan \u015fey anlam\u0131na da gelir. \u0130nsan ili\u015fkilerinin de piyasala\u015ft\u0131\u011f\u0131 bu zamanlarda art\u0131k hedef kitlene hitap eden bir karakter sergilemek amac\u0131 ile veya en iyi ihtimalle \u00f6yle yapt\u0131\u011f\u0131n\u0131 bilmeden kendini bu \u015fekilde pazarlamaya ba\u015fl\u0131yorsun. \u00c7evreye duyarl\u0131, aktif, hayvanc\u0131klar\u0131 seven, organik beslenen, liberal ve hatta sol bir ki\u015filik. \u0130\u015fte bu tutar. Hedef kitlesi muhafazakarlar olup a\u00e7\u0131k bir \u015fekilde yukar\u0131da say\u0131lan \u00e7evrecilik aktivitelerine bile burun k\u0131v\u0131ranlar! L\u00fctfen bu yaz\u0131y\u0131 kale almay\u0131n sizlerin \u00e7ok daha b\u00fcy\u00fck problemleriniz var.<\/p>\n<p>***<\/p>\n<p>Her yerde her ko\u015fulda ge\u00e7erli olan tertemiz ve en do\u011fru devrimci ekoloji m\u00fccadelesinden veyahut ekososyalist alternatiften; yani yerele sa\u011flam basan, enternasyonal dayan\u0131\u015fma i\u00e7erisinde bir ekoloji m\u00fccadelesi kurmaktan bahsetmiyorum. Bulundu\u011fumuz co\u011frafyada kendi dinamikleri ve \u00f6znelerinin fark\u0131nda olarak ve birlikte m\u00fccadele vererek, tart\u0131\u015farak \u015fekillendirilebilecek bir m\u00fccadeleden bahsediyorum. Do\u011fru, etkin bir ekoloji m\u00fccadelesi, \u00fclkemizde ya\u015fayan halklar\u0131n bar\u0131\u015f\u0131 i\u00e7in de ortak bir zemin sa\u011flayabilir. Belki de d\u00fcnyan\u0131n hi\u00e7bir yerinde hafif, rayl\u0131, do\u011fa dostu, toplu ta\u015f\u0131ma talebi, bizim \u00fclkemizde oldu\u011fu kadar gerekli bir talep de\u011fildir. Ama \u00f6n\u00fcm\u00fczde pop\u00fclerle\u015ftirilerek ve i\u00e7i bo\u015falt\u0131larak yok edilmek istenen bir \u00e7evrecilik anlay\u0131\u015f\u0131 var. Militan, me\u015fru ve etkili bir ekoloji hareketi, teorik ve pratik anlamda ne yaz\u0131k ki bu co\u011frafyada filizlenemiyor ve bu hepimizin sorunu. Bir k\u00fclt\u00fcrel erozyon olarak trend haline gelen, rahatlat\u0131c\u0131 \u00e7evreci hareketlerin de baz\u0131 faydalar sa\u011flad\u0131\u011f\u0131n\u0131 s\u00f6yleyebiliriz. Fakat bu \u015fekilde bir m\u00fccadele ile ne co\u011frafyam\u0131zda ne de d\u00fcnyada kar\u015f\u0131 kar\u015f\u0131ya kald\u0131\u011f\u0131m\u0131z ekolojik felaketler silsilesini durduramayaca\u011f\u0131m\u0131z kesin. Bu g\u00fcne kadar bilinen en ak\u0131lc\u0131, yarat\u0131c\u0131, \u00fcretken, estetik ve biyolojik kapasitesi y\u00fcksek bir primat olan insan\u0131n potansiyelini, imaj parlatmaya yeterince harcamad\u0131k m\u0131?<\/p>\n<p>Tahsin Oygar<\/p>\n<p>tahsinoygar@yahoo.com<\/p>\n<p>&nbsp;<\/p>\n<p>&nbsp;<\/p>\n","protected":false},"excerpt":{"rendered":"<p>Argasdi 48. say\u0131m\u0131zdan, \u00e7uvald\u0131z\u0131 ba\u015fkas\u0131na bat\u0131r\u0131rken i\u011fneyi de kendimize bat\u0131rd\u0131\u011f\u0131m\u0131z bir yaz\u0131&#8230; Bu yaz\u0131da yap\u0131lan ele\u015ftiriler beni ve \u00f6rg\u00fct\u00fcm\u00fc de k\u0131smen kapsar ve de umar\u0131m<\/p>\n","protected":false},"author":3,"featured_media":5672,"comment_status":"open","ping_status":"open","sticky":false,"template":"","format":"standard","meta":{"jetpack_post_was_ever_published":false,"_jetpack_newsletter_access":"","_jetpack_newsletter_tier_id":0,"jetpack_publicize_message":"","jetpack_is_tweetstorm":false,"jetpack_publicize_feature_enabled":true,"jetpack_social_post_already_shared":true,"jetpack_social_options":{"image_generator_settings":{"template":"highway","enabled":false}}},"categories":[40,67,38,9,42,1,39],"tags":[],"jetpack_publicize_connections":[],"jetpack_featured_media_url":"https:\/\/baraka.cc\/wp-content\/uploads\/2017\/12\/k2.jpeg","jetpack_shortlink":"https:\/\/wp.me\/p4eHWX-1ty","jetpack_sharing_enabled":true,"_links":{"self":[{"href":"https:\/\/baraka.cc\/index.php?rest_route=\/wp\/v2\/posts\/5676"}],"collection":[{"href":"https:\/\/baraka.cc\/index.php?rest_route=\/wp\/v2\/posts"}],"about":[{"href":"https:\/\/baraka.cc\/index.php?rest_route=\/wp\/v2\/types\/post"}],"author":[{"embeddable":true,"href":"https:\/\/baraka.cc\/index.php?rest_route=\/wp\/v2\/users\/3"}],"replies":[{"embeddable":true,"href":"https:\/\/baraka.cc\/index.php?rest_route=%2Fwp%2Fv2%2Fcomments&post=5676"}],"version-history":[{"count":1,"href":"https:\/\/baraka.cc\/index.php?rest_route=\/wp\/v2\/posts\/5676\/revisions"}],"predecessor-version":[{"id":5677,"href":"https:\/\/baraka.cc\/index.php?rest_route=\/wp\/v2\/posts\/5676\/revisions\/5677"}],"wp:featuredmedia":[{"embeddable":true,"href":"https:\/\/baraka.cc\/index.php?rest_route=\/wp\/v2\/media\/5672"}],"wp:attachment":[{"href":"https:\/\/baraka.cc\/index.php?rest_route=%2Fwp%2Fv2%2Fmedia&parent=5676"}],"wp:term":[{"taxonomy":"category","embeddable":true,"href":"https:\/\/baraka.cc\/index.php?rest_route=%2Fwp%2Fv2%2Fcategories&post=5676"},{"taxonomy":"post_tag","embeddable":true,"href":"https:\/\/baraka.cc\/index.php?rest_route=%2Fwp%2Fv2%2Ftags&post=5676"}],"curies":[{"name":"wp","href":"https:\/\/api.w.org\/{rel}","templated":true}]}}