{"id":5684,"date":"2017-12-23T11:19:15","date_gmt":"2017-12-23T09:19:15","guid":{"rendered":"https:\/\/baraka.cc\/?p=5684"},"modified":"2017-12-23T11:19:15","modified_gmt":"2017-12-23T09:19:15","slug":"baraka-nasil-oy-verecegimizi-biliyoruz-siz-nasil-hesap-vereceginizi-dusunun","status":"publish","type":"post","link":"https:\/\/baraka.cc\/?p=5684","title":{"rendered":"Baraka: \u201cNas\u0131l Oy Verece\u011fimizi Biliyoruz, Siz Nas\u0131l Hesap Verece\u011finizi D\u00fc\u015f\u00fcn\u00fcn\u201d"},"content":{"rendered":"<p>\u00dclkemizde son 15 y\u0131lda h\u00fck\u00fcmet koltuklar\u0131n\u0131 payla\u015fan, biri sistemin kurucusu, di\u011feri koruyucusu olan iki partinin anla\u015fmas\u0131 \u00fczerine yeni bir se\u00e7im s\u00fcrecine girildi. Yine ayn\u0131 iki partinin Meclis komitesinde oybirli\u011fiyle \u015fekillendirdi\u011fi yeni se\u00e7im yasas\u0131 oy verme i\u015flemini i\u00e7inden \u00e7\u0131k\u0131lamaz hale getirince, halka \u201cnas\u0131l oy verilece\u011fini\u201d anlatmak i\u00e7in kollar s\u0131vand\u0131.<\/p>\n<p>Halk olarak haklar\u0131m\u0131za, gelece\u011fimize g\u00f6z dikenlere tepki g\u00f6stermekten hi\u00e7bir zaman geri durmayan, \u201cba\u015fka bir k\u00fclt\u00fcr yaratma\u201d \u00e7abas\u0131n\u0131n yan\u0131nda halk\u0131m\u0131za y\u00f6nelik tehditlere kar\u015f\u0131 da her zaman direnen bizler i\u00e7in se\u00e7imler; halk\u0131n d\u00fc\u015fmanlar\u0131ndan hesap soraca\u011f\u0131 g\u00fcnlerden biridir.<\/p>\n<p>Ada \u00fczerinde ya\u015fayan halklar\u0131n refah\u0131n\u0131, do\u011fam\u0131z\u0131 ve gelece\u011fimizi tehlikeye atan t\u00fcm giri\u015fimlere kar\u015f\u0131 sokakta m\u00fccadelemizi s\u00fcrd\u00fcrd\u00fc\u011f\u00fcm\u00fcz gibi, bu giri\u015fimleri uygulamaya koymakta kullan\u0131lan, kendi menfaatini toplumsal menfaatlerin \u00f6n\u00fcnde tutan halk d\u00fc\u015fman\u0131 i\u015fbirlik\u00e7ilere sand\u0131kta da hesap sorulmas\u0131 gerekti\u011fini savunuyoruz. Halk\u0131n haklar\u0131na g\u00f6z dikenlere kar\u015f\u0131 t\u00fcm ara\u00e7lar kullan\u0131lmal\u0131yken, bug\u00fcn se\u00e7imi boykot etmenin bir m\u00fccadele y\u00f6ntemi olarak kabul edilebilmesi i\u00e7in sokakta sand\u0131\u011f\u0131n me\u015frulu\u011funu sarsacak \u00f6l\u00e7\u00fcde bir direni\u015f durumu olmad\u0131\u011f\u0131 da a\u00e7\u0131kt\u0131r.<\/p>\n<p>G\u00fcc\u00fcn\u00fc ne Ankara\u2019dan, ne de Br\u00fcksel\u2019den alan, yaln\u0131zca halk\u0131na g\u00fcvenen bizler, halk\u0131m\u0131z\u0131n nas\u0131l oy verece\u011fini bildi\u011finden \u015f\u00fcphe duymuyoruz.<\/p>\n<p>Halk\u0131m\u0131z, kendine ait kurumlar\u0131 satan, kazan\u0131lm\u0131\u015f haklar\u0131m\u0131z\u0131 gasp eden, gen\u00e7li\u011fimizi ba\u015fka bir devletin iradesine teslim etmeye \u00e7al\u0131\u015fanlar\u0131n kim oldu\u011funu biliyor.<\/p>\n<p>Halk\u0131m\u0131z, kamusal e\u011fitim ve sa\u011fl\u0131\u011f\u0131n kalitesini d\u00fc\u015f\u00fcrerek, \u00f6zel hastane ve okullara kendisini mahkum eden, paras\u0131z e\u011fitim ve sa\u011fl\u0131k hakk\u0131n\u0131 gasp edenlerin kim oldu\u011funu da biliyor.<\/p>\n<p>Dinsel gericili\u011fin \u00f6n\u00fcn\u00fc a\u00e7an en b\u00fcy\u00fck ad\u0131mlardan biri olan ilahiyat kolejini kimin a\u00e7t\u0131\u011f\u0131n\u0131 hat\u0131rlayan halk\u0131m\u0131z, trafikte verdi\u011fi canlar\u0131n hesab\u0131n\u0131 hangi h\u00fck\u00fcmet partilerinden soraca\u011f\u0131n\u0131 da gayet iyi biliyor.<\/p>\n<p>Nas\u0131l oy verece\u011fimizi ve kime oy vermeyece\u011fimizi \u00e7ok iyi biliyoruz!<\/p>\n<p>G\u00f6\u00e7 yasas\u0131n\u0131 Meclis\u2019e getirenlere de, Meclis\u2019ten ge\u00e7irenlere de oy vermeyece\u011fiz!<\/p>\n<p>Karpaz\u2019a elektrik direklerini dikerek talan edilmesi i\u00e7in s\u00fcreci ba\u015flatanlara da, devam ettirenlere de oy vermeyece\u011fiz!<\/p>\n<p>Bu \u00fclkenin hava yollar\u0131n\u0131, KTHY\u2019Y\u0130 bat\u0131ranlara da, kapat\u0131p bizleri \u00f6zel u\u00e7ak \u015firketlerin insaf\u0131na b\u0131rakanlara da, Ercan\u2019\u0131 \u00f6zele devredenlere de oy vermeyece\u011fiz!<\/p>\n<p>Laik sistemi ve toplum yap\u0131m\u0131z\u0131 tehlikeye atan, dinsel gericili\u011fin en \u00f6nemli \u00f6rg\u00fctlenme arac\u0131 olan kuran kurslar\u0131 i\u00e7in \u201cha kuran kursu ha tenis kursu\u201d diyenlere, ilahiyat a\u00e7\u0131l\u0131\u015f\u0131nda kurdele kesenlere oy vermeyece\u011fiz!<\/p>\n<p>Atat\u00fcrk \u00d6\u011fretmen Akademisi\u2019ni kapatmak i\u00e7in her 5 y\u0131lda bir s\u0131raya giren \u00fc\u00e7\u00fczlere oy vermeyece\u011fiz!<\/p>\n<p>AKP\u2019ye yaranmak i\u00e7in halka saat kaosunu ya\u015fatan, \u00e7ocuklar\u0131m\u0131z\u0131 karanl\u0131kta okula g\u00f6nderen ve en de\u011fer verdiklerimizi can\u0131ndan edenlere oy vermeyece\u011fiz!<\/p>\n<p>\u0130mzalar\u0131 atanlara, yerel su kaynaklar\u0131m\u0131z\u0131 TC\u2019ye satanlara, halk\u0131m\u0131z\u0131 AKP\u2019ye g\u00f6bek ba\u011f\u0131yla ba\u011flamak i\u00e7in k\u0131l\u0131ktan k\u0131l\u0131\u011fa girenlere oy vermeyece\u011fiz!<\/p>\n<p>TC Yurtd\u0131\u015f\u0131 Koordinasyon Ofisi Anla\u015fmas\u0131 ile \u00fclke gen\u00e7li\u011fini AKP gericili\u011finin ellerine teslim etmeye \u00e7al\u0131\u015fanlara, binlerce gencin reddine ra\u011fmen y\u00fcz\u00fc k\u0131zarmadan Meclis\u2019te anla\u015fmay\u0131 onaylayanlara oy vermeyece\u011fiz!<\/p>\n<p>Devlet okullar\u0131n\u0131n dam\u0131 \u00e7\u00f6ker, hastanemiz yeterli hizmeti veremezken, g\u0131c\u0131r g\u0131c\u0131r mercedesleri de\u011fi\u015ftirip yenilerini alanlara, \u201cistersem porsche al\u0131r\u0131m\u201d diyenlere oy vermeyece\u011fiz!<\/p>\n<p>T\u00fcrkiye\u2019de demokrasinin fi\u015fini \u00e7eken AKP\u2019nin K\u0131br\u0131s\u2019ta d\u00fczenledi\u011fi s\u00f6zde demokrasi mitinginin alt\u0131na imza atanlara,<\/p>\n<p>Sevgilisine vatanda\u015fl\u0131k, o\u011fluna \u00fcniversite arsas\u0131 verenlere,<br \/>\nYollar d\u00f6k\u00fcl\u00fcrken mandras\u0131n\u0131n yoluna asfalt d\u00f6kene,<\/p>\n<p>7 bu\u00e7uk y\u0131l h\u00fck\u00fcmette olup s\u0131\u011f\u0131nma evi a\u00e7mayana,<\/p>\n<p>Kad\u0131n\u0131n y\u0131pranma pay\u0131n\u0131 kald\u0131ran, Sosyal G\u00fcvensizlik Yasas\u0131 ile emeklilik ya\u015f\u0131n\u0131 art\u0131ran eski bakanlara,<\/p>\n<p>Meclis\u2019te \u00f6zel sekt\u00f6rde sendikala\u015fman\u0131n aleyhinde oy verenlere,<\/p>\n<p>Emek\u00e7i halka reva g\u00f6r\u00fclen g\u00fcl\u00fcn\u00e7 asgari \u00fccreti belirleyip, \u00f6zelde sendikala\u015fmaya engel olanlara kontenjan adayl\u0131\u011f\u0131 verenlere oy vermeyece\u011fiz.<\/p>\n<p>Bizler, nas\u0131l oy verece\u011fimizi de, kime oy vermeyece\u011fimizi de \u00e7ok iyi biliyoruz. Sizler nas\u0131l hesap verece\u011finizi d\u00fc\u015f\u00fcnmeye ba\u015flay\u0131n.<\/p>\n<p>Baraka K\u00fclt\u00fcr Merkezi<\/p>\n<p>Aral\u0131k 2017<\/p>\n","protected":false},"excerpt":{"rendered":"<p>\u00dclkemizde son 15 y\u0131lda h\u00fck\u00fcmet koltuklar\u0131n\u0131 payla\u015fan, biri sistemin kurucusu, di\u011feri koruyucusu olan iki partinin anla\u015fmas\u0131 \u00fczerine yeni bir se\u00e7im s\u00fcrecine girildi. Yine ayn\u0131 iki<\/p>\n","protected":false},"author":3,"featured_media":5604,"comment_status":"open","ping_status":"open","sticky":false,"template":"","format":"standard","meta":{"jetpack_post_was_ever_published":false,"_jetpack_newsletter_access":"","_jetpack_newsletter_tier_id":0,"jetpack_publicize_message":"","jetpack_is_tweetstorm":false,"jetpack_publicize_feature_enabled":true,"jetpack_social_post_already_shared":true,"jetpack_social_options":{"image_generator_settings":{"template":"highway","enabled":false}}},"categories":[41,38,9,1],"tags":[],"jetpack_publicize_connections":[],"jetpack_featured_media_url":"https:\/\/baraka.cc\/wp-content\/uploads\/2017\/11\/baraka-logo.jpg","jetpack_shortlink":"https:\/\/wp.me\/p4eHWX-1tG","jetpack_sharing_enabled":true,"_links":{"self":[{"href":"https:\/\/baraka.cc\/index.php?rest_route=\/wp\/v2\/posts\/5684"}],"collection":[{"href":"https:\/\/baraka.cc\/index.php?rest_route=\/wp\/v2\/posts"}],"about":[{"href":"https:\/\/baraka.cc\/index.php?rest_route=\/wp\/v2\/types\/post"}],"author":[{"embeddable":true,"href":"https:\/\/baraka.cc\/index.php?rest_route=\/wp\/v2\/users\/3"}],"replies":[{"embeddable":true,"href":"https:\/\/baraka.cc\/index.php?rest_route=%2Fwp%2Fv2%2Fcomments&post=5684"}],"version-history":[{"count":1,"href":"https:\/\/baraka.cc\/index.php?rest_route=\/wp\/v2\/posts\/5684\/revisions"}],"predecessor-version":[{"id":5685,"href":"https:\/\/baraka.cc\/index.php?rest_route=\/wp\/v2\/posts\/5684\/revisions\/5685"}],"wp:featuredmedia":[{"embeddable":true,"href":"https:\/\/baraka.cc\/index.php?rest_route=\/wp\/v2\/media\/5604"}],"wp:attachment":[{"href":"https:\/\/baraka.cc\/index.php?rest_route=%2Fwp%2Fv2%2Fmedia&parent=5684"}],"wp:term":[{"taxonomy":"category","embeddable":true,"href":"https:\/\/baraka.cc\/index.php?rest_route=%2Fwp%2Fv2%2Fcategories&post=5684"},{"taxonomy":"post_tag","embeddable":true,"href":"https:\/\/baraka.cc\/index.php?rest_route=%2Fwp%2Fv2%2Ftags&post=5684"}],"curies":[{"name":"wp","href":"https:\/\/api.w.org\/{rel}","templated":true}]}}