{"id":569,"date":"2009-04-01T11:57:45","date_gmt":"2009-04-01T08:57:45","guid":{"rendered":"https:\/\/baraka.cc\/?p=569"},"modified":"2013-10-22T12:03:17","modified_gmt":"2013-10-22T09:03:17","slug":"ayak-bacak-fabrikasi","status":"publish","type":"post","link":"https:\/\/baraka.cc\/?p=569","title":{"rendered":"Ayak Bacak Fabrikas\u0131"},"content":{"rendered":"<p>Ayak Bacak Fabrikas\u0131<\/p>\n<p>Yazan: Sermet \u00c7a\u011fan<\/p>\n<p>G\u00f6sterim Tarihleri: 25\u00a0&#8211; 28\u00a0Nisan, 2 &#8211; 5 May\u0131s 2009\u00a0<strong>\u00a0<\/strong><\/p>\n<p>&nbsp;<\/p>\n<p><strong><\/strong><\/p>\n<p>Ayak Bacak Fabrikas\u0131, 25 Nisan, 28 Nisan, 2 May\u0131s ve 5 May\u0131s 2009 tarihlerinde, Arabahmet K\u00fclt\u00fcrevi\u2019nde kapal\u0131 gi\u015fe oynad\u0131 ve be?eniyle izlendi.<\/p>\n<p>T\u00fcrk Tiyatrosunun \u00f6nemli yazarlar\u0131ndan Sermet \u00c7a?an\u2019\u0131n yazm\u0131\u015f oldu?u Ayak Bacak Fabrikas\u0131, \u201ckimine g\u00f6re \u00e7ok uzak, kimine g\u00f6re \u00e7ok yak\u0131n bir \u00fclkede\u201d y\u00f6neticilerin ceplerini doldurmak i\u00e7in halk\u0131 kand\u0131rmas\u0131n\u0131 ve halk\u0131n k\u00f6t\u00fcr\u00fcm kalma hikayesini ironik bir \u015fekilde i\u015flemekteydi. Modern epik tiyatro ve abs\u00fcrd tiyatrodan \u00f6?elerin politik bir temele oturtularak g\u00f6sterildi?i oyun, seyirciyi hem g\u00fcld\u00fcrd\u00fc hem de d\u00fc\u015f\u00fcnd\u00fcrd\u00fc.<\/p>\n<p>Kolayla\u015ft\u0131r\u0131c\u0131l\u0131?\u0131n\u0131 Nazen \u015fansal\u2019\u0131n yapt\u0131?\u0131 Ayak Bacak Fabrikas\u0131\u2019nda, Aliye Osum, Baran G\u00fcrel, Eyy\u00fcp Sabih Benzetsel, G\u00f6zde Gayde, H\u00fcseyin Y\u00f6nl\u00fcer, \u0130smail \u00d6zu\u00e7ar, Leman K\u0131rcal, Mehmet Adaman, Meltem Akba\u015f, Mine Kanol, Nazen \u015fansal, O?ulcan K\u0131rcal, \u015fifa Al\u00e7\u0131c\u0131o?lu ve Tahsin Oygar rol ald\u0131, Mine Balman ve Ceyda Al\u00e7\u0131c\u0131o?lu da teknik ekipte g\u00f6rev yapt\u0131.<\/p>\n<p>Baraka Tiyatro Ekibi, yaz d\u00f6nemini pratik ve teorik e?itim \u00e7aly\u015fmalary ile ve Geleneksel Baraka Yaz Kampy\u2019nda d\u00fczenlenecek Tiyatro At\u00f6lyesi hazyrlyklary ile ge\u00e7irmeyi planlyyor.<\/p>\n<p>Eyl\u00fcl ayynyn ba\u015fyndan itibaren ise yeni katylacak ki\u015filere e?itim \u00e7aly\u015fmalary verilerek yeni sezonun a\u00e7ylmasy ve yeni oyunlaryn \u00e7aly\u015fylmasy planlanyyor.<\/p>\n<p><a href=\"https:\/\/www.baraka.cc\/images\/stories\/b12_3.jpg\" target=\"_blank\"><img decoding=\"async\" loading=\"lazy\" alt=\" \" src=\"https:\/\/www.baraka.cc\/images\/stories\/b12_3.jpg\" width=\"200\" height=\"150\" border=\"2\" \/><\/a>\u00a0<a href=\"https:\/\/www.baraka.cc\/images\/stories\/b12_4.jpg\" target=\"_blank\"><img decoding=\"async\" loading=\"lazy\" alt=\" \" src=\"https:\/\/www.baraka.cc\/images\/stories\/b12_4.jpg\" width=\"200\" height=\"150\" border=\"2\" \/><\/a><\/p>\n<p class=\"MsoNormal\" style=\"margin: 0cm 0cm 0pt; line-height: 14.4pt; text-align: justify;\"><span style=\"font-size: 11pt; font-family: Verdana;\">\u00a0\u00a0\u00a0\u00a0\u00a0\u00a0\u00a0\u00a0\u00a0\u00a0\u00a0\u00a0\u00a0\u00a0\u00a0\u00a0\u00a0\u00a0\u00a0\u00a0 <\/span><span style=\"font-size: 11pt; font-family: Verdana;\">\u00a0<\/span><\/p>\n<p class=\"MsoNormal\" style=\"margin: 0cm 0cm 0pt; line-height: 14.4pt; text-align: justify;\"><span style=\"font-size: 11pt; font-family: Verdana;\">\u00a0\u00a0 <\/span><\/p>\n<p><span style=\"font-size: 11pt; font-family: Verdana;\"><a href=\"https:\/\/www.baraka.cc\/images\/stories\/b12_5.jpg\" target=\"_blank\"><img decoding=\"async\" loading=\"lazy\" alt=\" \" src=\"https:\/\/www.baraka.cc\/images\/stories\/b12_5.jpg\" width=\"200\" height=\"150\" border=\"2\" \/><\/a>\u00a0<a href=\"https:\/\/www.baraka.cc\/images\/stories\/b12_1.jpg\" target=\"_blank\"><img decoding=\"async\" loading=\"lazy\" alt=\" \" src=\"https:\/\/www.baraka.cc\/images\/stories\/b12_1.jpg\" width=\"150\" height=\"212\" border=\"2\" \/><\/a><\/span><span style=\"font-size: 10pt; line-height: 150%; font-family: Verdana;\"><br \/>\n<\/span><\/p>\n<p class=\"MsoNormal\" style=\"margin: 0cm 0cm 0pt; text-align: justify;\"><strong><span style=\"font-size: 11pt; line-height: 150%; font-family: Verdana;\">Sermet \u00c7a?an, Ayak Bacak Fabrikasy ve Baraka Tiyatro Ekibi<\/span><\/strong><\/p>\n<p>&nbsp;<\/p>\n<p><strong><span style=\"font-size: 11pt; line-height: 150%; font-family: Verdana;\">\u00a0\u00a0\u00a0<\/span><\/strong><strong><span style=\"font-size: 11pt; line-height: 150%; font-family: Verdana;\">\u00a0<\/span><\/strong><\/p>\n<p class=\"MsoNormal\" style=\"margin: 0cm 0cm 0pt; line-height: 150%; text-align: justify;\"><em><span style=\"font-size: 11pt; line-height: 150%; font-family: Verdana;\">\u201cY\u00fccelmek, y\u00fcceltmek i\u00e7in d\u00fcnyaya gelmi\u015f insanlary do?al haklary olan ya\u015fama pahasyna s\u00fcr\u00fcnd\u00fcrenler kimlerdir? Ki\u015fiye \u00f6z \u00e7ykaryny \u00f6?retmeyenler, g\u00f6stermeyenler. Onlar! Y\u00f6netmi\u015fler, y\u00f6netenler, y\u00f6netecekler!\u201d<\/span><\/em><span style=\"font-size: 11pt; line-height: 150%; font-family: Verdana;\"> Sermet \u00c7a?an<\/span><\/p>\n<p><span style=\"font-size: 11pt; line-height: 150%; font-family: Verdana;\">\u00a0\u00a0\u00a0 <\/span><span style=\"font-size: 11pt; line-height: 150%; font-family: Verdana;\">\u00a0<\/span><\/p>\n<p class=\"MsoNormal\" style=\"margin: 0cm 0cm 0pt; line-height: 150%; text-align: justify;\"><span style=\"font-size: 11pt; line-height: 150%; font-family: Verdana;\">Oyunculuk, yazarlyk, y\u00f6netmenlik, sahne tasarymcyly?y gibi tiyatronun \u00e7e\u015fitli alanlaryna emek vermi\u015f olan Sermet \u00c7a?an, 1929 yylynda Amasya\u2019da do?mu\u015f ve 1970 yylynda kalp krizi sonucu ya\u015fama veda etmi\u015ftir. 1951 yylynda <em><span style=\"font-style: normal; font-family: Verdana;\">Ankara Players<\/span><\/em><em><strong><\/strong><\/em>adly Yngilizce oyunlar oynayan bir tiyatro toplulu?una girmi\u015f, daha sonra <em><span style=\"font-style: normal; font-family: Verdana;\">Sahne Z<\/span><\/em> adly amat\u00f6r bir topluluk kurmu\u015f, bu arada <em><span style=\"font-style: normal; font-family: Verdana;\">D\u00fcnya<\/span><\/em> ve<em> <\/em><em><span style=\"font-style: normal; font-family: Verdana;\">\u00d6nc\u00fc<\/span><\/em><strong><\/strong>gazetelerinde politika yazary olarak \u00e7aly\u015fmy\u015ftyr. 1966-67 yyllarynda T\u00fcrkiye \u00d6?retmenler Sendikasy tiyatro toplulu?unu kurmu\u015f ve yurt \u00e7apynda turneler yapmy\u015ftyr. Sermet \u00c7a?an, gerek oyunlaryny yazarken gerekse sahneye koyarken k\u00fct\u00fcphanelerde, ar\u015fivlerde bir bilim insany gibi u?ra\u015fan, ayny zamanda da anlamaya ve anlatmaya \u00e7aly\u015fty?y Anadolu\u2019yu k\u00f6y k\u00f6y kasaba kasaba gezen bir yazardy.<\/span><\/p>\n<p><span style=\"font-size: 11pt; line-height: 150%; font-family: Verdana;\">\u00a0\u00a0\u00a0 <\/span><\/p>\n<p class=\"MsoNormal\" style=\"margin: 0cm 0cm 0pt; line-height: 150%; text-align: justify;\"><em><span style=\"font-size: 11pt; line-height: 150%; font-family: Verdana;\">\u00c7a?an\u2019yn oyunlaryny yazmasynda gazete k\u00fcp\u00fcrleri de \u00f6nemli rol oynar. Onun i\u00e7in \u00fclkenin bir kenaryna bula\u015fmy\u015f bir olay tek ba\u015fyna irdelenemez, o olay bu d\u00fczenle ilgilidir. Anamur il\u00e7esinin Karaku\u00e7ur, Karaa?a ve Sarydana k\u00f6yl\u00fcleri neden k\u00f6t\u00fcr\u00fcmd\u00fcr? Onlary k\u00f6t\u00fcr\u00fcm yapan karatohumu bile bile neden yemi\u015flerdir? Onlary karatohum yemek zorunda byrakan kimlerdir? \u00d6lmektense k\u00f6t\u00fcr\u00fcm olarak s\u00fcr\u00fcnmeyi bile g\u00f6ze alan insanlary umutsuzlu?un son kertesine getiren bu d\u00fczen nasyl bir d\u00fczendir? Ve bu d\u00fczenin s\u00fcrmesi i\u00e7in her t\u00fcrl\u00fc \u00e7abaya ba?vurulmasy neden d\u00fcnya \u00e7apynda bir i?tir? D\u00fcnya politikasyyla yakyndan ilintili olan bu d\u00fczen \u00c7a?an\u2019yn Ayak Bacak Fabrikasy\u2019nda a\u00e7yk ve se\u00e7ik ortaya \u00e7ykar.(\u00d6zdemir Nutku)<\/span><\/em><\/p>\n<p><em><span style=\"font-size: 11pt; line-height: 150%; font-family: Verdana;\">\u00a0\u00a0\u00a0 <\/span><\/em><\/p>\n<p class=\"MsoNormal\" style=\"margin: 0cm 0cm 0pt; line-height: 150%; text-align: justify;\"><span style=\"font-size: 11pt; line-height: 150%; font-family: Verdana;\">Oyunda, geleneksel tiyatro, modern epik tiyatro ve abs\u00fcrd tiyatrodan \u00f6?eler, siyasi bir temele oturtularak g\u00f6sterilmektedir. Oyun ki?ileri, birer karakter de?il, synyfly bir toplumda var olan \u00e7e?itli kesimlerin temsilcileridirler. <\/span><\/p>\n<p><span style=\"font-size: 11pt; line-height: 150%; font-family: Verdana;\">\u00a0\u00a0\u00a0 <\/span><\/p>\n<p class=\"MsoNormal\" style=\"margin: 0cm 0cm 0pt; line-height: 150%; text-align: justify;\"><span style=\"font-size: 11pt; line-height: 150%; font-family: Verdana;\">Yerel bir sorunu evrensel bir boyutta il?leyen Ayak Bacak Fabrikasy, herhangi bir geri byrakylmy? \u00fclkenin i\u00e7inde bulundu?u traji-komik durumu yansytyr. 1964 yylynda yazylan ve ayny yyl Ystanbul \u00dcniversitesi Gen\u00e7lik Tiyatrosu\u2019nda sahnelenen oyun, Ankara Sanat Tiyatrosu ve T\u00fcrkiye \u00d6?retmenler Sendikasy Tiyatrosu ba?ta olmak \u00fczere ustalaryn rol aldy?y pek \u00e7ok tiyatroda sergilenmi?, yurt dy?ynda \u00f6d\u00fcller kazanmy?, yabancy dillere \u00e7evrilmi?tir.<span>\u00a0 <\/span><\/span><\/p>\n<p class=\"MsoNormal\" style=\"margin: 0cm 0cm 0pt; line-height: 150%; text-align: justify;\"><span style=\"font-size: 11pt; line-height: 150%; font-family: Verdana;\"><span>\u00a0\u00a0 <\/span><\/span><\/p>\n<p class=\"MsoNormal\" style=\"margin: 0cm 0cm 0pt; line-height: 150%; text-align: justify;\"><span style=\"font-size: 11pt; line-height: 150%; font-family: Verdana;\"><span><a href=\"https:\/\/www.baraka.cc\/images\/stories\/b12_2.jpg\" target=\"_blank\"><img decoding=\"async\" loading=\"lazy\" alt=\" \" src=\"https:\/\/www.baraka.cc\/images\/stories\/b12_2.jpg\" width=\"200\" height=\"134\" border=\"2\" \/><\/a><\/span><\/span><\/p>\n<p><span style=\"font-size: 11pt; line-height: 150%; font-family: Verdana;\"><span>\u00a0\u00a0\u00a0 <\/span><\/span><\/p>\n<p class=\"MsoNormal\" style=\"margin: 0cm 0cm 0pt; line-height: 150%; text-align: justify;\"><span style=\"font-size: 11pt; line-height: 150%; font-family: Verdana;\">Baraka Tiyatro Ekibi olarak sadece be? yylyk bir birikime sahip olmamyza ve tam anlamyyla kurumsalla?amamy? yapymyza ra?men Ayak Bacak Fabrikasy gibi iddialy bir oyunla siz de?erli seyircilerimizin kar?ysyna \u00e7ykma c\u00fcrretini g\u00f6steriyoruz. Bunu, ne profesyonel ve kusursuz oyunculu?umza, ne synyrsyz ekonomik kaynaklarymyza ne de tiyatro alanyndaki engin tecr\u00fcbelerimize g\u00fcvenerek yapyyoruz. Tam aksine, t\u00fcm\u00fcyle amat\u00f6r bir \u00e7aba, sadece bir ka\u00e7 yyllyk bir tecr\u00fcbe, son ana kadar sahnesiz \u00e7aly?ty?ymyz, teknik imkanlardan yoksun<span>\u00a0 <\/span>provalar ve g\u00f6n\u00fcll\u00fcl\u00fc?e dayanan kyt kanaat olanaklardan fazlasy yok elimizde. Ancak, Ayak Bacak Fabrikasy\u2019nyn, bundan 45 yyl \u00f6nce yazylan bu oyunun, bug\u00fcn\u00fcn Kybrysly T\u00fcrk halkyna s\u00f6yleyecek \u00e7ok \u00f6nemli s\u00f6zleri oldu?una inanyyoruz. Bu s\u00f6zlerle kendi fikriyatymyzy, kendi k\u00fclt\u00fcr\u00fcm\u00fcz\u00fc de harmanlayarak kar?ynyza \u00e7ykyyoruz. S\u00fcr\u00e7-\u00fc lisan edersek affola&#8230;<\/span><\/p>\n<p>&nbsp;<\/p>\n","protected":false},"excerpt":{"rendered":"<p>Ayak Bacak Fabrikas\u0131 Yazan: Sermet \u00c7a\u011fan G\u00f6sterim Tarihleri: 25\u00a0&#8211; 28\u00a0Nisan, 2 &#8211; 5 May\u0131s 2009\u00a0\u00a0 &nbsp; Ayak Bacak Fabrikas\u0131, 25 Nisan, 28 Nisan, 2 May\u0131s<\/p>\n","protected":false},"author":1,"featured_media":0,"comment_status":"open","ping_status":"open","sticky":false,"template":"","format":"standard","meta":{"jetpack_post_was_ever_published":false,"_jetpack_newsletter_access":"","_jetpack_newsletter_tier_id":0,"jetpack_publicize_message":"","jetpack_is_tweetstorm":false,"jetpack_publicize_feature_enabled":true,"jetpack_social_post_already_shared":false,"jetpack_social_options":{"image_generator_settings":{"template":"highway","enabled":false}}},"categories":[22],"tags":[],"jetpack_publicize_connections":[],"jetpack_featured_media_url":"","jetpack_shortlink":"https:\/\/wp.me\/p4eHWX-9b","jetpack_sharing_enabled":true,"_links":{"self":[{"href":"https:\/\/baraka.cc\/index.php?rest_route=\/wp\/v2\/posts\/569"}],"collection":[{"href":"https:\/\/baraka.cc\/index.php?rest_route=\/wp\/v2\/posts"}],"about":[{"href":"https:\/\/baraka.cc\/index.php?rest_route=\/wp\/v2\/types\/post"}],"author":[{"embeddable":true,"href":"https:\/\/baraka.cc\/index.php?rest_route=\/wp\/v2\/users\/1"}],"replies":[{"embeddable":true,"href":"https:\/\/baraka.cc\/index.php?rest_route=%2Fwp%2Fv2%2Fcomments&post=569"}],"version-history":[{"count":1,"href":"https:\/\/baraka.cc\/index.php?rest_route=\/wp\/v2\/posts\/569\/revisions"}],"predecessor-version":[{"id":570,"href":"https:\/\/baraka.cc\/index.php?rest_route=\/wp\/v2\/posts\/569\/revisions\/570"}],"wp:attachment":[{"href":"https:\/\/baraka.cc\/index.php?rest_route=%2Fwp%2Fv2%2Fmedia&parent=569"}],"wp:term":[{"taxonomy":"category","embeddable":true,"href":"https:\/\/baraka.cc\/index.php?rest_route=%2Fwp%2Fv2%2Fcategories&post=569"},{"taxonomy":"post_tag","embeddable":true,"href":"https:\/\/baraka.cc\/index.php?rest_route=%2Fwp%2Fv2%2Ftags&post=569"}],"curies":[{"name":"wp","href":"https:\/\/api.w.org\/{rel}","templated":true}]}}