{"id":5694,"date":"2017-12-31T11:39:49","date_gmt":"2017-12-31T09:39:49","guid":{"rendered":"https:\/\/baraka.cc\/?p=5694"},"modified":"2017-12-31T11:39:49","modified_gmt":"2017-12-31T09:39:49","slug":"argasdi-dergisi-2018de-15-yasinda","status":"publish","type":"post","link":"https:\/\/baraka.cc\/?p=5694","title":{"rendered":"Argasdi Dergisi 2018&#8217;de 15 Ya\u015f\u0131nda"},"content":{"rendered":"<p style=\"text-align: center;\"><b><a href=\"https:\/\/baraka.cc\/wp-content\/uploads\/2017\/12\/\u00d6N-KAPAK-son-1.jpg\"><img decoding=\"async\" loading=\"lazy\" class=\"alignnone size-medium wp-image-5695\" alt=\"\u00d6N KAPAK son (1)\" src=\"https:\/\/baraka.cc\/wp-content\/uploads\/2017\/12\/\u00d6N-KAPAK-son-1-210x300.jpg\" width=\"210\" height=\"300\" srcset=\"https:\/\/baraka.cc\/wp-content\/uploads\/2017\/12\/\u00d6N-KAPAK-son-1-210x300.jpg 210w, https:\/\/baraka.cc\/wp-content\/uploads\/2017\/12\/\u00d6N-KAPAK-son-1-719x1024.jpg 719w\" sizes=\"(max-width: 210px) 100vw, 210px\" \/><\/a><\/b><\/p>\n<p><b>\u00a0<\/b><\/p>\n<p>Baraka K\u00fclt\u00fcr Merkezi&#8217;nin \u00fc\u00e7 ayda bir yay\u0131mlanan k\u00fclt\u00fcr-sanat-politika dergisi Argasdi, 49. say\u0131s\u0131 ile birlikte 2018&#8217;de 15 ya\u015f\u0131na giriyor. 15 y\u0131ld\u0131r farkl\u0131 dosya konular\u0131n\u0131 i\u015fleyen dergide, \u00fclke g\u00fcndemine dair yaz\u0131lar\u0131n yan\u0131 s\u0131ra k\u00fclt\u00fcr sanat haberleri, kitap ve film ele\u015ftirileri, \u015fiir, foto\u011fraf ve karikat\u00fcr sayfalar\u0131 da yer al\u0131yor. Ayr\u0131ca liseli gen\u00e7lerin haz\u0131rlad\u0131\u011f\u0131 Liseliy\u0130Z ve toplumsal cinsyet e\u015fitli\u011fi m\u00fccadelesini konu alan Feminist\u0130Z sayfalar\u0131 ile de okurlara ula\u015f\u0131yor.<\/p>\n<p><b>49. say\u0131n\u0131n dosya konusu &#8220;Sokak&#8221;<\/b><\/p>\n<p>Argasdi&#8217;nin Ocak-\u015eubat-Mart aylar\u0131n\u0131 kapsayan 49. say\u0131s\u0131nda dosya konusu &#8220;Sokak&#8221; olarak belirlendi. Se\u00e7imlerin \u00fclke g\u00fcndemine damgas\u0131n\u0131 vurdu\u011fu \u015fu g\u00fcnlerde, sokak ile sand\u0131\u011f\u0131n dengesi ve sokak m\u00fccadelelerinin parlamentoya etkisi gibi konular dergi sayfalar\u0131na ta\u015f\u0131nd\u0131. Dosya yaz\u0131lar\u0131nda, kentlerin sokaklar\u0131n\u0131n ve meydanlar\u0131n\u0131n sosyal hayattaki \u00f6nemi; sanat\u0131n sokakta halkla bulu\u015fmas\u0131; sokak hayvanlar\u0131n\u0131n haklar\u0131; ge\u00e7ti\u011fimiz 10 y\u0131lda \u00fclkemizde ya\u015fanan direni\u015fler; sokakta \u00e7al\u0131\u015fan emek\u00e7ilerle yap\u0131lan rop\u00f6rtajlar yer al\u0131yor.<\/p>\n<p>Yeni say\u0131da, &#8220;Acaba D\u00fcnya D\u00fcz m\u00fc?&#8221; ba\u015fl\u0131kl\u0131 bir makale ile bilim sayfalar\u0131 da okurla bulu\u015fuyor. 2018&#8217;in ilk say\u0131s\u0131 ile birlikte, d\u00fcnyadan ve \u00fclkemizden, toplumsal olarak \u00f6nemli tarihlerin i\u015faretlendi\u011fi ve k\u0131saca bilgi verildi\u011fi bir takvim de okurlara hediye ediliyor.<\/p>\n<p>28 sayfal\u0131k renkli dergi, 5TL okur katk\u0131s\u0131 kar\u015f\u0131l\u0131\u011f\u0131nda Lefko\u015fa, Ma\u011fusa ve Omorfo Khora Kitap Evleri ve marketlerden temin edilebilir.<\/p>\n","protected":false},"excerpt":{"rendered":"<p>\u00a0 Baraka K\u00fclt\u00fcr Merkezi&#8217;nin \u00fc\u00e7 ayda bir yay\u0131mlanan k\u00fclt\u00fcr-sanat-politika dergisi Argasdi, 49. say\u0131s\u0131 ile birlikte 2018&#8217;de 15 ya\u015f\u0131na giriyor. 15 y\u0131ld\u0131r farkl\u0131 dosya konular\u0131n\u0131 i\u015fleyen<\/p>\n","protected":false},"author":3,"featured_media":5695,"comment_status":"open","ping_status":"open","sticky":false,"template":"","format":"standard","meta":{"jetpack_post_was_ever_published":false,"_jetpack_newsletter_access":"","_jetpack_newsletter_tier_id":0,"jetpack_publicize_message":"","jetpack_is_tweetstorm":false,"jetpack_publicize_feature_enabled":true,"jetpack_social_post_already_shared":true,"jetpack_social_options":{"image_generator_settings":{"template":"highway","enabled":false}}},"categories":[40,67,9,1,39],"tags":[],"jetpack_publicize_connections":[],"jetpack_featured_media_url":"https:\/\/baraka.cc\/wp-content\/uploads\/2017\/12\/\u00d6N-KAPAK-son-1.jpg","jetpack_shortlink":"https:\/\/wp.me\/p4eHWX-1tQ","jetpack_sharing_enabled":true,"_links":{"self":[{"href":"https:\/\/baraka.cc\/index.php?rest_route=\/wp\/v2\/posts\/5694"}],"collection":[{"href":"https:\/\/baraka.cc\/index.php?rest_route=\/wp\/v2\/posts"}],"about":[{"href":"https:\/\/baraka.cc\/index.php?rest_route=\/wp\/v2\/types\/post"}],"author":[{"embeddable":true,"href":"https:\/\/baraka.cc\/index.php?rest_route=\/wp\/v2\/users\/3"}],"replies":[{"embeddable":true,"href":"https:\/\/baraka.cc\/index.php?rest_route=%2Fwp%2Fv2%2Fcomments&post=5694"}],"version-history":[{"count":1,"href":"https:\/\/baraka.cc\/index.php?rest_route=\/wp\/v2\/posts\/5694\/revisions"}],"predecessor-version":[{"id":5696,"href":"https:\/\/baraka.cc\/index.php?rest_route=\/wp\/v2\/posts\/5694\/revisions\/5696"}],"wp:featuredmedia":[{"embeddable":true,"href":"https:\/\/baraka.cc\/index.php?rest_route=\/wp\/v2\/media\/5695"}],"wp:attachment":[{"href":"https:\/\/baraka.cc\/index.php?rest_route=%2Fwp%2Fv2%2Fmedia&parent=5694"}],"wp:term":[{"taxonomy":"category","embeddable":true,"href":"https:\/\/baraka.cc\/index.php?rest_route=%2Fwp%2Fv2%2Fcategories&post=5694"},{"taxonomy":"post_tag","embeddable":true,"href":"https:\/\/baraka.cc\/index.php?rest_route=%2Fwp%2Fv2%2Ftags&post=5694"}],"curies":[{"name":"wp","href":"https:\/\/api.w.org\/{rel}","templated":true}]}}