{"id":5698,"date":"2018-01-02T15:18:51","date_gmt":"2018-01-02T13:18:51","guid":{"rendered":"https:\/\/baraka.cc\/?p=5698"},"modified":"2018-01-02T15:18:51","modified_gmt":"2018-01-02T13:18:51","slug":"atesi-yak-kibrista-bir-reggae-grubu-bunfyah-aysu-diren","status":"publish","type":"post","link":"https:\/\/baraka.cc\/?p=5698","title":{"rendered":"Ate\u015fi Yak!  K\u0131br\u0131s\u2019ta Bir Reggae Grubu: Bunfyah &#8211; Aysu Diren"},"content":{"rendered":"<p style=\"text-align: center;\">Argasdi 48. say\u0131m\u0131zdan g\u00fczel bir r\u00f6portaj&#8230;<\/p>\n<p style=\"text-align: center;\"><a href=\"https:\/\/baraka.cc\/wp-content\/uploads\/2018\/01\/ayso-foto.jpg\"><img decoding=\"async\" loading=\"lazy\" class=\"alignnone size-medium wp-image-5699\" alt=\"ayso foto\" src=\"https:\/\/baraka.cc\/wp-content\/uploads\/2018\/01\/ayso-foto-300x199.jpg\" width=\"300\" height=\"199\" srcset=\"https:\/\/baraka.cc\/wp-content\/uploads\/2018\/01\/ayso-foto-300x199.jpg 300w, https:\/\/baraka.cc\/wp-content\/uploads\/2018\/01\/ayso-foto-1024x679.jpg 1024w, https:\/\/baraka.cc\/wp-content\/uploads\/2018\/01\/ayso-foto.jpg 2048w\" sizes=\"(max-width: 300px) 100vw, 300px\" \/><\/a><\/p>\n<p><i>Asl\u0131nda bu r\u00f6portaj\u0131 yapmamdaki as\u0131l neden arkada\u015flar\u0131m Cengiz Bereket, Alp Erg\u00fcven, Mehmet Nazif, Hasan Bereket, Kadircan Ercan, Halil Atarkan&#8217;\u0131n \u00e7abas\u0131n\u0131 daha fazla insana aktarabilmek\u2026 Grup elemanlar\u0131n\u0131 birebir tan\u0131d\u0131\u011f\u0131mdan \u015f\u00fcphesiz benim i\u00e7in \u00e7ok e\u011flenceli bir r\u00f6portaj oldu. \u0130cra ettikleri m\u00fczi\u011fi ne kadar \u00e7ok sevdiklerini ve tutku ile yapt\u0131klar\u0131n\u0131 sizlerle payla\u015fmak istedim. Tabii onlar sahneye \u00e7\u0131kt\u0131klar\u0131nda kendilerini \u00e7ok daha iyi ifade ediyorlar. Ben yazarken bir\u00e7ok duyguyu ayn\u0131 anda hissettim, dilerim size de aktarabilirim&#8230;<\/i><\/p>\n<p><b>Bunfyah kimdir? <\/b><\/p>\n<p>Grubumuzu iki sene \u00f6nce kurduk. \u0130smimizi \u0130ngilizce\u2019de \u201cburn a fire\u201d olarak s\u00f6yleyebiliriz fakat bunu Jamaika \u015fivesinde s\u00f6yledi\u011fimizde \u201cbun a fyah\u201d oluyor. Bundan yola \u00e7\u0131karak ismimizi Bunfyah olarak belirledik. Bunfyah, ate\u015fi yakmak, bir \u015feye kar\u015f\u0131 olmak veya ba\u015f kald\u0131rmak anlam\u0131nda\u2026 Bizi yans\u0131tt\u0131\u011f\u0131 i\u00e7in b\u00f6yle bir isim tercih ettik. M\u00fczik yaparken ortak duygular\u0131 hissedebildi\u011fimiz insanlarla bir grup kurmak istedik ve uzun u\u011fra\u015flar sonucu bunu ba\u015fard\u0131k. Gerek sahnede m\u00fczi\u011fimizi aktarmaktan ald\u0131\u011f\u0131m\u0131z keyif, gerekse sahne \u00f6n\u00fcndeki arkada\u015flar\u0131m\u0131z\u0131n bize yans\u0131tt\u0131\u011f\u0131 pozitif hisler bu grubun ilerlemesindeki en \u00f6nemli etken\u2026 Ayr\u0131ca Reggae m\u00fczi\u011fin bir par\u00e7as\u0131 olmaktan gurur duydu\u011fumuzu s\u00f6yleyebiliriz.<\/p>\n<p><b>K\u0131br\u0131s insan\u0131n\u0131n ya\u015fam bi\u00e7imi ile Reggae k\u00fclt\u00fcr\u00fc aras\u0131nda nas\u0131l bir k\u00f6pr\u00fc kurmay\u0131 ama\u00e7l\u0131yorsunuz?<\/b><\/p>\n<p>\u0130ki k\u00fclt\u00fcr\u00fc ne kadar k\u0131yaslamaya ya da ba\u011fda\u015ft\u0131rmaya kalksak da bu, izledi\u011fimiz belgesellerden ya da kitaplardan \u00f6\u011frendiklerimizin \u00f6tesine ge\u00e7emeyecek. \u00c7\u00fcnk\u00fc bir k\u00fclt\u00fcr\u00fc tam olarak \u00f6\u011frenebilmek i\u00e7in en az\u0131ndan o \u00fclkenin insanlar\u0131 ile o \u00fclkede bir s\u00fcre ya\u015famam\u0131z gerekir. Fakat \u015fu an K\u0131br\u0131s&#8217;taki durumu, Reggae m\u00fczi\u011fin ele ald\u0131\u011f\u0131 konularla ba\u011fda\u015ft\u0131rabiliriz. Reggae; fakirli\u011fin, toplumsal sorunlar\u0131n, devlet bask\u0131s\u0131n\u0131n, siyah toplumun uzun y\u0131llar ya\u015fad\u0131\u011f\u0131 k\u00f6leli\u011fin, k\u00f6lelik d\u00f6nemlerinde ya\u015fan\u0131lan eziyetlerin, susturulman\u0131n ve daha bir\u00e7ok toplumsal s\u0131k\u0131nt\u0131lar\u0131n yans\u0131mas\u0131d\u0131r. Biz K\u0131br\u0131s&#8217;ta bu y\u00fczy\u0131lda bile modern k\u00f6le say\u0131l\u0131r\u0131z. \u015eimdiki devirde k\u00f6lelik \u015fekil de\u011fi\u015ftirip daha cazip bir hale getirildi. Eski d\u00f6nemlerdeki gibi dayan\u0131lmayacak fiziksel \u015fiddet veya ezilmeye maruz kalmasak da hem mental hem de fiziksel olarak k\u00f6leli\u011fe maruz b\u0131rak\u0131l\u0131yoruz ve maalesef bunun fark\u0131nda olmuyoruz. Kendi \u00fclkemizde s\u00f6z hakk\u0131na sahip olamay\u0131p, kendi kararlar\u0131m\u0131z\u0131 veremiyoruz. Ba\u015fkalar\u0131n\u0131n bizim ad\u0131m\u0131za verdi\u011fi kararlar\u0131 ya\u015famak zorunda b\u0131rak\u0131l\u0131yoruz. Reggae m\u00fczik ile kurmak istedi\u011fimiz k\u00f6pr\u00fc ya da misyonumuz, \u015fark\u0131lar\u0131m\u0131zla aktarmak istedi\u011fimiz mesajlar\u0131n m\u00fcmk\u00fcn oldu\u011funca \u00e7ok insana ula\u015fmas\u0131 ve insanlarda pozitif etki b\u0131rakmas\u0131. \u00c7\u00fcnk\u00fc Reggae, insanlar\u0131n kalplerine girebilecek ve t\u00fcm duygular\u0131 ya\u015fatabilecek bir ritme sahip.<\/p>\n<p><b>Kendi par\u00e7alar\u0131n\u0131z\u0131 yap\u0131yor musunuz?<\/b><\/p>\n<p>Evet. \u00dczerinde \u00e7al\u0131\u015ft\u0131\u011f\u0131m\u0131z bestelerimiz yolda geliyor. K\u0131sa bir s\u00fcre \u00f6nce s\u00f6z ve m\u00fczi\u011fi bize ait olan &#8220;Wake up&#8221; isimli ilk bestemizi kayda girip tamamlad\u0131k. Yak\u0131n zamanda single&#8217;\u0131m\u0131z\u0131 yay\u0131nlay\u0131p, m\u00fczik severlerle payla\u015faca\u011f\u0131z.<\/p>\n<p><b>K\u0131br\u0131s\u2019taki mekanlarda yerli gruplara k\u0131s\u0131tl\u0131 sahne imkan\u0131 sa\u011flanmas\u0131 konusunda ne d\u00fc\u015f\u00fcn\u00fcyorsunuz?<\/b><\/p>\n<p>Tabii ki k\u0131s\u0131tl\u0131 imkan sa\u011flanmas\u0131 durumundan bizde memnun de\u011filiz. Maalesef bizim gibi alternatif m\u00fczik sunan gruplara \u00e7ok fazla imkan sa\u011flanm\u0131yor. Bunun nedenlerinden bir tanesi pop\u00fcler k\u00fclt\u00fcr\u00fcn m\u00fczik alan\u0131nda \u00e7ok ciddi rol oynamas\u0131 ve \u00e7ok yayg\u0131n olmas\u0131. Genel olarak sistemin sundu\u011fu m\u00fczikler, toplumumuz taraf\u0131ndan daha \u00e7ok kabul g\u00f6r\u00fcp dinleniyor. Bu y\u00fczden mekanlar\u0131n geneli pop\u00fcler m\u00fczikleri tercih etmek durumunda kal\u0131yor. \u00d6rne\u011fin adadaki oteller yerli sanat\u00e7\u0131lara sahne imkan\u0131 sa\u011flam\u0131yor. B\u00fct\u00fcn konserler yurtd\u0131\u015f\u0131ndan sanat\u00e7\u0131lar\u0131n getirtilmesi ile d\u00fczenleniyor. Bizde bu durumlardan rahats\u0131z oldu\u011fumuz i\u00e7in sohbet ortamlar\u0131nda baz\u0131 alternatif fikirler ortaya \u00e7\u0131kard\u0131k. Alternatif m\u00fczik festivali d\u00fczenlemeye karar verdik. Bu sayede m\u00fczi\u011fimizi k\u0131s\u0131tlanmadan icra edebiliyoruz.<\/p>\n<p><b>Ge\u00e7ti\u011fimiz ay d\u00fczenlenen Maki Fest organizasyon ekibinin i\u00e7erisindeydiniz. Bu festivali d\u00fczenlemenizdeki sebep neydi? <\/b><\/p>\n<p>Evet, grubumuzun birka\u00e7 \u00fcyesi organizasyonun i\u00e7erisindeydi. Adan\u0131n t\u00fcm b\u00f6lgelerinden gen\u00e7lerin olu\u015fturdu\u011fu bir organizasyon ekibi ile bu festivali ger\u00e7ekle\u015ftirdik. Alternatif m\u00fczi\u011fi insanlara sevdirmek ama\u00e7lar\u0131m\u0131zdan bir tanesiydi. Ayr\u0131ca adam\u0131zda sahne alma ve insanlara m\u00fczi\u011fini aktarma imkan\u0131 bulamayan yerli m\u00fczik gruplar\u0131na sahne imkan\u0131 sa\u011flamakt\u0131. Sahne alma f\u0131rsat\u0131 bulamayan gen\u00e7lere destek \u00e7\u0131kmak istedik. Ayr\u0131ca sadece m\u00fczik a\u00e7\u0131s\u0131ndan de\u011fil, el eme\u011fini sunma ve insanlarla payla\u015fabilme konusunda f\u0131rsat bulamayan ki\u015filere bir ortam yaratmak di\u011fer bir amac\u0131m\u0131zd\u0131. Festivalde kurulan stantlarda genel olarak yerli \u00fcreticileri desteklemeye \u00e7al\u0131\u015ft\u0131k. \u00d6rne\u011fin i\u00e7eceklerde S\u00fcper Kola tercih edildi. Ayr\u0131ca genel olarak adam\u0131zda bu t\u00fcr festivaller kar amac\u0131 \u00f6n planda tutularak yap\u0131l\u0131yor. Bizim Maki Fest\u2019te amac\u0131m\u0131z kar sa\u011flamak de\u011fildi. \u0130nsanlar\u0131n \u00fccretsiz olarak e\u011flenebilece\u011fi bir festival yaratmak istedik. G\u00f6n\u00fcll\u00fc bir grup insan bir araya geldik ve elimizdeki imkanlarla, ortaya kolektif eme\u011fe dayal\u0131 g\u00fczel bir festival \u00e7\u0131kartt\u0131k.<\/p>\n<p><b>M\u00fczi\u011finizle topluma aktarmak istedi\u011finiz mesaj nedir?<\/b><\/p>\n<p>\u00d6ncelikle adam\u0131zda iki toplumun bar\u0131\u015f i\u00e7inde ya\u015famas\u0131\u2026 Adam\u0131zda bir\u00e7ok s\u0131k\u0131nt\u0131 ya\u015fan\u0131yor ve bu s\u0131k\u0131nt\u0131lar\u0131n fark\u0131nday\u0131z. Reggae m\u00fczi\u011fin d\u00fcnyan\u0131n genel durumu ile ilgili insanlara aktarmak istedi\u011fi mesajlar\u0131 biz de adadaki topluma Reggae m\u00fczikle aktarmak ve anla\u015f\u0131lmas\u0131n\u0131 sa\u011flamak istiyoruz. Her \u015feyin maddiyat olmad\u0131\u011f\u0131n\u0131, sevgi, mutluluk, bar\u0131\u015f ve karde\u015fli\u011fin \u00f6n planda oldu\u011fu bir d\u00fcnyan\u0131n m\u00fcmk\u00fcn oldu\u011funu aktarmaya \u00e7al\u0131\u015fmaktan mutluyuz.Aysu Diren<\/p>\n<p>aysudiren@gmail.com<\/p>\n","protected":false},"excerpt":{"rendered":"<p>Argasdi 48. say\u0131m\u0131zdan g\u00fczel bir r\u00f6portaj&#8230; Asl\u0131nda bu r\u00f6portaj\u0131 yapmamdaki as\u0131l neden arkada\u015flar\u0131m Cengiz Bereket, Alp Erg\u00fcven, Mehmet Nazif, Hasan Bereket, Kadircan Ercan, Halil Atarkan&#8217;\u0131n<\/p>\n","protected":false},"author":3,"featured_media":5699,"comment_status":"open","ping_status":"open","sticky":false,"template":"","format":"standard","meta":{"jetpack_post_was_ever_published":false,"_jetpack_newsletter_access":"","_jetpack_newsletter_tier_id":0,"jetpack_publicize_message":"","jetpack_is_tweetstorm":false,"jetpack_publicize_feature_enabled":true,"jetpack_social_post_already_shared":true,"jetpack_social_options":{"image_generator_settings":{"template":"highway","enabled":false}}},"categories":[40,67,38,9,43,1,39],"tags":[],"jetpack_publicize_connections":[],"jetpack_featured_media_url":"https:\/\/baraka.cc\/wp-content\/uploads\/2018\/01\/ayso-foto.jpg","jetpack_shortlink":"https:\/\/wp.me\/p4eHWX-1tU","jetpack_sharing_enabled":true,"_links":{"self":[{"href":"https:\/\/baraka.cc\/index.php?rest_route=\/wp\/v2\/posts\/5698"}],"collection":[{"href":"https:\/\/baraka.cc\/index.php?rest_route=\/wp\/v2\/posts"}],"about":[{"href":"https:\/\/baraka.cc\/index.php?rest_route=\/wp\/v2\/types\/post"}],"author":[{"embeddable":true,"href":"https:\/\/baraka.cc\/index.php?rest_route=\/wp\/v2\/users\/3"}],"replies":[{"embeddable":true,"href":"https:\/\/baraka.cc\/index.php?rest_route=%2Fwp%2Fv2%2Fcomments&post=5698"}],"version-history":[{"count":1,"href":"https:\/\/baraka.cc\/index.php?rest_route=\/wp\/v2\/posts\/5698\/revisions"}],"predecessor-version":[{"id":5700,"href":"https:\/\/baraka.cc\/index.php?rest_route=\/wp\/v2\/posts\/5698\/revisions\/5700"}],"wp:featuredmedia":[{"embeddable":true,"href":"https:\/\/baraka.cc\/index.php?rest_route=\/wp\/v2\/media\/5699"}],"wp:attachment":[{"href":"https:\/\/baraka.cc\/index.php?rest_route=%2Fwp%2Fv2%2Fmedia&parent=5698"}],"wp:term":[{"taxonomy":"category","embeddable":true,"href":"https:\/\/baraka.cc\/index.php?rest_route=%2Fwp%2Fv2%2Fcategories&post=5698"},{"taxonomy":"post_tag","embeddable":true,"href":"https:\/\/baraka.cc\/index.php?rest_route=%2Fwp%2Fv2%2Ftags&post=5698"}],"curies":[{"name":"wp","href":"https:\/\/api.w.org\/{rel}","templated":true}]}}