{"id":5722,"date":"2018-01-11T11:11:57","date_gmt":"2018-01-11T09:11:57","guid":{"rendered":"https:\/\/baraka.cc\/?p=5722"},"modified":"2018-01-11T11:22:49","modified_gmt":"2018-01-11T09:22:49","slug":"2017-yili-faaliyet-raporumuz","status":"publish","type":"post","link":"https:\/\/baraka.cc\/?p=5722","title":{"rendered":"2017 Y\u0131l\u0131 Faaliyet Raporumuz &#8211; K\u00fclt\u00fcrel Var Olu\u015f M\u00fccadelemiz"},"content":{"rendered":"<p><em>Dernekler Yasas\u0131 uyar\u0131nca usulen Kaymakaml\u0131\u011fa sunmak \u00fczere haz\u0131rlad\u0131\u011f\u0131m\u0131z ancak asl\u0131nda t\u00fcm bu \u00fcretimleri var eden ve bizimle payla\u015fan halk\u0131m\u0131za, dostlar\u0131m\u0131za sunmay\u0131 bor\u00e7 bildi\u011fimiz faaliyet raporumuz&#8230;<\/em><\/p>\n<p style=\"text-align: left;\" align=\"right\"><b>K\u00dcLT\u00dcR-SANAT-POL\u0130T\u0130KA DERG\u0130S\u0130 \u201cARGASD\u0130\u201d<\/b><\/p>\n<p>Baraka K\u00fclt\u00fcr Merkezi\u2019nin \u00fc\u00e7 ayda bir yay\u0131nlanan k\u00fclt\u00fcr-sanat-politika dergisi Argasdi, 2017 y\u0131l\u0131 i\u00e7erisinde d\u00f6rt say\u0131 ile okurlar\u0131yla bulu\u015ftu. \u201c\u0130nsan\u201d, \u201cZaman\u201d, \u201cDe\u011fi\u015fim\u201d ve \u201c\u00c7evrEkoloji\u201d konular\u0131n\u0131n\u00a0dosya halinde incelendi\u011fi say\u0131larda, ayr\u0131ca derginin s\u00fcrekli sayfalar\u0131 olan \u201cMemleketin Ahvali\u201d, \u201cFeminist-\u0130Z\u201d, \u201cLiseliy-\u0130Z\u201d gibi b\u00f6l\u00fcmler de geli\u015ferek devam etti. \u00dclke g\u00fcndemindeki konular\u0131n de\u011ferlendirilmesi ile toplumsal cinsiyet e\u015fitli\u011fi m\u00fccadelesi alan\u0131ndan yaz\u0131lar ve gen\u00e7li\u011fin sorunlar\u0131 sayfalara ta\u015f\u0131nd\u0131. Bunun yan\u0131 s\u0131ra \u015fiir, foto\u011fraf, karikat\u00fcr, kitap, film ve tiyatro yaz\u0131lar\u0131n\u0131n yer ald\u0131\u011f\u0131 k\u00fclt\u00fcr-sanat sayfalar\u0131 da pek \u00e7ok farkl\u0131 yazar\u0131n kaleminden okurlar\u0131n be\u011fenisine sunuldu. Konusunda uzman, \u00fclkemizin ileri gelen kalemleri de dergide konuk yazar olarak a\u011f\u0131rland\u0131. 28 sayfal\u0131k renkli dergi, \u00fclkemizin en uzun s\u00fcre kesintisiz yay\u0131nlanan k\u00fclt\u00fcr-sanat-politika dergisi olarak 2018\u2019de 15. y\u0131l\u0131na girdi.<\/p>\n<p><b>T\u0130YATRO EK\u0130PLER\u0130M\u0130Z<\/b><br \/>\nBaraka Tiyatro Ekibi, yeti\u015fkin ve gen\u00e7lik gruplar\u0131 ile 2017 y\u0131l\u0131nda sahne ve sokak tiyatrolar\u0131 ger\u00e7ekle\u015ftirdi. Sezona e\u011fitim \u00e7al\u0131\u015fmalar\u0131 ile ba\u015flayarak yeni kat\u0131lanlara e\u011fitim veren yeti\u015fkin ekibimiz, Aziz Nesin&#8217;in \u201cD\u00fcd\u00fck\u00e7\u00fcler ile F\u0131r\u00e7ac\u0131lar\u0131n Bar\u0131\u015f\u0131\u201d oyununu May\u0131s ay\u0131nda Arabahmet K\u00fclt\u00fcr Evi&#8217;nde 8 defa sahneledi. Bunun yan\u0131nda toplumun g\u00fcndemi olan yaz saati uygulamas\u0131na kar\u015f\u0131 ve 25 Kas\u0131m Kad\u0131na Y\u00f6nelik \u015eiddetle M\u00fccadele G\u00fcn\u00fcnde sokak tiyatrosu yapt\u0131. Baraka Gen\u00e7lik Tiyatrosu da ses, nefes, ritim, diksiyon, v\u00fccut kullan\u0131m\u0131 gibi \u00e7e\u015fitli e\u011fitimlerin ard\u0131ndan Eyl\u00fcl ay\u0131nda Kandemir Konduk&#8217;un yazd\u0131\u011f\u0131 Yasaklar oyunu i\u00e7in \u00e7al\u0131\u015fmalara ba\u015flad\u0131. Haz\u0131rlam\u0131\u015f oldu\u011fu oyunu \u015eubat ay\u0131nda 4 kez olmak \u00fczere Arabahmet K\u00fclt\u00fcr Evi&#8217;nde sahneledi. Ayr\u0131ca \u0130\u015f\u00e7i Filmleri Festivali&#8217;nin duyurular\u0131na katk\u0131 koymak amac\u0131yla Lefko\u015fa \u00e7ar\u015f\u0131s\u0131nda sokak tiyatrosu ger\u00e7ekle\u015ftirdi.<\/p>\n<p style=\"text-align: center;\"><a href=\"https:\/\/baraka.cc\/wp-content\/uploads\/2017\/09\/FB_IMG_1505397356163.jpg\"><img decoding=\"async\" loading=\"lazy\" class=\"alignnone size-medium wp-image-5364\" alt=\"FB_IMG_1505397356163\" src=\"https:\/\/baraka.cc\/wp-content\/uploads\/2017\/09\/FB_IMG_1505397356163-300x168.jpg\" width=\"300\" height=\"168\" srcset=\"https:\/\/baraka.cc\/wp-content\/uploads\/2017\/09\/FB_IMG_1505397356163-300x168.jpg 300w, https:\/\/baraka.cc\/wp-content\/uploads\/2017\/09\/FB_IMG_1505397356163-1024x576.jpg 1024w, https:\/\/baraka.cc\/wp-content\/uploads\/2017\/09\/FB_IMG_1505397356163.jpg 1137w\" sizes=\"(max-width: 300px) 100vw, 300px\" \/><\/a><\/p>\n<p>&nbsp;<\/p>\n<p><b>M\u00dcZ\u0130K TOPLULU\u011eUMUZ SOL ANAHTARI<\/b><\/p>\n<p>Sol Anahtar\u0131, bir yandan 2018\u2019 de \u00e7\u0131kacak olan \u00fc\u00e7\u00fcnc\u00fc alb\u00fcm\u00fcn\u00fcn beste ve d\u00fczenlemeleri ile u\u011fra\u015f\u0131rken bir yandan da \u00e7e\u015fitli konser ve etkinliklerde yer ald\u0131. Mart ay\u0131nda Kad\u0131n E\u011fitimi Kolektifi\u2019nin d\u00fczenledi\u011fi FeM\u0130N\u0130stival isimli film festivalinin galas\u0131nda sahne al\u0131nd\u0131. 1 May\u0131s \u0130\u015f\u00e7i Bayram\u0131\u2019nda kortejlerin toplanmas\u0131 s\u0131ras\u0131nda mini bir konser verildi. 17 May\u0131s Uluslararas\u0131 Homofobi, Transfobi ve Bifobi kar\u015f\u0131tl\u0131\u011f\u0131 haftas\u0131 etkinlikleri \u00e7er\u00e7evesinde \u201cG\u00f6kku\u015fa\u011f\u0131nda Bulu\u015fan \u015eiir ve \u015eark\u0131lar\u201d etkinli\u011finde konser verip \u015fiirlere e\u015flik edildi. Yine May\u0131s ay\u0131nda B\u00fcy\u00fckkonuk (Komi Kebir) Belediyesi taraf\u0131ndan d\u00fczenlenen Eko G\u00fcn Festivalinde sahne al\u0131nd\u0131. A\u011fustos ay\u0131nda ise 14 A\u011fustos Ba\u011f\u0131ms\u0131z K\u0131br\u0131s Etkinlikleri \u00e7er\u00e7evesinde \u201cBa\u011f\u0131ms\u0131zl\u0131\u011fa Okunan \u015eiirler, Ba\u011f\u0131ms\u0131zl\u0131\u011fa S\u00f6ylenen \u015eark\u0131lar\u201d etkinli\u011finde \u015fiirlere e\u015flik edilirken bir de konser verildi. Eyl\u00fcl ay\u0131na gelindi\u011finde her y\u0131l oldu\u011fu gibi 9. Uluslararas\u0131 G\u00f6\u00e7menk\u00f6y &#8211; Ta\u015fk\u0131nk\u00f6y K\u00fclt\u00fcr Derne\u011fi Festivali kapsam\u0131nda konser verildi. Kas\u0131m ay\u0131nda ise; \u201cGelece\u011fe Bir I\u015f\u0131k Yak\u201d slogan\u0131yla Yeni Y\u00fczy\u0131l Anaokulunda ger\u00e7ekle\u015fen \u015fenlikte, minik dinleyicilerimizle bulu\u015fuldu. Baraka K\u00fclt\u00fcr Merkezi\u2019nin de bile\u015fenlerinden oldu\u011fu 25 Kas\u0131m Organizasyon Komitesi\u2019nin Lefko\u015fa\u2019da d\u00fczenledi\u011fi y\u00fcr\u00fcy\u00fc\u015f\u00fcn sonunda, eylemcilerle birlikte g\u00fcn\u00fcn anlam\u0131na uygun \u015fark\u0131lar s\u00f6ylendi. Sol Anahtar\u0131, Aral\u0131k ay\u0131n\u0131n ba\u015f\u0131nda, K\u0131br\u0131s\u2019\u0131n en \u00f6nemli \u015fairlerinden Fikret Demira\u011f an\u0131s\u0131na d\u00fczenlenen \u201c1. Uluslararas\u0131 Fikret Demira\u011f \u015eiir Festivali\u201d kapsam\u0131nda Bademlik\u00f6y\u2019de sahne ald\u0131. Yine Aral\u0131k ay\u0131nda onuncusu d\u00fczenlenen Uluslararas\u0131 K\u0131br\u0131s \u0130\u015f\u00e7i Filmleri Festivali\u2019nin a\u00e7\u0131l\u0131\u015f kokteylinde mini bir konser verdi.<\/p>\n<p style=\"text-align: center;\"><a href=\"https:\/\/baraka.cc\/wp-content\/uploads\/2017\/12\/24282485_10213082844843136_1611050389_n.jpg\"><img decoding=\"async\" loading=\"lazy\" class=\"alignnone size-medium wp-image-5634\" alt=\"24282485_10213082844843136_1611050389_n\" src=\"https:\/\/baraka.cc\/wp-content\/uploads\/2017\/12\/24282485_10213082844843136_1611050389_n-300x168.jpg\" width=\"300\" height=\"168\" srcset=\"https:\/\/baraka.cc\/wp-content\/uploads\/2017\/12\/24282485_10213082844843136_1611050389_n-300x168.jpg 300w, https:\/\/baraka.cc\/wp-content\/uploads\/2017\/12\/24282485_10213082844843136_1611050389_n.jpg 960w\" sizes=\"(max-width: 300px) 100vw, 300px\" \/><\/a><\/p>\n<p><b>SUN-\u0130ZLE-TARTI\u015e (\u00dcCRETS\u0130Z S\u0130NEMA ETK\u0130NL\u0130\u011e\u0130)<\/b><br \/>\nBaraka K\u00fclt\u00fcr Merkezinin her ay\u0131n ilk Cumartesi ak\u015fam\u0131 kesintisiz olarak devam ettirdi\u011fi Sun-\u0130zle-Tart\u0131\u015f \u00fccretsiz sinema etkinli\u011fi 2017 y\u0131l\u0131nda da bir\u00e7ok farkl\u0131 konu ve g\u00f6r\u00fc\u015f\u00fc bar\u0131nd\u0131ran filmi izleyici ile bulu\u015fturdu. Dernek lokalinde\u00a0ger\u00e7ekle\u015fen, halka a\u00e7\u0131k ve \u00fccretsiz etkinliklerde, \u00f6zel g\u00fcnlerde \u00f6zel g\u00f6sterimlere de yer verildi. Biz insanlar gibi konu\u015famasalar da duygular\u0131 ile ya\u015fayan ve ileti\u015fim kurabilen dostlar\u0131m\u0131z, k\u00f6pekler hakk\u0131nda bir film olan Beyaz Tanr\u0131 ile ba\u015flayan y\u0131l, Amerika&#8217;da ya\u015fanan kriz d\u00f6nemlerini anlatan Inside Job filmi ile devam etti. D\u00fcnya Emek\u00e7i Kad\u0131nlar g\u00fcn\u00fc vesilesi ile Soraya&#8217;y\u0131 Ta\u015flamak filmi ile kad\u0131nlar\u0131n ya\u015fad\u0131klar\u0131 de\u011fersizle\u015ftirme, bask\u0131 alt\u0131na alma gibi zorluklar\u0131 tart\u0131\u015fma imkan\u0131 bulundu. The Game filminin ard\u0131ndan, Haziran ay\u0131nda b\u00fcy\u00fck \u00fcstat Naz\u0131m Hikmet bir belgesel ile an\u0131ld\u0131. 12 \u00d6fkeli Adam filmi sonras\u0131nda ger\u00e7ekle\u015fen sohbette ise yarg\u0131 ve \u00f6nyarg\u0131 aras\u0131nda gidip gelen tart\u0131\u015fmalar ya\u015fand\u0131. Gelece\u011fimiz olan gen\u00e7lerimizden birini uyu\u015fturucu bata\u011f\u0131nda kaybetmenin ard\u0131ndan \u00e7ekilen Cinnet Mevsimi belgeseli izlendikten sonra, uyu\u015fturucu karanl\u0131\u011f\u0131n\u0131n t\u00fcm ger\u00e7ekli\u011fi ile tart\u0131\u015f\u0131lmas\u0131 ve \u00e7\u00f6z\u00fcm yollar\u0131 aranmas\u0131 i\u00e7in bir s\u00f6yle\u015fi yap\u0131ld\u0131. Eyl\u00fcl ay\u0131n\u0131n gelmesi ve e\u011fitim d\u00f6neminin ba\u015flamas\u0131 vesilesi ile izlenen Can\u0131m \u00d6\u011fretmenim filmi ile ba\u015fka bir e\u011fitimcili\u011fin m\u00fcmk\u00fcn oldu\u011fu tart\u0131\u015f\u0131l\u0131rken, bir sonraki ay ise 50 Cesur Kemanc\u0131 filmi izlendi. Kas\u0131m ay\u0131nda g\u00f6sterilen Gizli D\u00fcnya filmi 2017 y\u0131l\u0131nda lokalde g\u00f6sterilen son film oldu ve Aral\u0131k ay\u0131 Sun-\u0130zle-Tart\u0131\u015f etkinli\u011fi Uluslararas\u0131 K\u0131br\u0131s \u0130\u015f\u00e7i Filmleri Festivali kapsam\u0131nda ger\u00e7ekle\u015ftirildi.<br \/>\nKat\u0131l\u0131m\u0131n tamamen \u00fccretsiz oldu\u011fu g\u00f6sterimlerde, kat\u0131lanlar\u0131n \u00f6nerileri ile se\u00e7ilen filmler, \u00f6nerenlerin diledi\u011fi gibi ger\u00e7ekle\u015ftirdi\u011fi sunumlar ve g\u00f6sterim sonras\u0131 ger\u00e7ekle\u015fen serbest sohbet ortam\u0131 ile amac\u0131m\u0131z, birlikte film izlemenin yan\u0131 s\u0131ra farkl\u0131 bak\u0131\u015f a\u00e7\u0131lar\u0131n\u0131 yakalamak, sinema izlemenin sadece pasif izleme alanlar\u0131 olan kocaman salonlardan ibaret olmad\u0131\u011f\u0131n\u0131 da g\u00f6sterebilmektir.<b><\/b><\/p>\n<p style=\"text-align: center;\"><a href=\"https:\/\/baraka.cc\/wp-content\/uploads\/2017\/08\/CinnetMevsmiBarka-2.jpg\"><img decoding=\"async\" loading=\"lazy\" class=\"alignnone size-medium wp-image-5234\" alt=\"CinnetMevsmiBarka 2\" src=\"https:\/\/baraka.cc\/wp-content\/uploads\/2017\/08\/CinnetMevsmiBarka-2-300x199.jpg\" width=\"300\" height=\"199\" srcset=\"https:\/\/baraka.cc\/wp-content\/uploads\/2017\/08\/CinnetMevsmiBarka-2-300x199.jpg 300w, https:\/\/baraka.cc\/wp-content\/uploads\/2017\/08\/CinnetMevsmiBarka-2-1024x682.jpg 1024w, https:\/\/baraka.cc\/wp-content\/uploads\/2017\/08\/CinnetMevsmiBarka-2.jpg 1181w\" sizes=\"(max-width: 300px) 100vw, 300px\" \/><\/a><\/p>\n<p><b>OKUMA-TARTI\u015eMA GRUBU<\/b><br \/>\nHaftada bir g\u00fcn ger\u00e7ekle\u015ftirilmekte olan bu faaliyette, bir e\u011fitim \u00e7al\u0131\u015fmas\u0131ndan \u00e7ok, kar\u015f\u0131l\u0131kl\u0131 \u00f6\u011frenme s\u00fcreci olarak tan\u0131mlanan bir mant\u0131kla \u00fcyeler bir araya gelmekte ve belirledikleri kitap, yaz\u0131 veya makaleleri birlikte okuyup tart\u0131\u015fmaktad\u0131rlar. 2017 y\u0131l\u0131na Sherry Wolf taraf\u0131ndan yaz\u0131lan \u201cCinsellik ve Sosyalizm\u201d kitab\u0131n\u0131 okuyarak ba\u015flayan grup \u00fcyeleri, bu kitab\u0131 bitirmelerinin ard\u0131ndan Ceyhan \u00d6zy\u0131ld\u0131z taraf\u0131ndan kaleme al\u0131nm\u0131\u015f bir \u00f6yk\u00fc kitab\u0131 olan \u201cYast\u0131k Alt\u0131 G\u00fclkurusu\u201d kitab\u0131n\u0131 okuyup tamamlad\u0131lar. Ard\u0131ndan yazarla bir s\u00f6yle\u015fi etkinli\u011fi de ger\u00e7ekle\u015ftirildi. 2017\u2019nin son kitab\u0131 olarak Ha\u015fmet M. G\u00fcrkan\u2019\u0131n \u201cK\u0131br\u0131s Tarihinden Sayfalar\u201d kitab\u0131n\u0131 belirleyen grup, s\u00f6z konusu kitab\u0131 okumaya devam etmektedir. Okuma-tart\u0131\u015fma grubu, kitaplar\u0131 seven ve birlikte okuma keyfine ve disiplinine sahip olan herkese a\u00e7\u0131k bir etkinliktir.<\/p>\n<p style=\"text-align: center;\"><a href=\"https:\/\/baraka.cc\/wp-content\/uploads\/2018\/01\/64874.jpg\"><img decoding=\"async\" loading=\"lazy\" class=\"alignnone size-medium wp-image-5723\" alt=\"64874\" src=\"https:\/\/baraka.cc\/wp-content\/uploads\/2018\/01\/64874-300x150.jpg\" width=\"300\" height=\"150\" srcset=\"https:\/\/baraka.cc\/wp-content\/uploads\/2018\/01\/64874-300x150.jpg 300w, https:\/\/baraka.cc\/wp-content\/uploads\/2018\/01\/64874.jpg 880w\" sizes=\"(max-width: 300px) 100vw, 300px\" \/><\/a><\/p>\n<p>&nbsp;<\/p>\n<p><b>\u00c7OCUKLARA Y\u00d6NEL\u0130K \u00dcCRETS\u0130Z YAZ KURSLARI<\/b><br \/>\nBaraka aktivistleri, ge\u00e7mi\u015f y\u0131llarda oldu\u011fu gibi 2017 yaz tatilinde de bir ay boyunca, ilkokul \u00e7ocuklar\u0131na y\u00f6nelik kurslar d\u00fczenledi. \u201cD\u00fcnyay\u0131 Verelim \u00c7ocuklara\u201d temas\u0131yla haftan\u0131n be\u015f g\u00fcn\u00fc ger\u00e7ekle\u015ftirilen kurslar, \u201cOkuyan \u0130nsan Halk\u0131n\u0131n Yan\u0131ndad\u0131r\u201d \u00e7a\u011fr\u0131s\u0131yla katk\u0131 koymak isteyen, alan\u0131nda uzman ve deneyimli g\u00f6n\u00fcll\u00fc e\u011fitmenlerle birlikte ger\u00e7ekle\u015ftirildi. Kurslarda el sanatlar\u0131, m\u00fczik, tiyatro, satran\u00e7, \u0130ngilizce, evrim, K\u0131br\u0131s k\u00fclt\u00fcr\u00fc, halk danslar\u0131, Latin danslar\u0131 gibi konular\u0131n yan\u0131nda, zeytini tan\u0131yal\u0131m, engelliler ad\u0131na sempati, \u00e7ocuk haklar\u0131, hayvan sevgisi, i\u015f kazalar\u0131, masal at\u00f6lyesi, \u00e7evre bilinci, e\u011flenceli matematik gibi \u00e7e\u015fitli temalarda bilgilendirici ve fark\u0131ndal\u0131k yarat\u0131c\u0131 seminerler de verildi. Kurs sonunda yap\u0131lan \u015fenlikte Aziz Nesin\u2019in P\u0131rtlatan Bal oyunu, \u00e7ocuklar taraf\u0131ndan ba\u015far\u0131yla sahnelendi. Koro, halk danslar\u0131 ve Latin danslar\u0131 g\u00f6sterileri sunuldu.\u00a0<b><\/b><\/p>\n<p>\u00c7ocuklar\u0131n bilim, sanat ve k\u00fclt\u00fcrel de\u011ferlerle b\u00fcy\u00fcmesinin \u00f6nemine inanan ve t\u00fcm \u00e7ocuklara \u00fccretsiz olarak kap\u0131lar\u0131n\u0131 a\u00e7man\u0131n en b\u00fcy\u00fck sorumluluklardan biri oldu\u011funu d\u00fc\u015f\u00fcnen Baraka aktivistleri, be\u015f y\u0131ld\u0131r devam eden etkinli\u011fi \u00fccretsiz olarak her y\u0131l tekrarlamay\u0131 planl\u0131yorlar.<\/p>\n<p><b>KADIN E\u011e\u0130T\u0130M\u0130 KOLEKT\u0130F\u0130<\/b><\/p>\n<p>Baraka aktivistlerinin de e\u011fitmen olarak g\u00f6rev ald\u0131\u011f\u0131 Kad\u0131n E\u011fitimi Kolektifi, Temmuz-A\u011fustos aylar\u0131nda Baraka K\u00fclt\u00fcr Merkezi lokalinde alt\u0131 seminer verdi. \u201cFeminizm ve Toplumsal Cinsiyet\u201d semineri ile ba\u015flayan program, \u201cK\u0131br\u0131s\u2019ta Kad\u0131n Hareketi\u201d, \u201cKad\u0131na Y\u00f6nelik \u015eiddet\u201d, \u201cEv \u0130\u00e7i Emek ve \u00d6tesi\u201d, \u201cMedya ve Kad\u0131n\u201d konular\u0131 ile devam etti ve \u201cBeden Politikalar\u0131\u201d semineri ile tamamland\u0131. Her seminerin ard\u0131ndan yap\u0131lan drama \u00e7al\u0131\u015fmalar\u0131 ile e\u011fitimin peki\u015ftirilmesi ve kat\u0131l\u0131mc\u0131lar\u0131n \u00f6zg\u00fcrle\u015fmeyi ve de\u011fi\u015fimi prova etmesi sa\u011fland\u0131. \u00dccretsiz olan e\u011fitimlerin en az 4\u2019\u00fcne kat\u0131lanlara sertifika da verildi.<\/p>\n<p>Di\u011fer bile\u015fenler yan\u0131nda Baraka aktivistlerinin de, toplumsal cinsiyet e\u015fitli\u011fi alan\u0131nda \u00e7al\u0131\u015fmalar y\u00fcr\u00fctt\u00fc\u011f\u00fc Kad\u0131n E\u011fitimi Kolektifi, Ak\u00e7ay, Akdo\u011fan, Alayk\u00f6y gibi \u00e7e\u015fitli k\u00f6ylerde, k\u00fclt\u00fcr dernekleri ile i\u015fbirli\u011fi halinde seminer ve drama at\u00f6lyelerini kat\u0131l\u0131mc\u0131larla bulu\u015fturdu. Ayr\u0131ca kad\u0131n filmleri ve s\u00f6yle\u015filerden olu\u015fan FeM\u0130N\u0130stival adl\u0131 film festivali, Mart ay\u0131nda AKM\u2019de ger\u00e7ekle\u015ftirildi.<\/p>\n<p style=\"text-align: center;\"><a href=\"https:\/\/baraka.cc\/wp-content\/uploads\/2017\/08\/1_n.jpg\"><img decoding=\"async\" loading=\"lazy\" class=\"alignnone size-medium wp-image-5280\" alt=\"1_n\" src=\"https:\/\/baraka.cc\/wp-content\/uploads\/2017\/08\/1_n-300x225.jpg\" width=\"300\" height=\"225\" srcset=\"https:\/\/baraka.cc\/wp-content\/uploads\/2017\/08\/1_n-300x225.jpg 300w, https:\/\/baraka.cc\/wp-content\/uploads\/2017\/08\/1_n.jpg 960w\" sizes=\"(max-width: 300px) 100vw, 300px\" \/><\/a><\/p>\n<p><b>10. ULUSLARARASI KIBRIS \u0130\u015e\u00c7\u0130 F\u0130LMLER\u0130 FEST\u0130VAL\u0130<\/b><br \/>\nBaraka K\u00fclt\u00fcr Merkezi, her y\u0131l oldu\u011fu gibi bu y\u0131l da Uluslararas\u0131 K\u0131br\u0131s \u0130\u015f\u00e7i Filmleri Festivali&#8217;nin organizasyon komitesini olu\u015fturan \u00e7ok say\u0131daki demokratik kitle \u00f6rg\u00fct\u00fcnden biri oldu. Bu y\u0131l 10.&#8217;su d\u00fczenlenen festival 6-20 Aral\u0131k tarihlerinde ger\u00e7ekle\u015ftirilirken, Lefko\u015fa, Ma\u011fusa, De\u011firmenlik, Akdo\u011fan ve Omorfo&#8217;da g\u00f6sterimler d\u00fczenlendi. Kapitalizm sinemay\u0131 kendi varl\u0131\u011f\u0131n\u0131n devam\u0131n\u0131 sa\u011flamak i\u00e7in ara\u00e7 olarak kullan\u0131rken, kameras\u0131n\u0131 eme\u011fe y\u00f6nelten \u0130\u015f\u00e7i Filmleri Festivali bu y\u0131l da kad\u0131n haklar\u0131, emek m\u00fccadelesi ve do\u011fan\u0131n sistem taraf\u0131ndan talan edilmesi gibi g\u00f6sterilmeyeni g\u00f6sterdi, eme\u011fin festivali oldu.<b><\/b><\/p>\n<p style=\"text-align: center;\"><a href=\"https:\/\/baraka.cc\/wp-content\/uploads\/2018\/01\/kibris_iff_acilis_gala_6aralik2017-3.jpg\"><img decoding=\"async\" loading=\"lazy\" class=\"alignnone size-medium wp-image-5725\" alt=\"kibris_iff_acilis_gala_6aralik2017-3\" src=\"https:\/\/baraka.cc\/wp-content\/uploads\/2018\/01\/kibris_iff_acilis_gala_6aralik2017-3-300x225.jpg\" width=\"300\" height=\"225\" srcset=\"https:\/\/baraka.cc\/wp-content\/uploads\/2018\/01\/kibris_iff_acilis_gala_6aralik2017-3-300x225.jpg 300w, https:\/\/baraka.cc\/wp-content\/uploads\/2018\/01\/kibris_iff_acilis_gala_6aralik2017-3-1024x768.jpg 1024w, https:\/\/baraka.cc\/wp-content\/uploads\/2018\/01\/kibris_iff_acilis_gala_6aralik2017-3.jpg 2048w\" sizes=\"(max-width: 300px) 100vw, 300px\" \/><\/a><\/p>\n<p><b>A\u011eA\u00c7 D\u0130KME ETK\u0130NL\u0130KLER\u0130<\/b><\/p>\n<p>Do\u011fay\u0131 ve t\u00fcm canl\u0131lar\u0131 bir arada d\u00fc\u015f\u00fcnen anlay\u0131\u015fla hareket eden Baraka aktivistleri 2017\u2019nin \u015eubat ay\u0131nda \u015eirinevler (Ayermola) k\u00f6y\u00fc yak\u0131n\u0131nda fidan dikti ve do\u011fan\u0131n ye\u015fillenmesine katk\u0131da bulundu. Ayr\u0131ca 2017\u2019nin Kas\u0131m ay\u0131nda Lefko\u015fa\u2019da ger\u00e7ekle\u015ftirilen fidan dikimi etkinli\u011fi ile Haydar Pa\u015fa Ticaret Lisesi yan\u0131ndaki Lefko\u015fa T\u00fcrk Belediyesi\u2019ne ait ye\u015fil alana zeytin, portakal, mandalin, ek\u015fi ve nar a\u011fa\u00e7lar\u0131 dikildi. \u201cUmut ve Emek ile\u201d slogan\u0131yla ger\u00e7ekle\u015ftirilen etkinlikle ama\u00e7lanan\u0131n \u015fehrin merkezinde halk\u0131n nefes alabilece\u011fi ye\u015fil ve kamusal bir alan kazand\u0131rmak oldu\u011fu ifade edildi.<\/p>\n<p style=\"text-align: center;\"><a href=\"https:\/\/baraka.cc\/wp-content\/uploads\/2017\/11\/91.jpg\"><img decoding=\"async\" loading=\"lazy\" class=\"alignnone size-medium wp-image-5552\" alt=\"9\" src=\"https:\/\/baraka.cc\/wp-content\/uploads\/2017\/11\/91-300x200.jpg\" width=\"300\" height=\"200\" srcset=\"https:\/\/baraka.cc\/wp-content\/uploads\/2017\/11\/91-300x200.jpg 300w, https:\/\/baraka.cc\/wp-content\/uploads\/2017\/11\/91-1024x682.jpg 1024w\" sizes=\"(max-width: 300px) 100vw, 300px\" \/><\/a><\/p>\n<p><b>\u015e\u0130\u0130R ETK\u0130NL\u0130KLER\u0130<\/b><\/p>\n<p>Baraka K\u00fclt\u00fcr Merkezi, 17 May\u0131s Uluslararas\u0131 Homofobi, Transfobi ve Bifobi kar\u015f\u0131tl\u0131\u011f\u0131 haftas\u0131 etkinlikleri \u00e7er\u00e7evesinde \u201cG\u00f6kku\u015fa\u011f\u0131nda Bulu\u015fan \u015eiir ve \u015eark\u0131lar Etkinli\u011fi\u201d ger\u00e7ekle\u015ftirdi. Derne\u011fin K\u0131z\u0131lba\u015f\u2019taki lokalinde d\u00fczenlenen etkinlikte, Baraka M\u00fczik Toplulu\u011fu Sol Anahtar\u0131\u2019n\u0131n \u015fark\u0131lar\u0131 e\u015fli\u011finde LGBT \u015fair ve yazarlar\u0131n \u015fiirleri okundu. Sappho, Carol Ann Duffy, K\u00fc\u00e7\u00fck Iskender, Emily Dickinson, Murathan Mungan, Luis Aragon, Ari Banias, Tim Trace Peterson gibi bir\u00e7ok \u015fair ve yazar\u0131n e\u015fsiz eserlerinin seslendirildi\u011fi gecede, farkl\u0131l\u0131klar\u0131m\u0131z\u0131n renklerimiz oldu\u011fu vurguland\u0131.<\/p>\n<p>Ba\u011f\u0131ms\u0131z K\u0131br\u0131s haftas\u0131 etkinlikleri \u00e7er\u00e7evesinde Baraka\u2019da \u201cBa\u011f\u0131ms\u0131zl\u0131\u011fa okunan \u015fiirler, ba\u011f\u0131ms\u0131zl\u0131\u011fa s\u00f6ylenen \u015fark\u0131lar\u201d konulu bir etkinlik ger\u00e7ekle\u015ftirildi. Ya\u015far Ersoy\u2019un a\u00e7\u0131l\u0131\u015f \u015fiirini okudu\u011fu geceye Serkan Soyalan da \u015fiir ve konu\u015fma ile katk\u0131 koydu. 9 A\u011fustos \u00c7ar\u015famba ak\u015fam\u0131 dernek lokalinde yap\u0131lan etkinlikte Fikret Demira\u011f\u2019dan Filiz Nald\u00f6ven\u2019e, Bertolt Brecht\u2019ten Ayd\u0131n Adamo\u011flu\u2019na pek \u00e7ok yerli ve yabanc\u0131 \u015fairin, ba\u011f\u0131ms\u0131zl\u0131k ve \u00f6zg\u00fcrl\u00fck temal\u0131 \u015fiirleri okundu. Sol Anahtar\u0131\u2019n\u0131n \u015fark\u0131lar\u0131 ile devam eden gece, kat\u0131l\u0131mc\u0131lar\u0131n da gerek kendilerinin yazd\u0131\u011f\u0131 gerekse kitaplardan se\u00e7ip okuduklar\u0131 \u015fiirler ile devam etti.<\/p>\n<p style=\"text-align: center;\"><a href=\"https:\/\/baraka.cc\/wp-content\/uploads\/2018\/01\/20728140_10155338408544845_4865910991190627944_n-300x202.jpg\"><img decoding=\"async\" loading=\"lazy\" class=\"alignnone size-full wp-image-5728\" alt=\"20728140_10155338408544845_4865910991190627944_n-300x202\" src=\"https:\/\/baraka.cc\/wp-content\/uploads\/2018\/01\/20728140_10155338408544845_4865910991190627944_n-300x202.jpg\" width=\"300\" height=\"202\" \/><\/a><\/p>\n<p><b>SOSYAL R\u0130SKLER\u0130 \u00d6NLEME VAKFI KRE\u015e\u0130NDE M\u00dcZ\u0130K VE DRAMA ETK\u0130NL\u0130\u011e\u0130<\/b><\/p>\n<p>Baraka K\u00fclt\u00fcr Merkezi tiyatro ve m\u00fczik toplulu\u011fu elemanlar\u0131, Mart ay\u0131nda Sosyal Riskleri \u00d6nleme Vakf\u0131 kre\u015fine ziyarette bulunarak \u00e7ocuklarla drama ve m\u00fczik etkinlikleri ger\u00e7ekle\u015ftirdi. Etkinlikte Sosyal Riskleri \u00d6nleme Vakf\u0131\u2019n\u0131n, \u00f6zellikle Surlari\u00e7i\u2019nde ya\u015fayan ve dar gelirli olan 24 \u00e7ocu\u011fa ve ailelerine \u00e7ok uygun bir fiyata kre\u015f hizmeti vermesine dikkat \u00e7ekildi ve Vak\u0131fla dayan\u0131\u015fma g\u00f6sterildi.<\/p>\n<p><b>D\u00dcNYA YALNIZ B\u0130Z\u0130M DE\u011e\u0130L HAREKET\u0130<\/b><\/p>\n<p>Baraka K\u00fclt\u00fcr Merkezi&#8217;nin 2017 y\u0131l\u0131 boyunca ger\u00e7ekle\u015ftirmi\u015f oldu\u011fu faaliyetler aras\u0131nda hayvan hak ve \u00f6zg\u00fcrl\u00fckleri i\u00e7in m\u00fccadele etmek de vard\u0131. Bu ba\u011flamda D\u00fcnya Yaln\u0131z Bizim De\u011fil Hareketi\u2019nin bir bile\u015feni olarak, Hayvan Refah\u0131 Yasas\u0131 konusunda \u00e7al\u0131\u015fmalar yap\u0131ld\u0131 ve hayvan deneyleri hakk\u0131nda bakanl\u0131\u011fa Bilgi Edinme Yasas\u0131 uyar\u0131nca ba\u015fvuruldu. Ayr\u0131ca hayvan mezarl\u0131\u011f\u0131 ve benzeri konular\u0131n yerel y\u00f6netimlerce dikkate al\u0131nmas\u0131 i\u00e7in Lefko\u015fa T\u00fcrk Belediyesi Ba\u015fkan\u0131 ile g\u00f6r\u00fc\u015f\u00fclerek fikir al\u0131\u015f veri\u015finde bulunuldu.<\/p>\n<p>&nbsp;<\/p>\n<p>&nbsp;<\/p>\n","protected":false},"excerpt":{"rendered":"<p>Dernekler Yasas\u0131 uyar\u0131nca usulen Kaymakaml\u0131\u011fa sunmak \u00fczere haz\u0131rlad\u0131\u011f\u0131m\u0131z ancak asl\u0131nda t\u00fcm bu \u00fcretimleri var eden ve bizimle payla\u015fan halk\u0131m\u0131za, dostlar\u0131m\u0131za sunmay\u0131 bor\u00e7 bildi\u011fimiz faaliyet raporumuz&#8230;<\/p>\n","protected":false},"author":3,"featured_media":0,"comment_status":"open","ping_status":"open","sticky":false,"template":"","format":"standard","meta":{"jetpack_post_was_ever_published":false,"_jetpack_newsletter_access":"","_jetpack_newsletter_tier_id":0,"jetpack_publicize_message":"","jetpack_is_tweetstorm":false,"jetpack_publicize_feature_enabled":true,"jetpack_social_post_already_shared":true,"jetpack_social_options":{"image_generator_settings":{"template":"highway","enabled":false}}},"categories":[9,1],"tags":[],"jetpack_publicize_connections":[],"jetpack_featured_media_url":"","jetpack_shortlink":"https:\/\/wp.me\/p4eHWX-1ui","jetpack_sharing_enabled":true,"_links":{"self":[{"href":"https:\/\/baraka.cc\/index.php?rest_route=\/wp\/v2\/posts\/5722"}],"collection":[{"href":"https:\/\/baraka.cc\/index.php?rest_route=\/wp\/v2\/posts"}],"about":[{"href":"https:\/\/baraka.cc\/index.php?rest_route=\/wp\/v2\/types\/post"}],"author":[{"embeddable":true,"href":"https:\/\/baraka.cc\/index.php?rest_route=\/wp\/v2\/users\/3"}],"replies":[{"embeddable":true,"href":"https:\/\/baraka.cc\/index.php?rest_route=%2Fwp%2Fv2%2Fcomments&post=5722"}],"version-history":[{"count":2,"href":"https:\/\/baraka.cc\/index.php?rest_route=\/wp\/v2\/posts\/5722\/revisions"}],"predecessor-version":[{"id":5730,"href":"https:\/\/baraka.cc\/index.php?rest_route=\/wp\/v2\/posts\/5722\/revisions\/5730"}],"wp:attachment":[{"href":"https:\/\/baraka.cc\/index.php?rest_route=%2Fwp%2Fv2%2Fmedia&parent=5722"}],"wp:term":[{"taxonomy":"category","embeddable":true,"href":"https:\/\/baraka.cc\/index.php?rest_route=%2Fwp%2Fv2%2Fcategories&post=5722"},{"taxonomy":"post_tag","embeddable":true,"href":"https:\/\/baraka.cc\/index.php?rest_route=%2Fwp%2Fv2%2Ftags&post=5722"}],"curies":[{"name":"wp","href":"https:\/\/api.w.org\/{rel}","templated":true}]}}