{"id":5743,"date":"2018-01-18T10:29:09","date_gmt":"2018-01-18T08:29:09","guid":{"rendered":"https:\/\/baraka.cc\/?p=5743"},"modified":"2018-01-18T10:29:09","modified_gmt":"2018-01-18T08:29:09","slug":"eylem-hakki-semineri-lefkosada-gerceklestirildi","status":"publish","type":"post","link":"https:\/\/baraka.cc\/?p=5743","title":{"rendered":"Eylem Hakk\u0131 Semineri Lefko\u015fa\u2019da Ger\u00e7ekle\u015ftirildi"},"content":{"rendered":"<p style=\"text-align: center;\"><a href=\"https:\/\/baraka.cc\/wp-content\/uploads\/2018\/01\/1.jpg\"><img decoding=\"async\" loading=\"lazy\" class=\"alignnone size-medium wp-image-5744\" alt=\"1\" src=\"https:\/\/baraka.cc\/wp-content\/uploads\/2018\/01\/1-300x168.jpg\" width=\"300\" height=\"168\" srcset=\"https:\/\/baraka.cc\/wp-content\/uploads\/2018\/01\/1-300x168.jpg 300w, https:\/\/baraka.cc\/wp-content\/uploads\/2018\/01\/1-1024x576.jpg 1024w, https:\/\/baraka.cc\/wp-content\/uploads\/2018\/01\/1.jpg 2048w\" sizes=\"(max-width: 300px) 100vw, 300px\" \/><\/a><\/p>\n<p>Baraka ve Ba\u011f\u0131ms\u0131zl\u0131k Yolu\u2019nun birlikte organize etti\u011fi \u201cEylem Hakk\u0131 Semineri\u201d, 17 Ocak \u00c7ar\u015famba g\u00fcn\u00fc Baraka lokalinde yo\u011fun bir kat\u0131l\u0131mla ger\u00e7ekle\u015ftirildi.<\/p>\n<p>Seminerin ba\u015f\u0131nda Baraka aktivisti Nazen \u015eansal bir konu\u015fma yaparak, neoliberal sald\u0131r\u0131lar kar\u015f\u0131s\u0131nda halk\u0131n haklar\u0131n\u0131 savunabilmenin ve ilerletebilmenin eylem ve g\u00f6steri hakk\u0131yla m\u00fcmk\u00fcn oldu\u011funa vurgu yapt\u0131. Ayr\u0131ca Ba\u011f\u0131ms\u0131zl\u0131k Yolu\u2019nun Ma\u011fusa ve Omorfo\u2019da yapt\u0131\u011f\u0131 benzer seminerlerin, b\u00f6lgeler ve \u00f6rg\u00fctler aras\u0131nda yeknesakl\u0131k sa\u011flamak a\u00e7\u0131s\u0131ndan \u00f6nemli oldu\u011funu belirtti.<\/p>\n<p>Ard\u0131ndan hukuk\u00e7u, mukayyit ve Ba\u011f\u0131ms\u0131zl\u0131k Yolu Hukuk Komitesi Sorumlusu Aziz G\u00fcven;\u00a0 Anayasa ve yasalardaki eylem hakk\u0131na ili\u015fkin kurallar\u0131 i\u00e7eren sunumunu ger\u00e7ekle\u015ftirirdi ve mahkeme kararlar\u0131ndan da \u00f6rnekler verdi. Ba\u011f\u0131ms\u0131zl\u0131k Yolu Genel Sekreteri M\u00fcn\u00fcr Rahvanc\u0131o\u011flu ise \u00f6nceden izin almadan eylem yapma hakk\u0131n\u0131n hukuksal bir ger\u00e7ek olmas\u0131n\u0131n yan\u0131 s\u0131ra politik d\u00fczlemde \u00f6nemine vurgu yapan ve ge\u00e7mi\u015fte ya\u015fanan \u00e7e\u015fitli \u00f6rnekleri de\u011ferlendiren bir sunum ger\u00e7ekle\u015ftirdi. Ma\u011fusa ve Omorfo seminerlerinde yap\u0131lan katk\u0131lar\u0131 da Lefko\u015fa kat\u0131l\u0131mc\u0131lar\u0131na aktard\u0131.<\/p>\n<p>Seminer, kat\u0131l\u0131mc\u0131lar\u0131n soru ve yorumlar\u0131 ile katk\u0131 koymas\u0131 ile devam etti. \u0130nsan haklar\u0131na ve Anayasa\u2019ya ayk\u0131r\u0131 olan, zaten uygulanma imkan\u0131 bulunmayan Fas\u0131l 32 Toplant\u0131 ve G\u00f6steri Y\u00fcr\u00fcy\u00fc\u015fleri Yasas\u0131\u2019n\u0131n y\u00fcr\u00fcrl\u00fckten kald\u0131r\u0131lmas\u0131 i\u00e7in m\u00fccadele edilmesi uzla\u015f\u0131s\u0131 ile son buldu.<\/p>\n<p style=\"text-align: center;\"><a href=\"https:\/\/baraka.cc\/wp-content\/uploads\/2018\/01\/2.jpg\"><img decoding=\"async\" loading=\"lazy\" class=\"alignnone size-medium wp-image-5745\" alt=\"2\" src=\"https:\/\/baraka.cc\/wp-content\/uploads\/2018\/01\/2-300x168.jpg\" width=\"300\" height=\"168\" srcset=\"https:\/\/baraka.cc\/wp-content\/uploads\/2018\/01\/2-300x168.jpg 300w, https:\/\/baraka.cc\/wp-content\/uploads\/2018\/01\/2.jpg 960w\" sizes=\"(max-width: 300px) 100vw, 300px\" \/><\/a><\/p>\n","protected":false},"excerpt":{"rendered":"<p>Baraka ve Ba\u011f\u0131ms\u0131zl\u0131k Yolu\u2019nun birlikte organize etti\u011fi \u201cEylem Hakk\u0131 Semineri\u201d, 17 Ocak \u00c7ar\u015famba g\u00fcn\u00fc Baraka lokalinde yo\u011fun bir kat\u0131l\u0131mla ger\u00e7ekle\u015ftirildi. Seminerin ba\u015f\u0131nda Baraka aktivisti Nazen<\/p>\n","protected":false},"author":3,"featured_media":5744,"comment_status":"open","ping_status":"open","sticky":false,"template":"","format":"standard","meta":{"jetpack_post_was_ever_published":false,"_jetpack_newsletter_access":"","_jetpack_newsletter_tier_id":0,"jetpack_publicize_message":"","jetpack_is_tweetstorm":false,"jetpack_publicize_feature_enabled":true,"jetpack_social_post_already_shared":true,"jetpack_social_options":{"image_generator_settings":{"template":"highway","enabled":false}}},"categories":[9,1],"tags":[],"jetpack_publicize_connections":[],"jetpack_featured_media_url":"https:\/\/baraka.cc\/wp-content\/uploads\/2018\/01\/1.jpg","jetpack_shortlink":"https:\/\/wp.me\/p4eHWX-1uD","jetpack_sharing_enabled":true,"_links":{"self":[{"href":"https:\/\/baraka.cc\/index.php?rest_route=\/wp\/v2\/posts\/5743"}],"collection":[{"href":"https:\/\/baraka.cc\/index.php?rest_route=\/wp\/v2\/posts"}],"about":[{"href":"https:\/\/baraka.cc\/index.php?rest_route=\/wp\/v2\/types\/post"}],"author":[{"embeddable":true,"href":"https:\/\/baraka.cc\/index.php?rest_route=\/wp\/v2\/users\/3"}],"replies":[{"embeddable":true,"href":"https:\/\/baraka.cc\/index.php?rest_route=%2Fwp%2Fv2%2Fcomments&post=5743"}],"version-history":[{"count":1,"href":"https:\/\/baraka.cc\/index.php?rest_route=\/wp\/v2\/posts\/5743\/revisions"}],"predecessor-version":[{"id":5746,"href":"https:\/\/baraka.cc\/index.php?rest_route=\/wp\/v2\/posts\/5743\/revisions\/5746"}],"wp:featuredmedia":[{"embeddable":true,"href":"https:\/\/baraka.cc\/index.php?rest_route=\/wp\/v2\/media\/5744"}],"wp:attachment":[{"href":"https:\/\/baraka.cc\/index.php?rest_route=%2Fwp%2Fv2%2Fmedia&parent=5743"}],"wp:term":[{"taxonomy":"category","embeddable":true,"href":"https:\/\/baraka.cc\/index.php?rest_route=%2Fwp%2Fv2%2Fcategories&post=5743"},{"taxonomy":"post_tag","embeddable":true,"href":"https:\/\/baraka.cc\/index.php?rest_route=%2Fwp%2Fv2%2Ftags&post=5743"}],"curies":[{"name":"wp","href":"https:\/\/api.w.org\/{rel}","templated":true}]}}