{"id":5749,"date":"2018-01-29T20:39:15","date_gmt":"2018-01-29T18:39:15","guid":{"rendered":"https:\/\/baraka.cc\/?p=5749"},"modified":"2018-01-29T20:39:15","modified_gmt":"2018-01-29T18:39:15","slug":"izle-tartis-cocuklarla-bulusuyor-viva-cuba","status":"publish","type":"post","link":"https:\/\/baraka.cc\/?p=5749","title":{"rendered":"\u0130ZLE-TARTI\u015e \u00c7OCUKLARLA BULU\u015eUYOR &#8220;VIVA CUBA&#8221;"},"content":{"rendered":"<p><a href=\"https:\/\/baraka.cc\/wp-content\/uploads\/2018\/01\/Viva-Cuba.jpg\"><img decoding=\"async\" loading=\"lazy\" class=\"alignnone size-medium wp-image-5750\" alt=\"Viva Cuba\" src=\"https:\/\/baraka.cc\/wp-content\/uploads\/2018\/01\/Viva-Cuba-300x114.jpg\" width=\"300\" height=\"114\" srcset=\"https:\/\/baraka.cc\/wp-content\/uploads\/2018\/01\/Viva-Cuba-300x114.jpg 300w, https:\/\/baraka.cc\/wp-content\/uploads\/2018\/01\/Viva-Cuba-1024x391.jpg 1024w\" sizes=\"(max-width: 300px) 100vw, 300px\" \/><\/a>Baraka K\u00fclt\u00fcr Merkezi\u2019nde \u00fccretsiz olarak ger\u00e7ekle\u015ftirilen \u0130zle-Tart\u0131\u015f, bu kez \u015eubat tatili etkinli\u011fi olarak \u00e7ocuklara \u00e7a\u011fr\u0131da bulunuyor. <i>Gelin birlikte VIVA CUBA filmini izleyelim.<\/i><\/p>\n<p>&nbsp;<\/p>\n<p><a href=\"https:\/\/baraka.cc\/wp-content\/uploads\/2018\/01\/viva1.jpg\"><img decoding=\"async\" loading=\"lazy\" class=\"alignnone size-medium wp-image-5752\" alt=\"viva1\" src=\"https:\/\/baraka.cc\/wp-content\/uploads\/2018\/01\/viva1-300x168.jpg\" width=\"300\" height=\"168\" srcset=\"https:\/\/baraka.cc\/wp-content\/uploads\/2018\/01\/viva1-300x168.jpg 300w, https:\/\/baraka.cc\/wp-content\/uploads\/2018\/01\/viva1.jpg 670w\" sizes=\"(max-width: 300px) 100vw, 300px\" \/><\/a>Her ay\u0131n ilk Cumartesi ak\u015fam\u0131 ger\u00e7ekle\u015ftirilen film izleme ve tart\u0131\u015fma gecesi bu kez hem yeti\u015fkinlere hem de \u00e7ocuklara hitap eden bir filmle g\u00fcnd\u00fcz vakitlerinde ger\u00e7ekle\u015ftiriliyor. Bilin\u00e7li bir \u015fekilde film izlemenin \u00e7ocuklarda alg\u0131 a\u00e7\u0131kl\u0131\u011f\u0131, dikkat geli\u015ftirme ve d\u00fcnyaya dair far\u0131ndal\u0131k yaratarak ilgi uyand\u0131rma gibi beceriler kazand\u0131rma konusunda \u00f6nemli bir ara\u00e7 oldu\u011funun bilinci ile haz\u0131rlanan bu g\u00fcsterim, \u00e7ocuklar\u0131n da kat\u0131l\u0131m\u0131n\u0131 sa\u011flayabilmek i\u00e7in 16:00\u2019da ger\u00e7ekle\u015ftiriliyor.<\/p>\n<p>&nbsp;<\/p>\n<p><a href=\"https:\/\/baraka.cc\/wp-content\/uploads\/2018\/01\/viva.jpg\"><img decoding=\"async\" loading=\"lazy\" class=\"alignnone size-medium wp-image-5751\" alt=\"viva\" src=\"https:\/\/baraka.cc\/wp-content\/uploads\/2018\/01\/viva-300x181.jpg\" width=\"300\" height=\"181\" srcset=\"https:\/\/baraka.cc\/wp-content\/uploads\/2018\/01\/viva-300x181.jpg 300w, https:\/\/baraka.cc\/wp-content\/uploads\/2018\/01\/viva.jpg 1022w\" sizes=\"(max-width: 300px) 100vw, 300px\" \/><\/a>Peki ya siz \u015eubat tatilinde \u00e7ocuklar\u0131n\u0131zla birlikte g\u00fczel ve d\u00fc\u015f\u00fcnd\u00fcren bir film izlemeye ne dersiniz? Viva K\u00fcba, 8 ya\u015f \u00fczeri \u00e7ocuklar\u0131n ilgiyle izleyebilece\u011fi, &#8220;arkada\u015fl\u0131k&#8221; temal\u0131 bir film. K\u00fcba&#8217;n\u0131n sosyal ya\u015fam\u0131 hakk\u0131nda bilgi de veren filmde, aileleri \u00e7ok farkl\u0131 k\u00fclt\u00fcrlere sahip olan iki \u00e7ocu\u011fun dostlu\u011fu ve birlikte \u00e7\u0131kt\u0131klar\u0131 uzun ve ka\u00e7amak yolculuk anlat\u0131l\u0131yor. Adan\u0131n bir ucundan di\u011ferine yapt\u0131klar\u0131 macera dolu yolculukta, \u00e7ocuklar da aileleri de \u00e7ok \u015fey \u00f6\u011freniyor ve ili\u015fkilerini, hatalar\u0131n\u0131 sorguluyor. 2005 Fransa-K\u00fcba ortak yap\u0131m\u0131 film, Monte Carlo Comedy Film Festivalinde J\u00fcri \u00d6zel \u00d6d\u00fcl\u00fc ve Mar del Plata Festivalinde En \u0130yi Film \u00d6d\u00fcl\u00fcne lay\u0131k g\u00f6r\u00fclm\u00fc\u015f.<\/p>\n<p>&nbsp;<\/p>\n<p>\u00d6\u011frenmenin sadece \u00e7ocuklara mahsus bir\u015fey olmad\u0131\u011f\u0131n\u0131 ve hatta bazen yet\u015fkinlerin \u00e7ocujkardan \u00f6\u011frenece\u011fi bir\u00e7ok \u015fey oldu\u011funu d\u00fc\u015f\u00fcnenlerdenseniz, gelin bu kez beyaz perdeye yans\u0131yanlar\u0131 \u00e7ocuklar\u0131m\u0131zla birlikte izleyelim. 3 \u015eubat Cumartesi 16:00\u2019da Baraka K\u00fclt\u00fcr Merkezi lokalinde bulu\u015fal\u0131m.<\/p>\n","protected":false},"excerpt":{"rendered":"<p>Baraka K\u00fclt\u00fcr Merkezi\u2019nde \u00fccretsiz olarak ger\u00e7ekle\u015ftirilen \u0130zle-Tart\u0131\u015f, bu kez \u015eubat tatili etkinli\u011fi olarak \u00e7ocuklara \u00e7a\u011fr\u0131da bulunuyor. Gelin birlikte VIVA CUBA filmini izleyelim. &nbsp; Her ay\u0131n<\/p>\n","protected":false},"author":8,"featured_media":5750,"comment_status":"open","ping_status":"open","sticky":false,"template":"","format":"standard","meta":{"jetpack_post_was_ever_published":false,"_jetpack_newsletter_access":"","_jetpack_newsletter_tier_id":0,"jetpack_publicize_message":"","jetpack_is_tweetstorm":false,"jetpack_publicize_feature_enabled":true,"jetpack_social_post_already_shared":true,"jetpack_social_options":{"image_generator_settings":{"template":"highway","enabled":false}}},"categories":[20,45,9,28,60,1],"tags":[],"jetpack_publicize_connections":[],"jetpack_featured_media_url":"https:\/\/baraka.cc\/wp-content\/uploads\/2018\/01\/Viva-Cuba.jpg","jetpack_shortlink":"https:\/\/wp.me\/p4eHWX-1uJ","jetpack_sharing_enabled":true,"_links":{"self":[{"href":"https:\/\/baraka.cc\/index.php?rest_route=\/wp\/v2\/posts\/5749"}],"collection":[{"href":"https:\/\/baraka.cc\/index.php?rest_route=\/wp\/v2\/posts"}],"about":[{"href":"https:\/\/baraka.cc\/index.php?rest_route=\/wp\/v2\/types\/post"}],"author":[{"embeddable":true,"href":"https:\/\/baraka.cc\/index.php?rest_route=\/wp\/v2\/users\/8"}],"replies":[{"embeddable":true,"href":"https:\/\/baraka.cc\/index.php?rest_route=%2Fwp%2Fv2%2Fcomments&post=5749"}],"version-history":[{"count":1,"href":"https:\/\/baraka.cc\/index.php?rest_route=\/wp\/v2\/posts\/5749\/revisions"}],"predecessor-version":[{"id":5753,"href":"https:\/\/baraka.cc\/index.php?rest_route=\/wp\/v2\/posts\/5749\/revisions\/5753"}],"wp:featuredmedia":[{"embeddable":true,"href":"https:\/\/baraka.cc\/index.php?rest_route=\/wp\/v2\/media\/5750"}],"wp:attachment":[{"href":"https:\/\/baraka.cc\/index.php?rest_route=%2Fwp%2Fv2%2Fmedia&parent=5749"}],"wp:term":[{"taxonomy":"category","embeddable":true,"href":"https:\/\/baraka.cc\/index.php?rest_route=%2Fwp%2Fv2%2Fcategories&post=5749"},{"taxonomy":"post_tag","embeddable":true,"href":"https:\/\/baraka.cc\/index.php?rest_route=%2Fwp%2Fv2%2Ftags&post=5749"}],"curies":[{"name":"wp","href":"https:\/\/api.w.org\/{rel}","templated":true}]}}