{"id":5755,"date":"2018-01-30T11:25:38","date_gmt":"2018-01-30T09:25:38","guid":{"rendered":"https:\/\/baraka.cc\/?p=5755"},"modified":"2018-01-30T11:25:38","modified_gmt":"2018-01-30T09:25:38","slug":"dunya-yalniz-bizim-degil-hareketi-akdeniz-sahilini-temizleme-cagrisi-yapti","status":"publish","type":"post","link":"https:\/\/baraka.cc\/?p=5755","title":{"rendered":"D\u00fcnya Yaln\u0131z Bizim De\u011fil Hareketi Akdeniz Sahilini Temizleme \u00c7a\u011fr\u0131s\u0131 Yapt\u0131"},"content":{"rendered":"<p style=\"text-align: center;\">\u00a0<a href=\"https:\/\/baraka.cc\/wp-content\/uploads\/2018\/01\/g\u00f6rsel.jpg\"><img decoding=\"async\" loading=\"lazy\" class=\"alignnone size-medium wp-image-5756\" alt=\"g\u00f6rsel\" src=\"https:\/\/baraka.cc\/wp-content\/uploads\/2018\/01\/g\u00f6rsel-300x199.jpg\" width=\"300\" height=\"199\" srcset=\"https:\/\/baraka.cc\/wp-content\/uploads\/2018\/01\/g\u00f6rsel-300x199.jpg 300w, https:\/\/baraka.cc\/wp-content\/uploads\/2018\/01\/g\u00f6rsel.jpg 720w\" sizes=\"(max-width: 300px) 100vw, 300px\" \/><\/a><\/p>\n<p>Baraka&#8217;n\u0131n da bile\u015fenlerinden oldu\u011fu, \u00e7evreye ve hayvan haklar\u0131na duyarl\u0131 \u00e7e\u015fitli dernek ve ba\u011f\u0131ms\u0131z aktivistlerden olu\u015fan D\u00fcnya Yaln\u0131z Bizim De\u011fil Hareketi, Akdeniz sahilini temizlemek i\u00e7in bir \u00e7a\u011fr\u0131 yapt\u0131. T\u00fcm ki\u015fi ve \u00f6rg\u00fctlere a\u00e7\u0131k olan \u00e7a\u011fr\u0131da, 11 \u015eubat Pazar g\u00fcn\u00fc sat 11.00\u2019de Akdeniz sahilinde bulu\u015fulaca\u011f\u0131 ve getirilen \u00e7\u00f6p naylonu ve eldivenler ile sahilin temizlenece\u011fi belirtildi. D\u00fcnyan\u0131n yaln\u0131zca insanlara ait olmad\u0131\u011f\u0131n\u0131 vurgulayan hareketten yap\u0131lan a\u00e7\u0131klamada \u201cK\u0131\u015f aylar\u0131nda insanlar plajlar\u0131 kullanmasa da pek \u00e7ok canl\u0131 t\u00fcr\u00fc sahillerde ve denizlerde insanlar\u0131n yaratt\u0131\u011f\u0131 kirlilikle bo\u011fu\u015fmakta.\u201d denildi. \u00a0Akdeniz sahilindeki kirlili\u011fin karadan ziyade a\u00e7\u0131k denizden geldi\u011fi ve bundan da anla\u015f\u0131laca\u011f\u0131 \u00fczere do\u011fan\u0131n korunmas\u0131n\u0131n bir g\u00fcnl\u00fck \u00e7evre temizli\u011fi ile m\u00fcmk\u00fcn olamayaca\u011f\u0131, b\u00fct\u00fcnl\u00fckl\u00fc bir devlet politikas\u0131 gerekti\u011fi belirtildi.<\/p>\n<p>D\u00fcnya Yaln\u0131z Bizim De\u011fil Hareketi devlete sorumluluklar\u0131n\u0131 hat\u0131rlatarak s\u00f6zde \u00e7evreci \u015firketlerin g\u00f6z boyamak i\u00e7in yapt\u0131\u011f\u0131 faaliyetleri de ele\u015ftirdi. Hareketten yap\u0131lan \u00e7a\u011fr\u0131 \u015f\u00f6yle:<\/p>\n<p>\u201cDevlet ve yerel y\u00f6netimler, temiz bir \u00e7evre konusunda g\u00f6revlerini yerine getirmez, kar amac\u0131 g\u00fcden \u015firketler ise sosyal sorumluluk ad\u0131 alt\u0131nda reklam yaparken; bizler t\u00fcm canl\u0131lar i\u00e7in Akdeniz sahilini temizliyoruz. \u00c7\u00fcnk\u00fc d\u00fcnya yaln\u0131z bizim de\u011fil.<br \/>\nTarih: 11 \u015eubat Pazar<br \/>\nSaat: 11.00<br \/>\nYer: Akdeniz K\u00f6y\u00fc sahili<br \/>\nD\u00fczenleyen: D\u00fcnya Yaln\u0131z Bizim De\u011fil Hareketi\u201d<\/p>\n<p>&nbsp;<\/p>\n<p>&nbsp;<\/p>\n","protected":false},"excerpt":{"rendered":"<p>\u00a0 Baraka&#8217;n\u0131n da bile\u015fenlerinden oldu\u011fu, \u00e7evreye ve hayvan haklar\u0131na duyarl\u0131 \u00e7e\u015fitli dernek ve ba\u011f\u0131ms\u0131z aktivistlerden olu\u015fan D\u00fcnya Yaln\u0131z Bizim De\u011fil Hareketi, Akdeniz sahilini temizlemek i\u00e7in<\/p>\n","protected":false},"author":3,"featured_media":5756,"comment_status":"open","ping_status":"open","sticky":false,"template":"","format":"standard","meta":{"jetpack_post_was_ever_published":false,"_jetpack_newsletter_access":"","_jetpack_newsletter_tier_id":0,"jetpack_publicize_message":"","jetpack_is_tweetstorm":false,"jetpack_publicize_feature_enabled":true,"jetpack_social_post_already_shared":true,"jetpack_social_options":{"image_generator_settings":{"template":"highway","enabled":false}}},"categories":[9,1],"tags":[],"jetpack_publicize_connections":[],"jetpack_featured_media_url":"https:\/\/baraka.cc\/wp-content\/uploads\/2018\/01\/g\u00f6rsel.jpg","jetpack_shortlink":"https:\/\/wp.me\/p4eHWX-1uP","jetpack_sharing_enabled":true,"_links":{"self":[{"href":"https:\/\/baraka.cc\/index.php?rest_route=\/wp\/v2\/posts\/5755"}],"collection":[{"href":"https:\/\/baraka.cc\/index.php?rest_route=\/wp\/v2\/posts"}],"about":[{"href":"https:\/\/baraka.cc\/index.php?rest_route=\/wp\/v2\/types\/post"}],"author":[{"embeddable":true,"href":"https:\/\/baraka.cc\/index.php?rest_route=\/wp\/v2\/users\/3"}],"replies":[{"embeddable":true,"href":"https:\/\/baraka.cc\/index.php?rest_route=%2Fwp%2Fv2%2Fcomments&post=5755"}],"version-history":[{"count":1,"href":"https:\/\/baraka.cc\/index.php?rest_route=\/wp\/v2\/posts\/5755\/revisions"}],"predecessor-version":[{"id":5757,"href":"https:\/\/baraka.cc\/index.php?rest_route=\/wp\/v2\/posts\/5755\/revisions\/5757"}],"wp:featuredmedia":[{"embeddable":true,"href":"https:\/\/baraka.cc\/index.php?rest_route=\/wp\/v2\/media\/5756"}],"wp:attachment":[{"href":"https:\/\/baraka.cc\/index.php?rest_route=%2Fwp%2Fv2%2Fmedia&parent=5755"}],"wp:term":[{"taxonomy":"category","embeddable":true,"href":"https:\/\/baraka.cc\/index.php?rest_route=%2Fwp%2Fv2%2Fcategories&post=5755"},{"taxonomy":"post_tag","embeddable":true,"href":"https:\/\/baraka.cc\/index.php?rest_route=%2Fwp%2Fv2%2Ftags&post=5755"}],"curies":[{"name":"wp","href":"https:\/\/api.w.org\/{rel}","templated":true}]}}