{"id":5759,"date":"2018-02-02T16:27:27","date_gmt":"2018-02-02T14:27:27","guid":{"rendered":"https:\/\/baraka.cc\/?p=5759"},"modified":"2018-02-02T16:27:27","modified_gmt":"2018-02-02T14:27:27","slug":"halkimiza-duyuru-tum-sanatcilara-cagri","status":"publish","type":"post","link":"https:\/\/baraka.cc\/?p=5759","title":{"rendered":"HALKIMIZA DUYURU, T\u00dcM SANAT\u00c7ILARA \u00c7A\u011eRI"},"content":{"rendered":"<p>Bizler Baraka K\u00fclt\u00fcr Merkezi M\u00fczik Grubu Sol Anahtar\u0131 olarak, bug\u00fcne kadar \u00fclkemizin neredeyse her k\u00f6\u015fesinde pek\u00e7ok festivalde sahne ald\u0131k. \u00d6zellikle belediyeler taraf\u0131ndan d\u00fczenlenen festivallere gerek belediye gerekse de bu festivaller i\u00e7in gece g\u00fcnd\u00fcz \u00e7al\u0131\u015farak iki kuru\u015f ekmek paras\u0131 kazanma derdinde olan emek\u00e7i insanlar\u0131m\u0131zla dayan\u0131\u015fma maksad\u0131yla <b>tek kuru\u015f para talep etmeden<\/b> ve almadan kat\u0131l\u0131p elimizden geldi\u011fince destek vermeye \u00e7al\u0131\u015ft\u0131k. B\u00fcy\u00fckkonuk Belediyesi taraf\u0131ndan d\u00fczenlenen Eko G\u00fcn festivallerinde de ayn\u0131 duygu ve d\u00fc\u015f\u00fcncelerle bir\u00e7ok kez ve gururla sahne ald\u0131k. Gerek k\u00fclt\u00fcr\u00fcm\u00fcz\u00fcn ya\u015fat\u0131lmas\u0131 gerekse de b\u00f6lge halk\u0131n\u0131n \u00e7ok de\u011ferli el eme\u011fi \u00fcretimlerinin sat\u0131lmas\u0131 i\u00e7in yapt\u0131\u011f\u0131m\u0131z bu dayan\u0131\u015fmadan da her zaman gurur duyduk. Bizler bug\u00fcne kadar, bizim siyasi d\u00fc\u015f\u00fcncelerimizle ve savundu\u011fumuz ideallerle taban tabana z\u0131t pek \u00e7ok belediye ba\u015fkan\u0131n\u0131n organize etti\u011fi festivallere, s\u0131rf oradaki emek\u00e7i karde\u015flerimizin eme\u011fine sayg\u0131s\u0131zl\u0131k etmemek maksad\u0131yla bir\u00e7ok kez icabet ettik.<\/p>\n<p>\u00dclkemizde son d\u00f6nemlerde ya\u015fanan ve kamu vicad\u0131n\u0131n\u0131 derinden yaralayan Afrika gazetesi ve meclis \u00f6n\u00fcndeki fa\u015fizan eylemlere B\u00fcy\u00fckkonuk Belediyesinin verdi\u011fi a\u00e7\u0131k deste\u011fi maalesef \u00fcz\u00fclerek g\u00f6rmekteyiz. Ahmet Sennaro\u011flu ba\u015fkanl\u0131\u011f\u0131ndaki belediyenin bu fa\u015fizan tav\u0131rlar\u0131 sanat\u0131n birle\u015ftirici g\u00fcc\u00fcne inanan, hak ve \u00f6zg\u00fcrl\u00fcklere \u00f6nem veren m\u00fczisyenler olarak bizleri baz\u0131 kararlar almaya itmi\u015ftir. Bizler Sol Anahtar\u0131 m\u00fczik grubu olarak bundan b\u00f6yle <b>B\u00fcy\u00fckkonuk Belediyesinin bu tavr\u0131 de\u011fi\u015fmedi\u011fi s\u00fcrece<\/b> Eko G\u00fcn Festivallerine <b>kat\u0131lmama <\/b>karar\u0131 alm\u0131\u015f bulunmaktay\u0131z. Bu karar\u0131 duyururken, s\u00f6z konusu festival i\u00e7in aylar \u00f6ncesinden gece g\u00fcnd\u00fcz \u00e7al\u0131\u015fan t\u00fcm emek\u00e7i karde\u015flerimizden de \u00f6z\u00fcr diliyoruz. \u0130nsan haklar\u0131na, ifade \u00f6zg\u00fcrl\u00fc\u011f\u00fcne ve t\u00fcm insani de\u011ferlere inanan sanat\u00e7\u0131lar\u0131 da ayn\u0131 tavr\u0131 g\u00f6stermeye \u00e7a\u011f\u0131r\u0131yoruz.<\/p>\n<p>&nbsp;<\/p>\n<p>&nbsp;<\/p>\n","protected":false},"excerpt":{"rendered":"<p>Bizler Baraka K\u00fclt\u00fcr Merkezi M\u00fczik Grubu Sol Anahtar\u0131 olarak, bug\u00fcne kadar \u00fclkemizin neredeyse her k\u00f6\u015fesinde pek\u00e7ok festivalde sahne ald\u0131k. \u00d6zellikle belediyeler taraf\u0131ndan d\u00fczenlenen festivallere gerek<\/p>\n","protected":false},"author":4,"featured_media":5761,"comment_status":"open","ping_status":"open","sticky":false,"template":"","format":"standard","meta":{"jetpack_post_was_ever_published":false,"_jetpack_newsletter_access":"","_jetpack_newsletter_tier_id":0,"jetpack_publicize_message":"","jetpack_is_tweetstorm":false,"jetpack_publicize_feature_enabled":true,"jetpack_social_post_already_shared":true,"jetpack_social_options":{"image_generator_settings":{"template":"highway","enabled":false}}},"categories":[9,1],"tags":[],"jetpack_publicize_connections":[],"jetpack_featured_media_url":"https:\/\/baraka.cc\/wp-content\/uploads\/2018\/02\/buyukk.jpg","jetpack_shortlink":"https:\/\/wp.me\/p4eHWX-1uT","jetpack_sharing_enabled":true,"_links":{"self":[{"href":"https:\/\/baraka.cc\/index.php?rest_route=\/wp\/v2\/posts\/5759"}],"collection":[{"href":"https:\/\/baraka.cc\/index.php?rest_route=\/wp\/v2\/posts"}],"about":[{"href":"https:\/\/baraka.cc\/index.php?rest_route=\/wp\/v2\/types\/post"}],"author":[{"embeddable":true,"href":"https:\/\/baraka.cc\/index.php?rest_route=\/wp\/v2\/users\/4"}],"replies":[{"embeddable":true,"href":"https:\/\/baraka.cc\/index.php?rest_route=%2Fwp%2Fv2%2Fcomments&post=5759"}],"version-history":[{"count":1,"href":"https:\/\/baraka.cc\/index.php?rest_route=\/wp\/v2\/posts\/5759\/revisions"}],"predecessor-version":[{"id":5760,"href":"https:\/\/baraka.cc\/index.php?rest_route=\/wp\/v2\/posts\/5759\/revisions\/5760"}],"wp:featuredmedia":[{"embeddable":true,"href":"https:\/\/baraka.cc\/index.php?rest_route=\/wp\/v2\/media\/5761"}],"wp:attachment":[{"href":"https:\/\/baraka.cc\/index.php?rest_route=%2Fwp%2Fv2%2Fmedia&parent=5759"}],"wp:term":[{"taxonomy":"category","embeddable":true,"href":"https:\/\/baraka.cc\/index.php?rest_route=%2Fwp%2Fv2%2Fcategories&post=5759"},{"taxonomy":"post_tag","embeddable":true,"href":"https:\/\/baraka.cc\/index.php?rest_route=%2Fwp%2Fv2%2Ftags&post=5759"}],"curies":[{"name":"wp","href":"https:\/\/api.w.org\/{rel}","templated":true}]}}