{"id":5767,"date":"2018-02-12T12:17:28","date_gmt":"2018-02-12T10:17:28","guid":{"rendered":"https:\/\/baraka.cc\/?p=5767"},"modified":"2018-02-12T12:17:28","modified_gmt":"2018-02-12T10:17:28","slug":"sokakta-her-seye-aciksiniz-roportaj-ilke-olgun","status":"publish","type":"post","link":"https:\/\/baraka.cc\/?p=5767","title":{"rendered":"\u201cSokakta her \u015feye a\u00e7\u0131ks\u0131n\u0131z\u201d- r\u00f6portaj: \u0130lke Olgun"},"content":{"rendered":"<p><b><i>Hayat\u0131n\u0131, ekme\u011fini tamamen sokaktan kazanan bir emek\u00e7i ile sendikal\u0131 olmaktan sokakta \u00e7al\u0131\u015fman\u0131n zorluklar\u0131na de\u011fin bir\u00e7ok konuyu konu\u015ftuk. Bir taraftan sokakta \u00e7al\u0131\u015fman\u0131n keyfini payla\u015f\u0131rken di\u011fer taraftan kamuya ait bir hizmet olan toplu ta\u015f\u0131man\u0131n \u00f6zelle\u015ftirilmesinin asl\u0131nda toplumun b\u00fct\u00fcn\u00fc yan\u0131nda o hizmette g\u00f6rev yapan emek\u00e7ilerin hayat\u0131n\u0131 da nas\u0131l de\u011fi\u015ftirdi\u011fini hissettik.\u00a0 <\/i><\/b><\/p>\n<p><b><i>\u00a0<a href=\"https:\/\/baraka.cc\/wp-content\/uploads\/2018\/02\/20171204_1405062.jpg\"><img decoding=\"async\" loading=\"lazy\" class=\"size-medium wp-image-5770 alignright\" alt=\"20171204_140506\" src=\"https:\/\/baraka.cc\/wp-content\/uploads\/2018\/02\/20171204_1405062-168x300.jpg\" width=\"168\" height=\"300\" srcset=\"https:\/\/baraka.cc\/wp-content\/uploads\/2018\/02\/20171204_1405062-168x300.jpg 168w, https:\/\/baraka.cc\/wp-content\/uploads\/2018\/02\/20171204_1405062-576x1024.jpg 576w\" sizes=\"(max-width: 168px) 100vw, 168px\" \/><\/a><\/i><\/b><\/p>\n<p><b>\u0130sminiz?<\/b><\/p>\n<p>Okan Mercan Han<\/p>\n<p><b>Ne i\u015f yap\u0131yorsunuz?<\/b><\/p>\n<p>Lefko\u015fa T\u00fcrk Belediyesi\u2019nde Kanalizasyon \u015eubesi\u2019nde, tekniker olarak g\u00f6rev yap\u0131yorum. Yani bizim \u015fubemize ait baz\u0131 b\u00f6l\u00fcmler var, bunlardan biri de kanalizasyon. Mesela evlerin kanalizasyona ba\u011flanmas\u0131, sistemlerinin kontrol\u00fc, bu ba\u011flant\u0131lar\u0131n vatanda\u015fa yerinde g\u00f6sterilmesi, ana kanalizasyon hatlar\u0131n\u0131n bak\u0131m\u0131\u2026<\/p>\n<p><b>Yani diyebiliriz ki s\u00fcrekli sokakta \u00e7al\u0131\u015f\u0131yorsunuz\u2026<\/b><\/p>\n<p>Evet, bizim b\u00fct\u00fcn i\u015fimiz sokaktad\u0131r.<\/p>\n<p><b>Peki hangi tarihten beri g\u00f6rev yap\u0131yorsunuz?<\/b><\/p>\n<p>2003 y\u0131l\u0131ndan beri belediyede \u00e7al\u0131\u015f\u0131yorum. \u0130lk 3 y\u0131l\u0131m belediye otob\u00fcslerini kullanarak ge\u00e7ti. O d\u00f6nemde belediye ba\u015fkan\u0131n\u0131n de\u011fi\u015fmesi ile otob\u00fcslerin durdurulmas\u0131, belediye otob\u00fcslerinin sat\u0131lmas\u0131, bizim ba\u015fka b\u00f6l\u00fcmlere ge\u00e7memize neden oldu. 13 arkada\u015ft\u0131k biz otob\u00fcs s\u00fcren\u2026 Ben tek ba\u015f\u0131ma kanalizasyon \u015fubesine ge\u00e7tim.<\/p>\n<p><b>Belediyeden \u00f6nce ne tip i\u015flerde \u00e7al\u0131\u015ft\u0131n\u0131z?<\/b><\/p>\n<p>Bundan \u00f6nceki i\u015flerim de hep d\u0131\u015far\u0131dayd\u0131.<\/p>\n<p><b>Peki \u015fimdiki \u00e7al\u0131\u015fma ko\u015fullar\u0131n\u0131zdan bahsedebilir misiniz biraz?<\/b><\/p>\n<p>Hafta yedi g\u00fcn yirmi d\u00f6rt saat biz \u00e7al\u0131\u015f\u0131yoruz. Bizim telefonlar\u0131m\u0131z hep on-call\u2019dur. Vatanda\u015f\u0131n \u015fik\u00e2yetleri ve ma\u011fduriyetlerine g\u00f6re \u00e7al\u0131\u015f\u0131yoruz. \u00c7\u00fcnk\u00fc bizim \u00e7al\u0131\u015ft\u0131\u011f\u0131m\u0131z b\u00f6l\u00fcm riskli ve ertelemesi olmayan bir b\u00f6l\u00fcm. Yani hafta sonu, bayram seyran bizim i\u00e7in fark etmiyor. Hava s\u0131cakl\u0131\u011f\u0131, so\u011fuklu\u011fu bizim i\u00e7in fark etmiyor. 50 derecede de 0 derecede de \u00e7al\u0131\u015f\u0131yoruz.<\/p>\n<p><b>\u00c7al\u0131\u015fma ya\u015fam\u0131n\u0131zda kar\u015f\u0131la\u015ft\u0131\u011f\u0131n\u0131z zorluklardan da bahsedebilir misiniz?<\/b><\/p>\n<p>Bizim i\u015fimizle ilgili kar\u015f\u0131la\u015ft\u0131\u011f\u0131m\u0131z bir zorluk yok, al\u0131\u015ft\u0131k art\u0131k. Bizim esas zorlu\u011fumuz d\u0131\u015far\u0131da \u00e7al\u0131\u015f\u0131rken bir sokakta, ana caddede de \u00e7al\u0131\u015ft\u0131\u011f\u0131m\u0131z oluyor mesela, orda bir t\u0131kan\u0131kl\u0131k oldu\u011funda trafi\u011fi de durdurmak zorunda kald\u0131\u011f\u0131m\u0131zda, vatanda\u015f\u0131n bazen bizlere g\u00f6sterdi\u011fi anlay\u0131\u015fs\u0131z tav\u0131rlard\u0131r.<\/p>\n<p><b>Sokakta \u00e7al\u0131\u015fman\u0131n ne gibi zorluklar\u0131 var sizce?<\/b><\/p>\n<p>Bu i\u015fin yaz\u0131 var, k\u0131\u015f\u0131 var. Mesela yolu kesmek i\u00e7in bir bariyer koyars\u0131n\u0131z, adam hi\u00e7 umursamaz basar ge\u00e7er siz de oradas\u0131n\u0131z\u2026 Trafi\u011fin i\u00e7inde hayati tehlikemiz de var. Ayr\u0131ca biz hem sokakta \u00e7al\u0131\u015f\u0131r\u0131z hem de i\u015fimiz gere\u011fi kanalizasyon gaz\u0131n\u0131n i\u00e7inde \u00e7al\u0131\u015f\u0131yoruz. Tabii ki birtak\u0131m \u00f6nlemlerimiz var; maske, k\u0131yafet vb. ama hi\u00e7bir zaman tam olarak yeterli de\u011fildir. Bizim alt\u0131 ayda bir rutin kontrollerimiz vard\u0131r bu i\u015fin riskleri nedeniyle. Bir de i\u015fimiz gere\u011fi yapt\u0131rd\u0131\u011f\u0131m\u0131z a\u015f\u0131lar var.<\/p>\n<p><b>\u0130\u015f kazalar\u0131n\u0131n ve meslek hastal\u0131klar\u0131n\u0131n gittik\u00e7e artt\u0131\u011f\u0131 bir d\u00f6nem i\u00e7erisindeyiz, sizce sokakta \u00e7al\u0131\u015fmak bu riskleri artt\u0131r\u0131yor mu?\u00a0 <\/b><\/p>\n<p>Kesinlikle bir ofiste \u00e7al\u0131\u015fmakla d\u0131\u015far\u0131da sokakta \u00e7al\u0131\u015fman\u0131n riskini k\u0131yaslayamazs\u0131n\u0131z. Sokakta her \u015feye a\u00e7\u0131ks\u0131n\u0131z, dedi\u011fim gibi bunun yaz\u0131 var, k\u0131\u015f\u0131 var. Yazda y\u00fcksek s\u0131cakl\u0131klar alt\u0131nda, k\u0131\u015fta so\u011fukta\u2026 Mesela ge\u00e7mi\u015f y\u0131llarda Lefko\u015fa\u2019da ya\u015fanan sellerde biz \u00e7ok riskli ortamlarda \u00e7al\u0131\u015ft\u0131k.<\/p>\n<p><b>Tercih etme \u015fans\u0131n\u0131z olsa ofiste mi yoksa yine sokakta m\u0131 \u00e7al\u0131\u015fmay\u0131 se\u00e7erdiniz?<\/b><\/p>\n<p>Kesinlikle yine sokakta \u00e7al\u0131\u015fmay\u0131 tercih ederdim. \u00c7\u00fcnk\u00fc ben insanlarla i\u00e7 i\u00e7e olmay\u0131, d\u0131\u015far\u0131da olmay\u0131 seviyorum. Yapt\u0131\u011f\u0131m i\u015fi seviyorum, insanlar\u0131n sorunlar\u0131n\u0131 \u00e7\u00f6zmeyi seviyorum. Emekli olana kadar bu i\u015fi yapmay\u0131 d\u00fc\u015f\u00fcn\u00fcyorum.<\/p>\n<p><b>Sendikal\u0131 m\u0131s\u0131n\u0131z?<\/b><\/p>\n<p>Evet, sendikal\u0131y\u0131m ve sendikal\u0131 olmaktan \u00e7ok memnunum.<\/p>\n<p><b>Peki, sendikal\u0131 olmak size ne kazand\u0131rd\u0131?<\/b><\/p>\n<p>Biliyorsunuz bizim belediyemiz ge\u00e7mi\u015fte bir\u00e7ok badire atlatt\u0131. Biz aylarca \u00f6denmedik sendikam\u0131z bize s\u00fcrekli destek oldu, haklar\u0131m\u0131z\u0131 savundu. Sendika olmasayd\u0131 bug\u00fcn ne halde olurduk bilemiyorum.<\/p>\n<p><b>Sizce \u00f6zel sekt\u00f6rde de sendika olmal\u0131 m\u0131?<\/b><\/p>\n<p>Tabii ki olmal\u0131. Nas\u0131l ki bizim sendikal\u0131 oldu\u011fumuz i\u00e7in bir s\u00fcr\u00fc avantaj\u0131m\u0131z var; mesela hastaneler vs. neden \u00f6zelde \u00e7al\u0131\u015fan insanlar\u0131n da bu avantajlar\u0131 olmas\u0131n? O insanlar\u0131n sorunlar\u0131 yok mu? Bence daha b\u00fcy\u00fck sorunlar\u0131 var, birbirimizi kand\u0131rmayal\u0131m.<\/p>\n<p><strong>\u0130\u015f\u00e7iler olarak i\u015fyerindeki ortak sorunlar kar\u015f\u0131s\u0131nda birlikte hareket edebiliyor musunuz? <\/strong><\/p>\n<p>Evet birlikte hareket ediyoruz.\u00a0 Bir sorun oldu\u011funda i\u015fyeri ile ilgili, konu\u015fulur\u2026 Hemfikir oldu\u011fumuzda da gereken yerlere gereken bilgileri verip ne yap\u0131lmas\u0131 gerekirse onu yap\u0131yoruz. Hakk\u0131m\u0131z\u0131 birlikte ar\u0131yoruz.<\/p>\n<p><b>Te\u015fekk\u00fcrler\u2026<\/b><\/p>\n<p>&nbsp;<\/p>\n","protected":false},"excerpt":{"rendered":"<p>Hayat\u0131n\u0131, ekme\u011fini tamamen sokaktan kazanan bir emek\u00e7i ile sendikal\u0131 olmaktan sokakta \u00e7al\u0131\u015fman\u0131n zorluklar\u0131na de\u011fin bir\u00e7ok konuyu konu\u015ftuk. Bir taraftan sokakta \u00e7al\u0131\u015fman\u0131n keyfini payla\u015f\u0131rken di\u011fer taraftan<\/p>\n","protected":false},"author":7,"featured_media":5770,"comment_status":"open","ping_status":"open","sticky":false,"template":"","format":"standard","meta":{"jetpack_post_was_ever_published":false,"_jetpack_newsletter_access":"","_jetpack_newsletter_tier_id":0,"jetpack_publicize_message":"","jetpack_is_tweetstorm":false,"jetpack_publicize_feature_enabled":true,"jetpack_social_post_already_shared":true,"jetpack_social_options":{"image_generator_settings":{"template":"highway","enabled":false}}},"categories":[40,67,44,9,43,1,39],"tags":[],"jetpack_publicize_connections":[],"jetpack_featured_media_url":"https:\/\/baraka.cc\/wp-content\/uploads\/2018\/02\/20171204_1405062.jpg","jetpack_shortlink":"https:\/\/wp.me\/p4eHWX-1v1","jetpack_sharing_enabled":true,"_links":{"self":[{"href":"https:\/\/baraka.cc\/index.php?rest_route=\/wp\/v2\/posts\/5767"}],"collection":[{"href":"https:\/\/baraka.cc\/index.php?rest_route=\/wp\/v2\/posts"}],"about":[{"href":"https:\/\/baraka.cc\/index.php?rest_route=\/wp\/v2\/types\/post"}],"author":[{"embeddable":true,"href":"https:\/\/baraka.cc\/index.php?rest_route=\/wp\/v2\/users\/7"}],"replies":[{"embeddable":true,"href":"https:\/\/baraka.cc\/index.php?rest_route=%2Fwp%2Fv2%2Fcomments&post=5767"}],"version-history":[{"count":1,"href":"https:\/\/baraka.cc\/index.php?rest_route=\/wp\/v2\/posts\/5767\/revisions"}],"predecessor-version":[{"id":5771,"href":"https:\/\/baraka.cc\/index.php?rest_route=\/wp\/v2\/posts\/5767\/revisions\/5771"}],"wp:featuredmedia":[{"embeddable":true,"href":"https:\/\/baraka.cc\/index.php?rest_route=\/wp\/v2\/media\/5770"}],"wp:attachment":[{"href":"https:\/\/baraka.cc\/index.php?rest_route=%2Fwp%2Fv2%2Fmedia&parent=5767"}],"wp:term":[{"taxonomy":"category","embeddable":true,"href":"https:\/\/baraka.cc\/index.php?rest_route=%2Fwp%2Fv2%2Fcategories&post=5767"},{"taxonomy":"post_tag","embeddable":true,"href":"https:\/\/baraka.cc\/index.php?rest_route=%2Fwp%2Fv2%2Ftags&post=5767"}],"curies":[{"name":"wp","href":"https:\/\/api.w.org\/{rel}","templated":true}]}}