{"id":5777,"date":"2018-02-24T16:25:42","date_gmt":"2018-02-24T14:25:42","guid":{"rendered":"https:\/\/baraka.cc\/?p=5777"},"modified":"2018-02-24T16:25:42","modified_gmt":"2018-02-24T14:25:42","slug":"baraka-halkevleri-savaslarda-evlatlarini-topraga-veren-yoksul-halklarin-orgutudur","status":"publish","type":"post","link":"https:\/\/baraka.cc\/?p=5777","title":{"rendered":"Baraka: Halkevleri, sava\u015flarda evlatlar\u0131n\u0131 topra\u011fa veren yoksul halklar\u0131n \u00f6rg\u00fct\u00fcd\u00fcr"},"content":{"rendered":"<p>Karde\u015f T\u00fcrkiye halklar\u0131n\u0131n \u00f6rg\u00fct\u00fc, yolda\u015f \u00f6rg\u00fct\u00fcm\u00fcz Halkevleri\u2019nin, laiklik, e\u015fitlik, \u00f6zg\u00fcrl\u00fck ve bar\u0131\u015f\u0131 savunan E\u015f Genel Ba\u015fkan\u0131 ve \u00fcyeleri fa\u015fist AKP iktidar\u0131 taraf\u0131ndan g\u00f6zalt\u0131na al\u0131nm\u0131\u015ft\u0131r.<\/p>\n<p>Gericili\u011fe kar\u015f\u0131 laikli\u011fi, kad\u0131n ve \u00e7ocuklara y\u00f6nelik sald\u0131r\u0131lara kar\u015f\u0131 e\u015fitli\u011fi, emek s\u00f6m\u00fcr\u00fcs\u00fcne kar\u015f\u0131 \u00f6zg\u00fcrl\u00fc\u011f\u00fc ve sava\u015fa kar\u015f\u0131 bar\u0131\u015f\u0131 savunan Halkevleri\u2019nin her daim AKP\u2019nin hedefinde olmas\u0131 \u015fa\u015f\u0131rt\u0131c\u0131 de\u011fildir.<\/p>\n<p>Halkevleri, ba\u015flatt\u0131klar\u0131 sava\u015f\u0131 ya\u015fad\u0131klar\u0131 saraylardan izleyenlerin de\u011fil, o sava\u015flarda evlatlar\u0131n\u0131 topra\u011fa veren yoksul halklar\u0131n \u00f6rg\u00fct\u00fcd\u00fcr. Bu nedenle sarayl\u0131lar sava\u015f \u00e7\u0131\u011f\u0131rtkanl\u0131\u011f\u0131 yaparken, Halkevleri bar\u0131\u015f m\u00fccadelesi vermektedir.<\/p>\n<p>Bizler, K\u0131br\u0131s\u2019\u0131n kuzeyinden, Halkevleri \u00f6zelinde karde\u015f T\u00fcrkiye halklar\u0131n\u0131n verdi\u011fi m\u00fccadeleyi selamlarken, fa\u015fizmin tarihte en g\u00fc\u00e7l\u00fc oldu\u011fu zamanlarda dahi bar\u0131\u015f, e\u015fitlik ve karde\u015flik m\u00fccadelesini susturmaya g\u00fcc\u00fcn\u00fcn yetmedi\u011fini AKP iktidar\u0131na hat\u0131rlat\u0131r\u0131z.<\/p>\n<p>Halkevleri memlekettir, memleketi susturamazs\u0131n\u0131z!<\/p>\n<p><strong>Baraka K\u00fclt\u00fcr Merkezi<\/strong><\/p>\n","protected":false},"excerpt":{"rendered":"<p>Karde\u015f T\u00fcrkiye halklar\u0131n\u0131n \u00f6rg\u00fct\u00fc, yolda\u015f \u00f6rg\u00fct\u00fcm\u00fcz Halkevleri\u2019nin, laiklik, e\u015fitlik, \u00f6zg\u00fcrl\u00fck ve bar\u0131\u015f\u0131 savunan E\u015f Genel Ba\u015fkan\u0131 ve \u00fcyeleri fa\u015fist AKP iktidar\u0131 taraf\u0131ndan g\u00f6zalt\u0131na al\u0131nm\u0131\u015ft\u0131r. Gericili\u011fe<\/p>\n","protected":false},"author":11,"featured_media":4737,"comment_status":"open","ping_status":"open","sticky":false,"template":"","format":"standard","meta":{"jetpack_post_was_ever_published":false,"_jetpack_newsletter_access":"","_jetpack_newsletter_tier_id":0,"jetpack_publicize_message":"","jetpack_is_tweetstorm":false,"jetpack_publicize_feature_enabled":true,"jetpack_social_post_already_shared":true,"jetpack_social_options":{"image_generator_settings":{"template":"highway","enabled":false}}},"categories":[41,9,1],"tags":[],"jetpack_publicize_connections":[],"jetpack_featured_media_url":"https:\/\/baraka.cc\/wp-content\/uploads\/2017\/02\/baraka-logo.jpg","jetpack_shortlink":"https:\/\/wp.me\/p4eHWX-1vb","jetpack_sharing_enabled":true,"_links":{"self":[{"href":"https:\/\/baraka.cc\/index.php?rest_route=\/wp\/v2\/posts\/5777"}],"collection":[{"href":"https:\/\/baraka.cc\/index.php?rest_route=\/wp\/v2\/posts"}],"about":[{"href":"https:\/\/baraka.cc\/index.php?rest_route=\/wp\/v2\/types\/post"}],"author":[{"embeddable":true,"href":"https:\/\/baraka.cc\/index.php?rest_route=\/wp\/v2\/users\/11"}],"replies":[{"embeddable":true,"href":"https:\/\/baraka.cc\/index.php?rest_route=%2Fwp%2Fv2%2Fcomments&post=5777"}],"version-history":[{"count":1,"href":"https:\/\/baraka.cc\/index.php?rest_route=\/wp\/v2\/posts\/5777\/revisions"}],"predecessor-version":[{"id":5778,"href":"https:\/\/baraka.cc\/index.php?rest_route=\/wp\/v2\/posts\/5777\/revisions\/5778"}],"wp:featuredmedia":[{"embeddable":true,"href":"https:\/\/baraka.cc\/index.php?rest_route=\/wp\/v2\/media\/4737"}],"wp:attachment":[{"href":"https:\/\/baraka.cc\/index.php?rest_route=%2Fwp%2Fv2%2Fmedia&parent=5777"}],"wp:term":[{"taxonomy":"category","embeddable":true,"href":"https:\/\/baraka.cc\/index.php?rest_route=%2Fwp%2Fv2%2Fcategories&post=5777"},{"taxonomy":"post_tag","embeddable":true,"href":"https:\/\/baraka.cc\/index.php?rest_route=%2Fwp%2Fv2%2Ftags&post=5777"}],"curies":[{"name":"wp","href":"https:\/\/api.w.org\/{rel}","templated":true}]}}