{"id":5809,"date":"2018-03-01T15:30:01","date_gmt":"2018-03-01T13:30:01","guid":{"rendered":"https:\/\/baraka.cc\/?p=5809"},"modified":"2018-03-01T15:30:01","modified_gmt":"2018-03-01T13:30:01","slug":"arap-ahmet-bolgesi-sifa-alcicioglu","status":"publish","type":"post","link":"https:\/\/baraka.cc\/?p=5809","title":{"rendered":"Arap Ahmet B\u00f6lgesi- \u015eifa Al\u00e7\u0131c\u0131o\u011flu"},"content":{"rendered":"<p>Sokak dosyas\u0131yla yola \u00e7\u0131kan Argasdimizde, K\u0131br\u0131s k\u00fclt\u00fcr\u00fc sayfas\u0131nda, tarihi arka plan\u0131yla \u00fclkemizin en g\u00fczel sokaklar\u0131n\u0131 i\u00e7inde bar\u0131nd\u0131ran Arap Ahmet B\u00f6lgesine bir geziye \u00e7\u0131kmaya haz\u0131r m\u0131s\u0131n\u0131z? Argasdi&#8217;ye 5 TL kar\u015f\u0131l\u0131\u011f\u0131nda t\u00fcm bayiilerden, b\u00f6lgenizde bulunan Khora&#8217;lardan ve Baraka K\u00fclt\u00fcr Merkezi&#8217;nden ula\u015fabilirsiniz.<\/p>\n<p><a href=\"https:\/\/baraka.cc\/wp-content\/uploads\/2018\/03\/25465796_10155333476323031_920047857_n.jpg\"><img decoding=\"async\" loading=\"lazy\" class=\"size-medium wp-image-5810 alignright\" alt=\"25465796_10155333476323031_920047857_n\" src=\"https:\/\/baraka.cc\/wp-content\/uploads\/2018\/03\/25465796_10155333476323031_920047857_n-165x300.jpg\" width=\"165\" height=\"300\" srcset=\"https:\/\/baraka.cc\/wp-content\/uploads\/2018\/03\/25465796_10155333476323031_920047857_n-165x300.jpg 165w, https:\/\/baraka.cc\/wp-content\/uploads\/2018\/03\/25465796_10155333476323031_920047857_n.jpg 528w\" sizes=\"(max-width: 165px) 100vw, 165px\" \/><\/a>Sokaklar\u0131 sokak yapan sadece evleri, yollar\u0131 de\u011fil ayn\u0131 zamanda i\u00e7inde ya\u015fayan; a\u011fac\u0131, \u00e7i\u00e7e\u011fi, d\u00fckkanlar\u0131, kedisi, k\u00f6pe\u011fi, insanlar\u0131d\u0131r da\u2026 \u00c7ocuk c\u0131v\u0131lt\u0131s\u0131ndan \u00e7\u0131kan tatl\u0131 g\u00fcr\u00fclt\u00fcyle, kap\u0131 \u00f6n\u00fcnde g\u00fcne\u015fte i\u00e7ilen kahvenin tad\u0131yla, imecenin hayat buldu\u011fu alanlard\u0131r sokaklar\u0131m\u0131z, mahallelerimiz. Baz\u0131 sokaklar ya\u015fayan ki\u015filerin isimlerini al\u0131rlar, baz\u0131lar\u0131 bendine s\u0131\u011fmaz meydanlara d\u00f6n\u00fc\u015f\u00fcr, direni\u015flerde ba\u015frol oynarlar. Kimi ise k\u00f6kl\u00fc bir ge\u00e7mi\u015f bar\u0131nd\u0131r\u0131r her bir dokusunda. T\u0131pk\u0131 bir zamanlar Ermeni n\u00fcfusun \u00e7o\u011funlukla ya\u015fad\u0131\u011f\u0131 piyano ve keman sesleriyle \u015fenlenen, Osmanl\u0131 D\u00f6neminde Baf Soka\u011f\u0131, \u0130ngiliz D\u00f6neminde Viktorya Soka\u011f\u0131 olarak isimlendirilen sokaklar\u0131, konaklar\u0131 ve darac\u0131k yollar\u0131yla Arap Ahmet B\u00f6lgesi gibi\u2026<\/p>\n<p>***<\/p>\n<p>Her ne kadar Osmanl\u0131 D\u00f6nemi\u2019nde \u00f6nemli bir yerle\u015fim yeri olarak ad\u0131ndan s\u00f6z ettirse de ilk bulgular, M.S XIII-XIV. y\u00fczy\u0131lda bu b\u00f6lgede Latinlerin ya\u015fad\u0131\u011f\u0131 y\u00f6n\u00fcndedir. Latinlerin Rahibe Meryem ad\u0131na in\u015fa ettikleri kiliseyle b\u00f6lgede yerle\u015fimin artmas\u0131, kendini geli\u015fen ve b\u00fcy\u00fcyen bir mahalle olarak g\u00f6sterir Orta\u00e7a\u011f Lefko\u015fa\u2019s\u0131nda&#8230; M.S XIII-XV. y\u00fczy\u0131lda Kud\u00fcs, Akka ve Kilikya\u2019dan ka\u00e7arak, buraya g\u00f6\u00e7 etmeye ba\u015flayan Ermeni n\u00fcfusun etkisiyle de b\u00f6lge farkl\u0131 bir k\u00fclt\u00fcrle daha beslenmeye ba\u015flar. 1571\u2019den sonra Osmanl\u0131lar\u0131n ada \u00fczerinde hakimiyet kurmas\u0131n\u0131n ard\u0131ndan, Latinlere ait evlere el konulur ve buraya Osmanl\u0131 n\u00fcfusu ta\u015f\u0131n\u0131r.<\/p>\n<p>Bundan sonra, daha fazla zengin ve n\u00fcfuzlu T\u00fcrklerle, Ermenilerin birlikte ya\u015fad\u0131\u011f\u0131 bir yer olacakt\u0131r Arap Ahmet B\u00f6lgesi. B\u00f6lge, Arap Ahmet ad\u0131n\u0131 da bu d\u00f6nemde al\u0131r. K\u0131br\u0131s\u2019\u0131 al\u0131rken komutan olan bir pa\u015fan\u0131n, yani Arap Ahmet\u2019in ad\u0131 verilir buraya. Pa\u015fan\u0131n, 1584 ile 1587 y\u0131llar\u0131 aras\u0131nda K\u0131br\u0131s\u2019ta Vali olarak g\u00f6rev yapt\u0131\u011f\u0131 da s\u00f6ylenmektedir. B\u00f6lgeye yerle\u015fen T\u00fcrk n\u00fcfusun, \u015fimdiki Mahkemeler binas\u0131 olan Saray\u2019a yani Vali Kona\u011f\u0131\u2019na yak\u0131nl\u0131\u011f\u0131ndan dolay\u0131 bu mahallede oturmay\u0131 tercih etti\u011fi de bilinmektedir. B\u00f6lge, Saray\u00f6n\u00fc\u2019nden Baf Kap\u0131s\u0131\u2019na de\u011fin uzan\u0131r.<\/p>\n<p>***<\/p>\n<p>Ayn\u0131 mahallede bulunan ve Latinlerce XIII. y\u00fczy\u0131lda gotik tarzda in\u015fa edilen kilise, ilk olarak M.S 1116 y\u0131l\u0131nda Kud\u00fcs Kral\u0131 taraf\u0131ndan in\u015fa ettirilir. Adada L\u00fczinyan d\u00f6neminin ba\u015flad\u0131\u011f\u0131 y\u0131llarda kilise kad\u0131nlar\u0131n kulland\u0131\u011f\u0131 bir manast\u0131ra d\u00f6n\u00fc\u015ft\u00fcr\u00fcl\u00fcr. 1303 y\u0131l\u0131nda ya\u015fanan bir depremle \u00e7\u00f6ken bina daha sonra Kral Henry II\u2019nin maddi katk\u0131lar\u0131yla gotik \u00f6\u011felerle yeniden in\u015fa edilir. Ermenilerin XV. y\u00fczy\u0131lda kiliseyi kullanmaya ba\u015flad\u0131klar\u0131 d\u00fc\u015f\u00fcn\u00fclmektedir. Osmanl\u0131\u2019n\u0131n ilk geldi\u011fi y\u0131llarda, kilise tuz deposu olarak kullan\u0131l\u0131r. Bundan rahats\u0131z olan Ermeni n\u00fcfus, padi\u015fah II. Selim\u2019e bir \u015fikayet mektubu yazarak kilisenin kendi kullan\u0131mlar\u0131na verilmesini arz eder ve kilise Ermenilerin kullan\u0131m\u0131na verilir. Farkl\u0131 bir rivayet ise adan\u0131n al\u0131nmas\u0131nda Ermeniler de yard\u0131mc\u0131 olduklar\u0131 i\u00e7in II. Selim taraf\u0131ndan kilisenin kendilerine hediye edildi\u011fi iddias\u0131d\u0131r.<\/p>\n<p>1878\u2019in ard\u0131ndan ada art\u0131k \u0130ngiliz s\u00f6m\u00fcrgesi durumundad\u0131r. 1920\u2019li y\u0131llarda soyk\u0131r\u0131mdan ka\u00e7an Ermeniler de bu g\u00fczel b\u00f6lgeye s\u0131\u011f\u0131nmaya ba\u015flar. T\u00fcrklerin b\u0131rakt\u0131klar\u0131 konaklar\u0131 sat\u0131n alarak k\u00f6t\u00fc durumda olanlar\u0131 y\u0131k\u0131p yeniden evler in\u015fa ederler. B\u00f6lgeye yerle\u015fen Ermenilerin de Ermeni Kilisesiyle Baf Kap\u0131s\u0131 aras\u0131ndaki b\u00f6l\u00fcmde oturdu\u011fu s\u00f6ylenmektedir. Bu y\u00fczden o y\u0131llarda buraya \u201cErmeni Mahallesi\u201d de denmektedir. Bu sokak, b\u00f6lgenin en g\u00fczel soka\u011f\u0131d\u0131r yani, \u015fimdiki \u201c\u015eht Salahi \u015eevket Soka\u011f\u0131\u201d olan Viktorya Soka\u011f\u0131&#8230;<\/p>\n<p>Viktorya Soka\u011f\u0131, ne\u015feli ve kalabal\u0131k g\u00fcnlere 1963\u2019te olaylar\u0131n ba\u015flamas\u0131yla birlikte veda eder. 231 aile evlerini terk etmek zorunda kal\u0131r. Ermenilerin b\u0131rakmak zorunda kald\u0131\u011f\u0131 binalar ise uzun y\u0131llar bak\u0131ms\u0131z kal\u0131r ve sokak barikatlarla kapat\u0131larak b\u00f6l\u00fcnm\u00fc\u015f \u00fclkemin g\u00fczel Lefko\u015fa\u2019s\u0131nda \u0131ss\u0131z bir b\u00f6lgeye d\u00f6n\u00fc\u015f\u00fcr.<\/p>\n<p>Yine ayn\u0131 sokakta bulunan Arap Ahmet K\u00fclt\u00fcr Evi, Bohcaliyan restorant, hemen arka tarafta bulunan Dervi\u015f Pa\u015fa Kona\u011f\u0131 gibi yap\u0131lar sayesinde b\u00f6lgeye ara ara bir canl\u0131l\u0131k gelse de asl\u0131nda buralar\u0131n \u00f6zelle\u015ftirmenin k\u0131skac\u0131na yakalanmak \u00fczere oldu\u011fu s\u00f6ylenebilir. Son y\u0131llarda, kentsel d\u00f6n\u00fc\u015f\u00fcm daha do\u011frusu rantsal d\u00f6n\u00fc\u015f\u00fcm k\u0131l\u0131f\u0131yla Arap Ahmet B\u00f6lgesi k\u00fclt\u00fcrel \u00f6zelliklerinden uzakla\u015ft\u0131r\u0131l\u0131p sermayenin g\u00f6z dikti\u011fi bir yer olarak kar\u015f\u0131m\u0131za \u00e7\u0131k\u0131yor. Girne Amerikan \u00dcniversitesi\u2019nin, Arap Ahmet K\u00fclt\u00fcr Evi, hatta ilkokul dahil bir\u00e7ok yap\u0131y\u0131 sat\u0131n almak istedi\u011fi a\u015fikard\u0131r. \u00d6zellikle Arap Ahmet K\u00fclt\u00fcr Evi y\u0131llarca bir\u00e7ok derne\u011fe salon kullan\u0131m\u0131 a\u00e7\u0131s\u0131ndan \u00fccretsiz bir \u015fekilde ev sahipli\u011fi yapm\u0131\u015ft\u0131r. Ermenilerin de zaman\u0131nda kulland\u0131\u011f\u0131 k\u00fclt\u00fcr sanat mekanlar\u0131ndan birisi olan binan\u0131n restorasyonu AB taraf\u0131ndan yap\u0131ld\u0131ktan sonra, kullan\u0131m\u0131 Lefko\u015fa T\u00fcrk Belediyesi\u2019ne verilmi\u015ftir. \u00d6zelle\u015ftirmenin, g\u00fczelle\u015ftirme olaca\u011f\u0131n\u0131 zanneden ge\u00e7mi\u015f Belediyeler, bir anla\u015fmayla buray\u0131 Girne Amerikan \u00dcniversitesi\u2019ne kiralam\u0131\u015ft\u0131r. Baz\u0131 ko\u015fullarla kullan\u0131m\u0131 Belediyede olan yap\u0131, oray\u0131 y\u0131llard\u0131r kullanan, elinden geldi\u011fince k\u0131r\u0131lan d\u00f6k\u00fclen yerlerini g\u00f6n\u00fcll\u00fc emekle onaran bir\u00e7ok derne\u011fi ve \u00f6zellikle maddi kayg\u0131 g\u00fctmeden oyun sergilemek isteyen tiyatrocular\u0131 gerek manevi gerekse de maddi a\u00e7\u0131dan s\u0131k\u0131nt\u0131ya sokmu\u015ftur.<\/p>\n<p>***<\/p>\n<p>Bu denli k\u00f6kl\u00fc ve \u00e7ok k\u00fclt\u00fcrl\u00fc bir ge\u00e7mi\u015fe sahip olan bir b\u00f6lgeye gerekli \u00f6zen g\u00f6sterilmelidir. G\u00f6renlerde hala hayranl\u0131k uyand\u0131ran, kap\u0131s\u0131nda, duvar\u0131nda ayr\u0131 bir ya\u015fanm\u0131\u015fl\u0131k bar\u0131nd\u0131ran Lefko\u015fa\u2019n\u0131n bu en g\u00fczel b\u00f6lgesini, ne viran halde b\u0131rakmakla ne de sadece \u00f6zelle\u015ftirmekle bir yere varabiliriz. Bu g\u00fczel miras\u0131 yaratanlara, ilk y\u00fczy\u0131llardan beri s\u00fcrekli g\u00f6\u00e7 ettiren kaderlerine inat, hi\u00e7 olmazsa bunu bor\u00e7luyuz.<\/p>\n<p>&nbsp;<\/p>\n<p>Kaynak<\/p>\n<p>http:\/\/www.yeniduzen.com\/lefkosa-arabahmet-mahallesi<\/p>\n<p>http:\/\/www.yeniduzen.com\/kibris-tarihinde-ermeniler<\/p>\n<p>Ha\u015fmet M. G\u00fcrkan, D\u00fcnk\u00fc ve Bug\u00fcnk\u00fc Lefko\u015fa.<\/p>\n","protected":false},"excerpt":{"rendered":"<p>Sokak dosyas\u0131yla yola \u00e7\u0131kan Argasdimizde, K\u0131br\u0131s k\u00fclt\u00fcr\u00fc sayfas\u0131nda, tarihi arka plan\u0131yla \u00fclkemizin en g\u00fczel sokaklar\u0131n\u0131 i\u00e7inde bar\u0131nd\u0131ran Arap Ahmet B\u00f6lgesine bir geziye \u00e7\u0131kmaya haz\u0131r m\u0131s\u0131n\u0131z?<\/p>\n","protected":false},"author":7,"featured_media":5810,"comment_status":"open","ping_status":"open","sticky":false,"template":"","format":"standard","meta":{"jetpack_post_was_ever_published":false,"_jetpack_newsletter_access":"","_jetpack_newsletter_tier_id":0,"jetpack_publicize_message":"","jetpack_is_tweetstorm":false,"jetpack_publicize_feature_enabled":true,"jetpack_social_post_already_shared":true,"jetpack_social_options":{"image_generator_settings":{"template":"highway","enabled":false}}},"categories":[40,67,44,9,1,39],"tags":[],"jetpack_publicize_connections":[],"jetpack_featured_media_url":"https:\/\/baraka.cc\/wp-content\/uploads\/2018\/03\/25465796_10155333476323031_920047857_n.jpg","jetpack_shortlink":"https:\/\/wp.me\/p4eHWX-1vH","jetpack_sharing_enabled":true,"_links":{"self":[{"href":"https:\/\/baraka.cc\/index.php?rest_route=\/wp\/v2\/posts\/5809"}],"collection":[{"href":"https:\/\/baraka.cc\/index.php?rest_route=\/wp\/v2\/posts"}],"about":[{"href":"https:\/\/baraka.cc\/index.php?rest_route=\/wp\/v2\/types\/post"}],"author":[{"embeddable":true,"href":"https:\/\/baraka.cc\/index.php?rest_route=\/wp\/v2\/users\/7"}],"replies":[{"embeddable":true,"href":"https:\/\/baraka.cc\/index.php?rest_route=%2Fwp%2Fv2%2Fcomments&post=5809"}],"version-history":[{"count":1,"href":"https:\/\/baraka.cc\/index.php?rest_route=\/wp\/v2\/posts\/5809\/revisions"}],"predecessor-version":[{"id":5811,"href":"https:\/\/baraka.cc\/index.php?rest_route=\/wp\/v2\/posts\/5809\/revisions\/5811"}],"wp:featuredmedia":[{"embeddable":true,"href":"https:\/\/baraka.cc\/index.php?rest_route=\/wp\/v2\/media\/5810"}],"wp:attachment":[{"href":"https:\/\/baraka.cc\/index.php?rest_route=%2Fwp%2Fv2%2Fmedia&parent=5809"}],"wp:term":[{"taxonomy":"category","embeddable":true,"href":"https:\/\/baraka.cc\/index.php?rest_route=%2Fwp%2Fv2%2Fcategories&post=5809"},{"taxonomy":"post_tag","embeddable":true,"href":"https:\/\/baraka.cc\/index.php?rest_route=%2Fwp%2Fv2%2Ftags&post=5809"}],"curies":[{"name":"wp","href":"https:\/\/api.w.org\/{rel}","templated":true}]}}