{"id":5822,"date":"2018-03-07T11:05:08","date_gmt":"2018-03-07T09:05:08","guid":{"rendered":"https:\/\/baraka.cc\/?p=5822"},"modified":"2018-03-07T11:05:08","modified_gmt":"2018-03-07T09:05:08","slug":"baraka-8-mart-bildirisi-emegime-bedenime-karismak-ne-haddine","status":"publish","type":"post","link":"https:\/\/baraka.cc\/?p=5822","title":{"rendered":"Baraka 8 Mart Bildirisi: Eme\u011fime Bedenime Kar\u0131\u015fmak Ne Haddine!"},"content":{"rendered":"<p>G\u00fcn ge\u00e7miyor ki adam\u0131zda artan muhafazakarla\u015fma y\u00fcz\u00fcnden kad\u0131nlar\u0131 \u00f6l\u00fcm korkusu sarmas\u0131n, kad\u0131nlar taciz\/tecav\u00fcze u\u011framas\u0131n, daha da s\u00f6m\u00fcr\u00fclmesin ve i\u015fkence g\u00f6rmesin.<br \/>\nG\u00fcn ge\u00e7miyor ki kad\u0131nlar, devletin s\u0131\u011f\u0131nma evi yerine sermayeye k\u0131yak ge\u00e7mek i\u00e7in gereksiz \u015feylere b\u00fct\u00e7e ay\u0131rmas\u0131 y\u00fcz\u00fcnden \u00f6l\u00fcm, tehdit, dayak, bask\u0131 ve her t\u00fcrl\u00fc \u015fiddet ile burun buruna ya\u015famas\u0131n.<br \/>\nG\u00fcn ge\u00e7miyor ki i\u015f yerinde maruz kald\u0131\u011f\u0131m\u0131z emek s\u00f6m\u00fcr\u00fcs\u00fcne bir yenisi daha eklenmesin,\u00a0sermaye ile i\u015fbirlik\u00e7i devlet politikalar\u0131yla ma\u011fduriyetler daha da artmas\u0131n. Sendikas\u0131z \u00e7al\u0131\u015ft\u0131\u011f\u0131m\u0131z \u00f6zel sekt\u00f6rde gelece\u011fimiz patronlar\u0131n iki duda\u011f\u0131 aras\u0131nda olmas\u0131n.<br \/>\nG\u00fcn ge\u00e7miyor ki gece kul\u00fcplerinde seks k\u00f6leli\u011finin varl\u0131\u011f\u0131yla k\u0131z karde\u015flerimizin insan haklar\u0131 ihlali devam etmesin ya da \u00f6l\u00fcm haberlerine rastlamayal\u0131m.<br \/>\nG\u00fcn ge\u00e7miyor ki do\u011fam\u0131z talan edilmesin, sava\u015flar\u0131n, diktat\u00f6rlerin, gerici rejimlerin ve erkek egemenli\u011fin bin bir y\u00fcz\u00fc ile tan\u0131\u015fmayal\u0131m.<br \/>\nAma art\u0131k yeter!<\/p>\n<p>Elimiz belimizde 8 Mart\u2019ta sokaklarda hayk\u0131r\u0131yoruz; Eme\u011fime, bedenime kar\u0131\u015fmak ne haddine!<\/p>\n<p>Ge\u00e7en y\u00fcz y\u0131l\u0131n ba\u015flar\u0131nda sosyalist feministlerin bize emanet etti\u011fi e\u015fitlik, \u00f6zg\u00fcrl\u00fck ve insani kurtulu\u015f bayra\u011f\u0131n\u0131 omuzlar\u0131m\u0131zda ta\u015f\u0131yarak, b\u00fct\u00fcn erkek egemen, muhafazakar, i\u015fbirlik\u00e7i, kad\u0131n d\u00fc\u015fman\u0131 su\u00e7 faillerine ve su\u00e7 ortaklar\u0131na sokaklarda meydan okuyal\u0131m. \u00d6nce t\u00fcm kad\u0131nlara, sonra t\u00fcm insanl\u0131\u011fa bu y\u0131l yeniden sesleniyoruz: Kad\u0131nlar fa\u015fizme, gericili\u011fe ve sava\u015flara hay\u0131r diyor!<\/p>\n<p>Kad\u0131nlar\u0131, \u00e7ocuklar\u0131, lgbt bireyleri, bedenlerimizi, zihinlerimizi, \u00fclkemizi ve d\u00fcnyay\u0131 \u00f6zg\u00fcrle\u015ftirmek i\u00e7in m\u00fccadeleye devam ediyoruz. Bu m\u00fccadeleyi b\u00fcy\u00fctmek i\u00e7in sen de 8 Mart Per\u015fembe saat 17.30\u2019da Citroen \u0131\u015f\u0131klar\u0131nda bize kat\u0131l!<\/p>\n<p>&nbsp;<\/p>\n<p>Baraka K\u00fclt\u00fcr Merkezi (a),<\/p>\n<p>Zekiye \u015eent\u00fcrkler<\/p>\n","protected":false},"excerpt":{"rendered":"<p>G\u00fcn ge\u00e7miyor ki adam\u0131zda artan muhafazakarla\u015fma y\u00fcz\u00fcnden kad\u0131nlar\u0131 \u00f6l\u00fcm korkusu sarmas\u0131n, kad\u0131nlar taciz\/tecav\u00fcze u\u011framas\u0131n, daha da s\u00f6m\u00fcr\u00fclmesin ve i\u015fkence g\u00f6rmesin. G\u00fcn ge\u00e7miyor ki kad\u0131nlar, devletin<\/p>\n","protected":false},"author":9,"featured_media":5823,"comment_status":"open","ping_status":"open","sticky":false,"template":"","format":"standard","meta":{"jetpack_post_was_ever_published":false,"_jetpack_newsletter_access":"","_jetpack_newsletter_tier_id":0,"jetpack_publicize_message":"","jetpack_is_tweetstorm":false,"jetpack_publicize_feature_enabled":true,"jetpack_social_post_already_shared":true,"jetpack_social_options":{"image_generator_settings":{"template":"highway","enabled":false}}},"categories":[9,1],"tags":[],"jetpack_publicize_connections":[],"jetpack_featured_media_url":"https:\/\/baraka.cc\/wp-content\/uploads\/2018\/03\/295_18.jpg","jetpack_shortlink":"https:\/\/wp.me\/p4eHWX-1vU","jetpack_sharing_enabled":true,"_links":{"self":[{"href":"https:\/\/baraka.cc\/index.php?rest_route=\/wp\/v2\/posts\/5822"}],"collection":[{"href":"https:\/\/baraka.cc\/index.php?rest_route=\/wp\/v2\/posts"}],"about":[{"href":"https:\/\/baraka.cc\/index.php?rest_route=\/wp\/v2\/types\/post"}],"author":[{"embeddable":true,"href":"https:\/\/baraka.cc\/index.php?rest_route=\/wp\/v2\/users\/9"}],"replies":[{"embeddable":true,"href":"https:\/\/baraka.cc\/index.php?rest_route=%2Fwp%2Fv2%2Fcomments&post=5822"}],"version-history":[{"count":1,"href":"https:\/\/baraka.cc\/index.php?rest_route=\/wp\/v2\/posts\/5822\/revisions"}],"predecessor-version":[{"id":5824,"href":"https:\/\/baraka.cc\/index.php?rest_route=\/wp\/v2\/posts\/5822\/revisions\/5824"}],"wp:featuredmedia":[{"embeddable":true,"href":"https:\/\/baraka.cc\/index.php?rest_route=\/wp\/v2\/media\/5823"}],"wp:attachment":[{"href":"https:\/\/baraka.cc\/index.php?rest_route=%2Fwp%2Fv2%2Fmedia&parent=5822"}],"wp:term":[{"taxonomy":"category","embeddable":true,"href":"https:\/\/baraka.cc\/index.php?rest_route=%2Fwp%2Fv2%2Fcategories&post=5822"},{"taxonomy":"post_tag","embeddable":true,"href":"https:\/\/baraka.cc\/index.php?rest_route=%2Fwp%2Fv2%2Ftags&post=5822"}],"curies":[{"name":"wp","href":"https:\/\/api.w.org\/{rel}","templated":true}]}}