{"id":5868,"date":"2018-03-28T16:47:02","date_gmt":"2018-03-28T14:47:02","guid":{"rendered":"https:\/\/baraka.cc\/?p=5868"},"modified":"2018-03-28T16:47:02","modified_gmt":"2018-03-28T14:47:02","slug":"dunya-tiyatro-gunu-yuruyusune-cagri","status":"publish","type":"post","link":"https:\/\/baraka.cc\/?p=5868","title":{"rendered":"\u201cD\u00fcnya Tiyatro G\u00fcn\u00fc\u201d Y\u00fcr\u00fcy\u00fc\u015f\u00fcne \u00c7a\u011fr\u0131"},"content":{"rendered":"<p><em>Baraka K\u00fclt\u00fcr Merkezi, her y\u0131l ger\u00e7ekle\u015ftirdi\u011fi D\u00fcnya Tiyatro G\u00fcn\u00fc y\u00fcr\u00fcy\u00fc\u015f\u00fcn\u00fc bu y\u0131l da yineliyor. Yap\u0131lan \u00e7a\u011fr\u0131da, t\u00fcm tiyatro severler 31 Mart Cumartesi g\u00fcn\u00fc saat 11.00\u2019da Saray\u00f6n\u00fc\u2019nde bulu\u015fmaya davet edildi. Kost\u00fcm ve aksesuarlarla, Arasta, Bandabuliya ve B\u00fcy\u00fck Han b\u00f6lgesinde ger\u00e7ekle\u015ftirilecek olan \u015fenlikli y\u00fcr\u00fcy\u00fc\u015fte tiyatrolarla ilgili bildiriler da\u011f\u0131t\u0131lacak. Y\u00fcr\u00fcy\u00fc\u015fe, sanat\u0131 soka\u011fa ta\u015f\u0131mak isteyen t\u00fcm tiyatro gruplar\u0131 ve seyirciler davetlidir. <\/em><\/p>\n<p><em>Kost\u00fcm\u00fcn\u00fc, m\u00fczik aletini, maskeni, \u015fapkan\u0131 al. Sen de gel.<\/em><\/p>\n<p><em>Baraka K\u00fclt\u00fcr Merkezi\u2019nin D\u00fcnya Tiyatro G\u00fcn\u00fc mesaj\u0131 ise \u015f\u00f6yle:<\/em><\/p>\n<p><em>\u00a0<\/em><\/p>\n<p align=\"center\"><em><b>HER YIL AYN\u0130 OYUNA GEL\u0130R M\u0130YD\u0130N\u0130Z?<\/b><\/em><\/p>\n<p align=\"center\"><em>\u00a0<\/em><\/p>\n<p><em>Sevgili sanat sever ancak her t\u00fcrl\u00fc imkandan yoksun halk\u0131m, amat\u00f6r ve profesyonel tiyatrocum; pek g\u00fczel de olsa her y\u0131l ayn\u0131 oyunu izler miydiniz? <\/em><em><\/em><\/p>\n<p><em>E\u011fer cevab\u0131n\u0131z hay\u0131r ise; o zaman devlet yetkililerinin bize her 27 Mart D\u00fcnya Tiyatro G\u00fcn\u00fc\u2019nde y\u0131llard\u0131r s\u00fcregelen yalan ve \u00e7irkin oyunlar\u0131na art\u0131k seyirci kalmayal\u0131m.<\/em><\/p>\n<p><em>Devletin sayamad\u0131\u011f\u0131m\u0131z kadar uzun y\u0131llard\u0131r sahnesi yokken, amat\u00f6r tiyatrolar\u0131n sanat yapma u\u011fruna maruz kald\u0131klar\u0131 bak\u0131ms\u0131z\/harabe sahneler hi\u00e7 onar\u0131lmazken, tiyatrolar yerine camiler in\u015fa edilirken, \u00f6zg\u00fcrce sanat \u00fcretilecek yasal d\u00fczenlemeler yap\u0131lmazken, k\u00fclt\u00fcr evleri sermayeye pe\u015fke\u015f \u00e7ekilirken yine ayn\u0131 z\u0131rval\u0131klarla kar\u015f\u0131m\u0131za \u00e7\u0131kacak olan devlet \u201cb\u00fcy\u00fckleri\u201dnin bu \u00e7irkin oyunlar\u0131na bir son verelim.<\/em><\/p>\n<p><em>\u0130nsanl\u0131k tarih boyunca varl\u0131\u011f\u0131n\u0131 s\u00fcrd\u00fcr\u00fcrken \u00e7ok b\u00fcy\u00fck de\u011fi\u015fimlerden ge\u00e7mi\u015ftir. Neredeyse \u0131\u015f\u0131k h\u0131z\u0131yla ya\u015fanan de\u011fi\u015fimlerin i\u00e7inde de\u011fi\u015fmeden kalan \u00e7ok az \u015feyden birisidir tiyatro! <\/em><\/p>\n<p><em>\u0130nsan\u0131n, daha g\u00fczel ve ya\u015fan\u0131l\u0131r bir d\u00fcnya kurmas\u0131 i\u00e7in \u00e7abalayan tiyatro; ba\u015fka bir d\u00fcnyan\u0131n m\u00fcmk\u00fcn oldu\u011fu bilinciyle, oyunlar\u0131n\u0131 \u00f6zg\u00fcrl\u00fck \u00e7\u0131\u011fl\u0131klar\u0131yla, yeniden ve yeniden her \u015feye ra\u011fmen \u00fcretmektedir.<\/em><\/p>\n<p><em>Sanat; ya\u015fam\u0131 g\u00fczelle\u015ftirmek, derinle\u015ftirmek ve onu geni\u015f halk kitlelerinin be\u011fenisine sunmak amac\u0131yla gerek sahnede gerek sokakta varl\u0131\u011f\u0131n\u0131 s\u00fcrd\u00fcrmekte hatta her ge\u00e7en g\u00fcn sa\u011flamla\u015ft\u0131rmaktad\u0131r.<\/em><\/p>\n<p><em>Tiyatronun ve tiyatrocunun tavr\u0131; d\u00fcnyada \u00f6rg\u00fctlenmi\u015f t\u00fcm k\u00f6t\u00fcl\u00fcklerin kar\u015f\u0131s\u0131nda durmakt\u0131r.<\/em><\/p>\n<p><em>Tiyatro ki; \u00d6zg\u00fcrl\u00fcklerin evinde oturan\u2026 Ya\u015fama tan\u0131kl\u0131k eden\u2026 Onu de\u011fi\u015ftirip d\u00f6n\u00fc\u015ft\u00fcrendir.<\/em><\/p>\n<p><em>Tiyatro; E\u015fitsizli\u011fin \u00fcst\u00fcne giden\u2026 \u00d6zg\u00fcr ve \u00f6zerk olan\u2026 De\u011fi\u015ftirdik\u00e7e, kendi de de\u011fi\u015fen ve geli\u015fendir.<\/em><\/p>\n<p><em>K\u0131saca tiyatro, insanlar\u0131 bir arada tutman\u0131n en i\u00e7ten, en yal\u0131n ve en EVRENSEL ARACIYKEN\u2026 \u0130nand\u0131\u011f\u0131m\u0131z ve savundu\u011fumuz de\u011ferlerin en ETK\u0130L\u0130 KONU\u015eMACISIYKEN\u2026 \u0130nsanl\u0131k tarihinin yakla\u015f\u0131k 2500 y\u0131ll\u0131k H\u0130KAYE ANLATICISIYKEN\u2026 Bu de\u011feri ayaklar alt\u0131na al\u0131p asl\u0131nda \u00e7ok sanatsevermi\u015f gibi davranan yalanc\u0131lara kar\u015f\u0131 hayk\u0131ral\u0131m;<\/em><\/p>\n<p><em>Ya\u015fas\u0131n tiyatro! Ya\u015fas\u0131n \u0130nsan!<\/em><\/p>\n<p><em>T\u00fcm tiyatro emek\u00e7ilerinin ve seyircilerinin 27 Mart D\u00fcnya Tiyatro G\u00fcn\u00fc kutlu olsun.<\/em><\/p>\n<p><em><\/em><a href=\"https:\/\/baraka.cc\/wp-content\/uploads\/2018\/03\/IMG_5046.jpg\"><img decoding=\"async\" loading=\"lazy\" class=\"alignnone size-medium wp-image-5869\" alt=\"IMG_5046\" src=\"https:\/\/baraka.cc\/wp-content\/uploads\/2018\/03\/IMG_5046-300x225.jpg\" width=\"300\" height=\"225\" srcset=\"https:\/\/baraka.cc\/wp-content\/uploads\/2018\/03\/IMG_5046-300x225.jpg 300w, https:\/\/baraka.cc\/wp-content\/uploads\/2018\/03\/IMG_5046-1024x768.jpg 1024w\" sizes=\"(max-width: 300px) 100vw, 300px\" \/><\/a><\/p>\n","protected":false},"excerpt":{"rendered":"<p>Baraka K\u00fclt\u00fcr Merkezi, her y\u0131l ger\u00e7ekle\u015ftirdi\u011fi D\u00fcnya Tiyatro G\u00fcn\u00fc y\u00fcr\u00fcy\u00fc\u015f\u00fcn\u00fc bu y\u0131l da yineliyor. Yap\u0131lan \u00e7a\u011fr\u0131da, t\u00fcm tiyatro severler 31 Mart Cumartesi g\u00fcn\u00fc saat 11.00\u2019da<\/p>\n","protected":false},"author":10,"featured_media":5870,"comment_status":"open","ping_status":"open","sticky":false,"template":"","format":"standard","meta":{"jetpack_post_was_ever_published":false,"_jetpack_newsletter_access":"","_jetpack_newsletter_tier_id":0,"jetpack_publicize_message":"","jetpack_is_tweetstorm":false,"jetpack_publicize_feature_enabled":true,"jetpack_social_post_already_shared":true,"jetpack_social_options":{"image_generator_settings":{"template":"highway","enabled":false}}},"categories":[70,21,41,38,63,46,45,9,1],"tags":[],"jetpack_publicize_connections":[],"jetpack_featured_media_url":"https:\/\/baraka.cc\/wp-content\/uploads\/2018\/03\/18789.jpg","jetpack_shortlink":"https:\/\/wp.me\/p4eHWX-1wE","jetpack_sharing_enabled":true,"_links":{"self":[{"href":"https:\/\/baraka.cc\/index.php?rest_route=\/wp\/v2\/posts\/5868"}],"collection":[{"href":"https:\/\/baraka.cc\/index.php?rest_route=\/wp\/v2\/posts"}],"about":[{"href":"https:\/\/baraka.cc\/index.php?rest_route=\/wp\/v2\/types\/post"}],"author":[{"embeddable":true,"href":"https:\/\/baraka.cc\/index.php?rest_route=\/wp\/v2\/users\/10"}],"replies":[{"embeddable":true,"href":"https:\/\/baraka.cc\/index.php?rest_route=%2Fwp%2Fv2%2Fcomments&post=5868"}],"version-history":[{"count":2,"href":"https:\/\/baraka.cc\/index.php?rest_route=\/wp\/v2\/posts\/5868\/revisions"}],"predecessor-version":[{"id":5872,"href":"https:\/\/baraka.cc\/index.php?rest_route=\/wp\/v2\/posts\/5868\/revisions\/5872"}],"wp:featuredmedia":[{"embeddable":true,"href":"https:\/\/baraka.cc\/index.php?rest_route=\/wp\/v2\/media\/5870"}],"wp:attachment":[{"href":"https:\/\/baraka.cc\/index.php?rest_route=%2Fwp%2Fv2%2Fmedia&parent=5868"}],"wp:term":[{"taxonomy":"category","embeddable":true,"href":"https:\/\/baraka.cc\/index.php?rest_route=%2Fwp%2Fv2%2Fcategories&post=5868"},{"taxonomy":"post_tag","embeddable":true,"href":"https:\/\/baraka.cc\/index.php?rest_route=%2Fwp%2Fv2%2Ftags&post=5868"}],"curies":[{"name":"wp","href":"https:\/\/api.w.org\/{rel}","templated":true}]}}