{"id":5895,"date":"2018-04-05T11:56:45","date_gmt":"2018-04-05T09:56:45","guid":{"rendered":"https:\/\/baraka.cc\/?p=5895"},"modified":"2018-04-05T11:56:45","modified_gmt":"2018-04-05T09:56:45","slug":"baraka-kultur-merkezinden-basin-bildirisi-akkuyuda-nukleer-varsa-iyi-komsuluk-yoktur","status":"publish","type":"post","link":"https:\/\/baraka.cc\/?p=5895","title":{"rendered":"Baraka K\u00fclt\u00fcr Merkezi&#8217;nden Bas\u0131n Bildirisi:  Akkuyu&#8217;da N\u00fckleer Varsa \u0130yi Kom\u015fuluk Yoktur"},"content":{"rendered":"<p style=\"text-align: center;\"><a href=\"https:\/\/baraka.cc\/wp-content\/uploads\/2018\/04\/n\u00fck1.jpg\"><img decoding=\"async\" loading=\"lazy\" class=\"alignnone size-medium wp-image-5896\" alt=\"n\u00fck1\" src=\"https:\/\/baraka.cc\/wp-content\/uploads\/2018\/04\/n\u00fck1-300x198.jpg\" width=\"300\" height=\"198\" srcset=\"https:\/\/baraka.cc\/wp-content\/uploads\/2018\/04\/n\u00fck1-300x198.jpg 300w, https:\/\/baraka.cc\/wp-content\/uploads\/2018\/04\/n\u00fck1-1024x678.jpg 1024w\" sizes=\"(max-width: 300px) 100vw, 300px\" \/><\/a><\/p>\n<p>T\u00fcrkiye ve K\u0131br\u0131s halklar\u0131n\u0131n y\u0131llard\u0131r s\u00fcren m\u00fccadelesine, kazan\u0131lan davalara, ortaya \u00e7\u0131kan usuls\u00fczl\u00fcklere, bilim insanlar\u0131n\u0131n ciddi uyar\u0131lar\u0131na ra\u011fmen Mersin Akkuyu&#8217;da yap\u0131lmas\u0131 planlanan n\u00fckleer g\u00fc\u00e7 santralinin temeli yeniden at\u0131ld\u0131. T\u00fcrkiye&#8217;deki, insan haklar\u0131 ve benzeri ba\u015fka konularda oldu\u011fu gibi \u00e7evre hakk\u0131 konusunda da demokratik ilkelerden uzakla\u015fan, halk\u0131n\u0131n sa\u011fl\u0131\u011f\u0131n\u0131 ve gelece\u011fini hi\u00e7e sayan, g\u00fczelim topraklar\u0131n\u0131 n\u00fckleer tehdidi ile kirleten bask\u0131c\u0131 y\u00f6netim, bu yanl\u0131\u015f karar\u0131nda \u0131srarc\u0131.<\/p>\n<p>\u00dclkemizde &#8220;N\u00fckleere Hay\u0131r Platformu&#8221;nda birle\u015fen onlarca \u00f6rg\u00fct ve binlerce ki\u015finin imzalar\u0131 ve eylemleri ile n\u00fckleere kar\u015f\u0131 oldu\u011fumuzu defalarca vurgulam\u0131\u015ft\u0131k. Sadece 90km mesafemizde ve hatta deprem riski olan bir b\u00f6lgede kurulacak bir n\u00fckleer santralin, adam\u0131zdaki t\u00fcm ya\u015fam\u0131 ve gelecek nesilleri \u00f6nemli \u00f6l\u00e7\u00fcde etkileyece\u011fi a\u015fikard\u0131r. \u00c7evre m\u00fchendisleri r\u00fczg\u00e2r ak\u0131mlar\u0131na ve meteorolojik verilere dayanarak yapt\u0131klar\u0131 bilimsel ara\u015ft\u0131rma sonucunda, olas\u0131 bir kazan\u0131n ilk \u00f6nce ve yo\u011funluklu olarak K\u0131br\u0131s\u2019\u0131 etkileyece\u011fini s\u00f6ylemektedir. Herhangi bir kaza olmasa bile Akdeniz&#8217;in su s\u0131cakl\u0131\u011f\u0131n\u0131n n\u00fckleer santrale uygun olmad\u0131\u011f\u0131, denizdeki t\u00fcm ekosistemlerin olumsuz etkilenece\u011fi de bilinmektedir.<\/p>\n<p style=\"text-align: center;\"><a href=\"https:\/\/baraka.cc\/wp-content\/uploads\/2018\/04\/DSC_6726.jpg\"><img decoding=\"async\" loading=\"lazy\" class=\"alignnone size-medium wp-image-5897\" alt=\"DSC_6726\" src=\"https:\/\/baraka.cc\/wp-content\/uploads\/2018\/04\/DSC_6726-300x198.jpg\" width=\"300\" height=\"198\" srcset=\"https:\/\/baraka.cc\/wp-content\/uploads\/2018\/04\/DSC_6726-300x198.jpg 300w, https:\/\/baraka.cc\/wp-content\/uploads\/2018\/04\/DSC_6726-1024x678.jpg 1024w\" sizes=\"(max-width: 300px) 100vw, 300px\" \/><\/a><\/p>\n<p>\u00c7evrenin korunmas\u0131na ili\u015fkin uluslararas\u0131 hukuk kurallar\u0131n\u0131n en \u00f6nemlilerinden biri, &#8220;ciddi nitelikteki s\u0131n\u0131r a\u015fan \u00e7evresel kirliliklere neden olma yasa\u011f\u0131&#8221;d\u0131r. Bu yasa\u011f\u0131n\u0131n \u00e7\u0131k\u0131\u015f noktas\u0131n\u0131 ise uluslararas\u0131 hukukta kabul edilen &#8220;iyi kom\u015fuluk ilkesi&#8221; olu\u015fturmaktad\u0131r. \u0130yi kom\u015fuluk ilkesinin bir gere\u011fi olarak devletler, ba\u015fka bir devletin \u00fclkesinde ciddi nitelikte \u00e7evresel zararlar ortaya \u00e7\u0131karma ihtimali bulunan faaliyetleri ger\u00e7ekle\u015ftirmemeli, te\u015fvik etmemeli ve bunlara izin vermekten ka\u00e7\u0131nmal\u0131d\u0131r.<\/p>\n<p>Dolay\u0131s\u0131yla h\u00fck\u00fcmetimizden talebimiz; bir an \u00f6nce T\u00fcrkiye devletinin yetkililerinden, bu uluslararas\u0131 hukuk ilkesine uygun davranmas\u0131n\u0131 ve Akkuyu&#8217;da yap\u0131lacak n\u00fckleer santral projesini derhal iptal etmesini istemesidir. Aksi halde her t\u00fcrl\u00fc ekonomik ve politik ili\u015fkiden \u00f6nemli olan insan sa\u011fl\u0131\u011f\u0131 yok say\u0131laca\u011f\u0131ndan &#8220;iyi kom\u015fuluk&#8221; ili\u015fkilerinden s\u00f6z etmek de m\u00fcmk\u00fcn olmayacakt\u0131r.<\/p>\n<p>&nbsp;<\/p>\n","protected":false},"excerpt":{"rendered":"<p>T\u00fcrkiye ve K\u0131br\u0131s halklar\u0131n\u0131n y\u0131llard\u0131r s\u00fcren m\u00fccadelesine, kazan\u0131lan davalara, ortaya \u00e7\u0131kan usuls\u00fczl\u00fcklere, bilim insanlar\u0131n\u0131n ciddi uyar\u0131lar\u0131na ra\u011fmen Mersin Akkuyu&#8217;da yap\u0131lmas\u0131 planlanan n\u00fckleer g\u00fc\u00e7 santralinin temeli<\/p>\n","protected":false},"author":3,"featured_media":5896,"comment_status":"open","ping_status":"open","sticky":false,"template":"","format":"standard","meta":{"jetpack_post_was_ever_published":false,"_jetpack_newsletter_access":"","_jetpack_newsletter_tier_id":0,"jetpack_publicize_message":"","jetpack_is_tweetstorm":false,"jetpack_publicize_feature_enabled":true,"jetpack_social_post_already_shared":true,"jetpack_social_options":{"image_generator_settings":{"template":"highway","enabled":false}}},"categories":[41,38,9,1],"tags":[],"jetpack_publicize_connections":[],"jetpack_featured_media_url":"https:\/\/baraka.cc\/wp-content\/uploads\/2018\/04\/n\u00fck1.jpg","jetpack_shortlink":"https:\/\/wp.me\/p4eHWX-1x5","jetpack_sharing_enabled":true,"_links":{"self":[{"href":"https:\/\/baraka.cc\/index.php?rest_route=\/wp\/v2\/posts\/5895"}],"collection":[{"href":"https:\/\/baraka.cc\/index.php?rest_route=\/wp\/v2\/posts"}],"about":[{"href":"https:\/\/baraka.cc\/index.php?rest_route=\/wp\/v2\/types\/post"}],"author":[{"embeddable":true,"href":"https:\/\/baraka.cc\/index.php?rest_route=\/wp\/v2\/users\/3"}],"replies":[{"embeddable":true,"href":"https:\/\/baraka.cc\/index.php?rest_route=%2Fwp%2Fv2%2Fcomments&post=5895"}],"version-history":[{"count":1,"href":"https:\/\/baraka.cc\/index.php?rest_route=\/wp\/v2\/posts\/5895\/revisions"}],"predecessor-version":[{"id":5898,"href":"https:\/\/baraka.cc\/index.php?rest_route=\/wp\/v2\/posts\/5895\/revisions\/5898"}],"wp:featuredmedia":[{"embeddable":true,"href":"https:\/\/baraka.cc\/index.php?rest_route=\/wp\/v2\/media\/5896"}],"wp:attachment":[{"href":"https:\/\/baraka.cc\/index.php?rest_route=%2Fwp%2Fv2%2Fmedia&parent=5895"}],"wp:term":[{"taxonomy":"category","embeddable":true,"href":"https:\/\/baraka.cc\/index.php?rest_route=%2Fwp%2Fv2%2Fcategories&post=5895"},{"taxonomy":"post_tag","embeddable":true,"href":"https:\/\/baraka.cc\/index.php?rest_route=%2Fwp%2Fv2%2Ftags&post=5895"}],"curies":[{"name":"wp","href":"https:\/\/api.w.org\/{rel}","templated":true}]}}