{"id":5899,"date":"2018-04-06T14:54:17","date_gmt":"2018-04-06T12:54:17","guid":{"rendered":"https:\/\/baraka.cc\/?p=5899"},"modified":"2018-04-06T14:54:17","modified_gmt":"2018-04-06T12:54:17","slug":"baraka-ve-bagimsizlik-yolu-eylem-hakki-akp-temsilcilikleri-ve-gece-kulupleri-konusunda-icisleri-bakani-ile-gorustu","status":"publish","type":"post","link":"https:\/\/baraka.cc\/?p=5899","title":{"rendered":"Baraka ve Ba\u011f\u0131ms\u0131zl\u0131k Yolu Eylem Hakk\u0131, AKP Temsilcilikleri ve Gece Kul\u00fcpleri Konusunda \u0130\u00e7i\u015fleri Bakan\u0131 ile G\u00f6r\u00fc\u015ft\u00fc"},"content":{"rendered":"<p align=\"center\">\n<p style=\"text-align: center;\">\u00a0<a href=\"https:\/\/baraka.cc\/wp-content\/uploads\/2018\/04\/1.jpg\"><img decoding=\"async\" loading=\"lazy\" class=\"alignnone size-medium wp-image-5900\" alt=\"1\" src=\"https:\/\/baraka.cc\/wp-content\/uploads\/2018\/04\/1-300x167.jpg\" width=\"300\" height=\"167\" srcset=\"https:\/\/baraka.cc\/wp-content\/uploads\/2018\/04\/1-300x167.jpg 300w, https:\/\/baraka.cc\/wp-content\/uploads\/2018\/04\/1-1024x572.jpg 1024w, https:\/\/baraka.cc\/wp-content\/uploads\/2018\/04\/1.jpg 2048w\" sizes=\"(max-width: 300px) 100vw, 300px\" \/><\/a><\/p>\n<p>Baraka K\u00fclt\u00fcr Merkezi ve Ba\u011f\u0131ms\u0131zl\u0131k Yolu\u2019ndan\u00a0 bir heyet, bug\u00fcn \u0130\u00e7i\u015fleri Bakan\u0131 Ay\u015feg\u00fcl Baybars ile g\u00f6r\u00fc\u015ferek Anayasa kar\u015f\u0131s\u0131nda bir anlam\u0131 kalmayan \u0130ngiliz S\u00f6m\u00fcrge D\u00f6nemi kal\u0131nt\u0131s\u0131 Fas\u0131l 32 Toplant\u0131 ve G\u00f6steri Y\u00fcr\u00fcy\u00fc\u015fleri Yasas\u0131\u2019n\u0131n y\u00fcr\u00fcrl\u00fckten kald\u0131r\u0131lmas\u0131 i\u00e7in haz\u0131rlad\u0131klar\u0131 yasa tasar\u0131s\u0131n\u0131, AKP ad\u0131na \u00fclkemizde a\u00e7\u0131lan temsilciliklerin yasal stat\u00fcs\u00fcn\u00fc ve gece kul\u00fcpleri ile ilgili konular\u0131 ele ald\u0131.<\/p>\n<p><b>Fas\u0131l 32 Yasas\u0131 Anayasaya Ayk\u0131r\u0131<\/b><\/p>\n<p>G\u00f6r\u00fc\u015fmede ilk olarak Anayasal bir hak olan toplant\u0131 ve g\u00f6steri y\u00fcr\u00fcy\u00fc\u015f\u00fc d\u00fczenleme hakk\u0131n\u0131n,\u00a0 art\u0131k ge\u00e7erlili\u011fi kalmam\u0131\u015f Fas\u0131l 32 Toplant\u0131 ve G\u00f6steri Y\u00fcr\u00fcy\u00fc\u015fleri Yasas\u0131 nedeniyle yanl\u0131\u015f yorumlanarak Kaymakaml\u0131k iznine ve Kaymakaml\u0131klar\u0131n belirleyece\u011fi ko\u015fullara ba\u011fl\u0131ym\u0131\u015f gibi de\u011ferlendiriliyor olmas\u0131 konusu ele al\u0131nd\u0131. \u00d6rg\u00fctler bu yasan\u0131n Anayasa\u2019ya ayk\u0131r\u0131l\u0131k te\u015fkil etti\u011fini belirterek, uygulanamaz oldu\u011funun mahkeme kararlar\u0131 ile de vurguland\u0131\u011f\u0131n\u0131 an\u0131msatt\u0131lar. Bu \u00e7er\u00e7evede Lefko\u015fa d\u0131\u015f\u0131 b\u00f6lgelerde polis ve kaymakaml\u0131klar taraf\u0131ndan zaman zaman ortaya konan ve Anayasal haklarla insan haklar\u0131 ihlali kategorisine giren pratiklerin \u00f6n\u00fcne ge\u00e7mek i\u00e7in haz\u0131rlam\u0131\u015f olduklar\u0131 yasa tasar\u0131s\u0131 hakk\u0131nda bakana bilgi verdiler. Baraka ve Ba\u011f\u0131ms\u0131zl\u0131k yolu temsilcileri taraf\u0131ndan yasa de\u011fi\u015fiklik \u00f6nerisi y\u00fcr\u00fcrl\u00fc\u011fe girene kadar Bakanl\u0131k taraf\u0131ndan al\u0131nabilecek \u00f6nlemler konusunda da \u00f6neriden bulunuldu.<\/p>\n<p><b>Yabanc\u0131 Bir Siyasi Parti Olan AKP\u2019nin Temsilcili\u011fi Sak\u0131ncal\u0131<\/b><\/p>\n<p>G\u00f6r\u00fc\u015fmede daha sonra bir s\u00fcredir kamuoyunu me\u015fgul eden ve Ba\u011f\u0131ms\u0131zl\u0131k Yolu taraf\u0131ndan Bilgi Edinme Hakk\u0131 kapsam\u0131nda \u0130\u00e7i\u015fleri Bakanl\u0131\u011f\u0131&#8217;na yap\u0131lan ba\u015fvuru ile sorgulanan AKP Temsilcilikleri konusu ele al\u0131nd\u0131. AKP Temsilcili\u011fi ad\u0131 alt\u0131nda, hi\u00e7bir yasal d\u00fczenlemeye tabi olmadan y\u00fcr\u00fct\u00fclen faaliyetlere dair Bakanl\u0131k yan\u0131t\u0131nda s\u00f6z\u00fc edilen yasal d\u00fczenlemenin i\u00e7eri\u011fine dair bilgi al\u0131nd\u0131 ve g\u00f6r\u00fc\u015f al\u0131\u015f veri\u015finde bulunuldu. AKP ad\u0131na a\u00e7\u0131lan temsilciliklerin \u00fclkemizde hi\u00e7bir yasal mevzuata uymad\u0131\u011f\u0131n\u0131 belirten \u00f6rg\u00fctler, bu duruma sebebiyet veren ve bakanl\u0131\u011f\u0131n Bilgi Edinme Yasas\u0131 uyar\u0131nca yap\u0131lan ba\u015fvuruya yazm\u0131\u015f oldu\u011fu cevapta s\u00f6z\u00fc ge\u00e7en yasal bo\u015flu\u011fun d\u00fcnyadaki di\u011fer siyasal partilerin de \u00fclkemizde nas\u0131l denetlenece\u011fi ve ko\u015fullar\u0131 belli olmaks\u0131z\u0131n \u00fclkemizde faaliyet y\u00fcr\u00fctebilece\u011finin belirtti. \u00d6rg\u00fctler, yabanc\u0131 bir siyasi parti olarak AKP&#8217;nin \u00fclkemizde s\u00fcreklilik i\u00e7eren kal\u0131c\u0131 bir temsilcili\u011finin \u00fclkemiz siyasi k\u00fclt\u00fcr\u00fc a\u00e7\u0131s\u0131ndan sak\u0131ncalar\u0131n\u0131 da vurgulad\u0131.<\/p>\n<p><b>\u00d6rg\u00fctlerden Gece Kul\u00fcpleri Kapat\u0131ls\u0131n Israr\u0131<\/b><\/p>\n<p>G\u00f6r\u00fc\u015fmede son olarak gece kul\u00fcpleri konusu ele al\u0131nd\u0131. \u0130\u00e7i\u015fleri Bakan\u0131 bakanl\u0131\u011f\u0131n izleyece\u011fi yolun belirlenebilmesi ad\u0131na yap\u0131lacak olan Gece Kul\u00fcpleri \u00c7al\u0131\u015ftay\u0131 hakk\u0131nda bilgi verdi. \u00d6rg\u00fctler ise \u00fclkemizde seks k\u00f6leli\u011fi oldu\u011funu vurgulayarak, gece kul\u00fcplerinin kapat\u0131lmas\u0131 gerekti\u011fini belirtti. Mevcut ko\u015fullarda yap\u0131labilecek pratik \u00f6neriler \u00fczerine de konu\u015fularak g\u00f6r\u00fc\u015fme sonland\u0131r\u0131ld\u0131.<\/p>\n<p><b>Haber: ankaradegillefkosa.org<\/b><\/p>\n<p>&nbsp;<\/p>\n","protected":false},"excerpt":{"rendered":"<p>\u00a0 Baraka K\u00fclt\u00fcr Merkezi ve Ba\u011f\u0131ms\u0131zl\u0131k Yolu\u2019ndan\u00a0 bir heyet, bug\u00fcn \u0130\u00e7i\u015fleri Bakan\u0131 Ay\u015feg\u00fcl Baybars ile g\u00f6r\u00fc\u015ferek Anayasa kar\u015f\u0131s\u0131nda bir anlam\u0131 kalmayan \u0130ngiliz S\u00f6m\u00fcrge D\u00f6nemi kal\u0131nt\u0131s\u0131<\/p>\n","protected":false},"author":3,"featured_media":5900,"comment_status":"open","ping_status":"open","sticky":false,"template":"","format":"standard","meta":{"jetpack_post_was_ever_published":false,"_jetpack_newsletter_access":"","_jetpack_newsletter_tier_id":0,"jetpack_publicize_message":"","jetpack_is_tweetstorm":false,"jetpack_publicize_feature_enabled":true,"jetpack_social_post_already_shared":true,"jetpack_social_options":{"image_generator_settings":{"template":"highway","enabled":false}}},"categories":[9,1],"tags":[],"jetpack_publicize_connections":[],"jetpack_featured_media_url":"https:\/\/baraka.cc\/wp-content\/uploads\/2018\/04\/1.jpg","jetpack_shortlink":"https:\/\/wp.me\/p4eHWX-1x9","jetpack_sharing_enabled":true,"_links":{"self":[{"href":"https:\/\/baraka.cc\/index.php?rest_route=\/wp\/v2\/posts\/5899"}],"collection":[{"href":"https:\/\/baraka.cc\/index.php?rest_route=\/wp\/v2\/posts"}],"about":[{"href":"https:\/\/baraka.cc\/index.php?rest_route=\/wp\/v2\/types\/post"}],"author":[{"embeddable":true,"href":"https:\/\/baraka.cc\/index.php?rest_route=\/wp\/v2\/users\/3"}],"replies":[{"embeddable":true,"href":"https:\/\/baraka.cc\/index.php?rest_route=%2Fwp%2Fv2%2Fcomments&post=5899"}],"version-history":[{"count":2,"href":"https:\/\/baraka.cc\/index.php?rest_route=\/wp\/v2\/posts\/5899\/revisions"}],"predecessor-version":[{"id":5902,"href":"https:\/\/baraka.cc\/index.php?rest_route=\/wp\/v2\/posts\/5899\/revisions\/5902"}],"wp:featuredmedia":[{"embeddable":true,"href":"https:\/\/baraka.cc\/index.php?rest_route=\/wp\/v2\/media\/5900"}],"wp:attachment":[{"href":"https:\/\/baraka.cc\/index.php?rest_route=%2Fwp%2Fv2%2Fmedia&parent=5899"}],"wp:term":[{"taxonomy":"category","embeddable":true,"href":"https:\/\/baraka.cc\/index.php?rest_route=%2Fwp%2Fv2%2Fcategories&post=5899"},{"taxonomy":"post_tag","embeddable":true,"href":"https:\/\/baraka.cc\/index.php?rest_route=%2Fwp%2Fv2%2Ftags&post=5899"}],"curies":[{"name":"wp","href":"https:\/\/api.w.org\/{rel}","templated":true}]}}