{"id":5903,"date":"2018-04-08T11:11:07","date_gmt":"2018-04-08T09:11:07","guid":{"rendered":"https:\/\/baraka.cc\/?p=5903"},"modified":"2018-04-08T11:11:07","modified_gmt":"2018-04-08T09:11:07","slug":"nukleere-hayir-platformu-eylem-ve-etkinliklere-hazirlaniyor","status":"publish","type":"post","link":"https:\/\/baraka.cc\/?p=5903","title":{"rendered":"N\u00fckleere Hay\u0131r Platformu Eylem ve Etkinliklere Haz\u0131rlan\u0131yor"},"content":{"rendered":"<p>Baraka&#8217;n\u0131n da bile\u015fenlerinden oldu\u011fu N\u00fckleere Hay\u0131r Platformu, Akkuyu&#8217;daki hareketlenme \u00fczerine \u00fclkemizde de bir dizi eylem ve etkinlik planl\u0131yor.<\/p>\n<p style=\"text-align: center;\"><a href=\"https:\/\/baraka.cc\/wp-content\/uploads\/2018\/04\/29792450_10215570470758845_6636489367340711936_n.jpg\"><img decoding=\"async\" loading=\"lazy\" class=\"alignnone size-medium wp-image-5904\" alt=\"29792450_10215570470758845_6636489367340711936_n\" src=\"https:\/\/baraka.cc\/wp-content\/uploads\/2018\/04\/29792450_10215570470758845_6636489367340711936_n-300x180.jpg\" width=\"300\" height=\"180\" srcset=\"https:\/\/baraka.cc\/wp-content\/uploads\/2018\/04\/29792450_10215570470758845_6636489367340711936_n-300x180.jpg 300w, https:\/\/baraka.cc\/wp-content\/uploads\/2018\/04\/29792450_10215570470758845_6636489367340711936_n.jpg 960w\" sizes=\"(max-width: 300px) 100vw, 300px\" \/><\/a><\/p>\n<p>N\u00fckleere Hay\u0131r Platformu Tabipler Birli\u011fi lokalinde bir toplant\u0131 ger\u00e7ekle\u015ftirerek Mersin Akkuyu&#8217;da yeniden temeli at\u0131lan n\u00fckleer santralin son durumu, K\u0131br\u0131s&#8217;a etkileri ve n\u00fckleere kar\u015f\u0131t\u0131 m\u00fccadele konusunda g\u00f6r\u00fc\u015f al\u0131\u015f veri\u015finde bulundu. Ayr\u0131ca \u00c7ernobil facias\u0131n\u0131n y\u0131ld\u00f6n\u00fcm\u00fc etkinlikleri hakk\u0131nda kararlar ald\u0131.<\/p>\n<p>Toplant\u0131da uzun y\u0131llard\u0131r T\u00fcrkiye&#8217;de ve \u00fclkemizde y\u00fcr\u00fct\u00fclen n\u00fckleer kar\u015f\u0131t\u0131 eylem ve etkinlikler de\u011ferlendirilirken, geli\u015fmi\u015f \u00fclkelerin terk etti\u011fi n\u00fckleer enerjnin insanl\u0131\u011fa faydas\u0131ndan \u00e7ok zarar\u0131 dokunaca\u011f\u0131, hem ekoloji hem de halk sa\u011fl\u0131\u011f\u0131 bak\u0131m\u0131ndan \u00f6nemli tehlikeler i\u00e7erdi\u011fi konu\u015fuldu. Uluslararas\u0131 \u00e7evre hukukundaki &#8220;ciddi nitelikteki s\u0131n\u0131r a\u015fan \u00e7evresel kirliliklere neden olma yasa\u011f\u0131&#8221; ba\u011flam\u0131nda, Sa\u011fl\u0131k Bakan\u0131 ile g\u00f6r\u00fc\u015fme ger\u00e7ekle\u015ftirilerek, halk sa\u011fl\u0131\u011f\u0131n\u0131n korunmas\u0131 y\u00f6n\u00fcnde \u00f6nlem al\u0131nmas\u0131 i\u00e7in talepte bulunulmas\u0131 kararla\u015ft\u0131r\u0131ld\u0131. Ayr\u0131ca \u00e7ocuklar\u0131n \u00e7evre bilinci ile b\u00fcy\u00fcmesi ve n\u00fckleer tehdit kousunda bilin\u00e7lendirilmesi amac\u0131yla E\u011fitim Bakan\u0131 ile de g\u00f6r\u00fc\u015f\u00fclerek resim yapma etkinli\u011fi d\u00fczenlenmesi planland\u0131.<\/p>\n<p>Platformun planlad\u0131\u011f\u0131 etkinlikler ise \u015f\u00f6yle:<\/p>\n<p>24 Nisan Sal\u0131 g\u00fcn\u00fc Home for Coorporation&#8217;da bir bas\u0131n a\u00e7\u0131klamas\u0131 ger\u00e7ekle\u015ftirilecek.<\/p>\n<p>\u00c7ernobil facias\u0131n\u0131n y\u0131ld\u00f6n\u00fcm\u00fc olan 26 Nisan Per\u015fembe g\u00fcn\u00fc saat 18.00&#8217;de, her y\u0131l oldu\u011fu gibi Lokmac\u0131 ara b\u00f6lgede iki toplumlu etkinlik desteklenecek.<\/p>\n<p>28 Nisan Cumartesi g\u00fcn\u00fc saat 16.00&#8217;da Lefko\u015fa Arasta \u00e7ar\u015f\u0131s\u0131nda yap\u0131lacak tiyatral fark\u0131ndal\u0131k etkinlikleri ile n\u00fckleer santrallerin tehlikelerine dikkat \u00e7ekilecek.<\/p>\n<p>&nbsp;<\/p>\n","protected":false},"excerpt":{"rendered":"<p>Baraka&#8217;n\u0131n da bile\u015fenlerinden oldu\u011fu N\u00fckleere Hay\u0131r Platformu, Akkuyu&#8217;daki hareketlenme \u00fczerine \u00fclkemizde de bir dizi eylem ve etkinlik planl\u0131yor. N\u00fckleere Hay\u0131r Platformu Tabipler Birli\u011fi lokalinde bir<\/p>\n","protected":false},"author":3,"featured_media":5904,"comment_status":"open","ping_status":"open","sticky":false,"template":"","format":"standard","meta":{"jetpack_post_was_ever_published":false,"_jetpack_newsletter_access":"","_jetpack_newsletter_tier_id":0,"jetpack_publicize_message":"","jetpack_is_tweetstorm":false,"jetpack_publicize_feature_enabled":true,"jetpack_social_post_already_shared":true,"jetpack_social_options":{"image_generator_settings":{"template":"highway","enabled":false}}},"categories":[9,1],"tags":[],"jetpack_publicize_connections":[],"jetpack_featured_media_url":"https:\/\/baraka.cc\/wp-content\/uploads\/2018\/04\/29792450_10215570470758845_6636489367340711936_n.jpg","jetpack_shortlink":"https:\/\/wp.me\/p4eHWX-1xd","jetpack_sharing_enabled":true,"_links":{"self":[{"href":"https:\/\/baraka.cc\/index.php?rest_route=\/wp\/v2\/posts\/5903"}],"collection":[{"href":"https:\/\/baraka.cc\/index.php?rest_route=\/wp\/v2\/posts"}],"about":[{"href":"https:\/\/baraka.cc\/index.php?rest_route=\/wp\/v2\/types\/post"}],"author":[{"embeddable":true,"href":"https:\/\/baraka.cc\/index.php?rest_route=\/wp\/v2\/users\/3"}],"replies":[{"embeddable":true,"href":"https:\/\/baraka.cc\/index.php?rest_route=%2Fwp%2Fv2%2Fcomments&post=5903"}],"version-history":[{"count":1,"href":"https:\/\/baraka.cc\/index.php?rest_route=\/wp\/v2\/posts\/5903\/revisions"}],"predecessor-version":[{"id":5905,"href":"https:\/\/baraka.cc\/index.php?rest_route=\/wp\/v2\/posts\/5903\/revisions\/5905"}],"wp:featuredmedia":[{"embeddable":true,"href":"https:\/\/baraka.cc\/index.php?rest_route=\/wp\/v2\/media\/5904"}],"wp:attachment":[{"href":"https:\/\/baraka.cc\/index.php?rest_route=%2Fwp%2Fv2%2Fmedia&parent=5903"}],"wp:term":[{"taxonomy":"category","embeddable":true,"href":"https:\/\/baraka.cc\/index.php?rest_route=%2Fwp%2Fv2%2Fcategories&post=5903"},{"taxonomy":"post_tag","embeddable":true,"href":"https:\/\/baraka.cc\/index.php?rest_route=%2Fwp%2Fv2%2Ftags&post=5903"}],"curies":[{"name":"wp","href":"https:\/\/api.w.org\/{rel}","templated":true}]}}