{"id":5937,"date":"2018-04-22T10:34:33","date_gmt":"2018-04-22T08:34:33","guid":{"rendered":"https:\/\/baraka.cc\/?p=5937"},"modified":"2018-04-22T10:38:36","modified_gmt":"2018-04-22T08:38:36","slug":"yoksa-siz-bizim-hala-ozgurlestiremediklerimizden-misiniz","status":"publish","type":"post","link":"https:\/\/baraka.cc\/?p=5937","title":{"rendered":"Yoksa siz bizim hala \u201c\u00f6zg\u00fcr\u201dle\u015ftiremediklerimizden misiniz?"},"content":{"rendered":"<p style=\"text-align: center;\">Argasdi dergimizin 50. say\u0131s\u0131n\u0131n okura sesleni\u015f yaz\u0131s\u0131&#8230;<\/p>\n<p style=\"text-align: center;\">Yoksa siz hala Argasdi&#8217;ninzi almad\u0131n\u0131z m\u0131?<\/p>\n<p style=\"text-align: center;\">T\u00fcm marketlerde!<\/p>\n<p style=\"text-align: center;\"><a href=\"https:\/\/baraka.cc\/wp-content\/uploads\/2018\/04\/argasdi-50-kapak.jpg\"><img decoding=\"async\" loading=\"lazy\" class=\"alignnone size-medium wp-image-5875\" alt=\"argasdi 50 kapak\" src=\"https:\/\/baraka.cc\/wp-content\/uploads\/2018\/04\/argasdi-50-kapak-211x300.jpg\" width=\"211\" height=\"300\" srcset=\"https:\/\/baraka.cc\/wp-content\/uploads\/2018\/04\/argasdi-50-kapak-211x300.jpg 211w, https:\/\/baraka.cc\/wp-content\/uploads\/2018\/04\/argasdi-50-kapak.jpg 678w\" sizes=\"(max-width: 211px) 100vw, 211px\" \/><\/a><\/p>\n<p>U\u011fruna ne \u015fiirler, ne kitaplar yaz\u0131ld\u0131, hakk\u0131nda ne \u015fark\u0131lar doland\u0131 dilden dile\u2026 Kula\u011fa hep g\u00fczel bir ses olarak duyuldu \u201c\u00f6zg\u00fcrl\u00fck\u201d\u2026 Bizler de Argasdi\u2019nin 50. say\u0131s\u0131n\u0131n dosya konusunu, \u00f6zg\u00fcrl\u00fck olarak belirledik ve \u00e7e\u015fitli yaz\u0131larla \u00f6zg\u00fcrl\u00fc\u011f\u00fcn anlam\u0131n\u0131, \u00f6nemini, \u00e7\u0131kmazlar\u0131n\u0131, tutsakl\u0131\u011f\u0131n\u0131 payla\u015fmak istedik sizlerle\u2026<\/p>\n<p>\u201c\u00d6zg\u00fcr\u201d bir \u00fclkede ya\u015f\u0131yoruz ama topraklar\u0131nda \u201c\u00f6zg\u00fcr\u201d ya\u015fayanlar olarak seyahat \u00f6zg\u00fcrl\u00fc\u011f\u00fcm\u00fcz, barikatlara tak\u0131l\u0131yor. \u0130\u015fte, patronun yaratt\u0131\u011f\u0131 suni \u00f6zg\u00fcrl\u00fcklerle tutsakl\u0131\u011f\u0131m\u0131z peki\u015firken, evde kendini \u00e7ocuklar\u0131na adam\u0131\u015f annemizin hayallerini ertelemesini do\u011fal kar\u015f\u0131l\u0131yoruz. Telefonlar\u0131m\u0131z\u0131 diledi\u011fimiz gibi kullanmam\u0131z i\u00e7in \u00f6zg\u00fcr ad\u0131 verilen tarifelerden yararlan\u0131yoruz. Oysa TV izlerken bile diledi\u011fimiz kanal\u0131 \u201c\u00f6zg\u00fcrce\u201d se\u00e7emiyoruz. \u00c7\u00fcnk\u00fc bize sunulan se\u00e7eneklere mahkumuz. Evde, i\u015fte, okulda, g\u00fcnl\u00fck ya\u015famda bitmiyor tutsakl\u0131\u011f\u0131m\u0131z, bir\u00e7ok \u015feye ba\u011f\u0131ml\u0131 k\u0131l\u0131narak harc\u0131yoruz \u00f6m\u00fcr denen zaman dilimini. G\u00fcnl\u00fck ya\u015famda ortaya \u00e7\u0131kan teknolojik ba\u011f\u0131ml\u0131l\u0131klar bizi \u00f6zg\u00fcrle\u015ftiriyor gibi g\u00f6r\u00fcnse de g\u00f6r\u00fcnmez bir el bizi onlara ba\u011fl\u0131yor. Ya\u015fam\u0131n her alan\u0131nda hep bir \u00f6zg\u00fcrle\u015ftirme masal\u0131 \u00e7\u0131k\u0131yor kar\u015f\u0131m\u0131za ve sistem kafam\u0131z\u0131n i\u00e7inde bizlere \u015fu soruyu dayat\u0131yor: Yoksa siz bizim hala \u201c\u00f6zg\u00fcr\u201dle\u015ftirmediklermizden misiniz?<\/p>\n<p>Ve i\u015fte bazen isyan noktas\u0131na gelip a\u011fz\u0131m\u0131z\u0131 doldura doldura istedi\u011fimizi hayk\u0131rmakta buluyoruz \u00f6zg\u00fcrl\u00fc\u011f\u00fc. \u0130fade \u00f6zg\u00fcrl\u00fc\u011f\u00fcm\u00fcz sorgulan\u0131rken, toplumsal olarak k\u0131p\u0131rdanmak gerekti\u011finin bilincine vard\u0131k ge\u00e7ti\u011fimiz aylarda. Toplumsal \u00f6zg\u00fcrle\u015fmeyi, bireysel \u00f6zg\u00fcrle\u015fmenin \u00f6n\u00fcne koyman\u0131n \u00f6nemini hat\u0131rlad\u0131k yeniden.<\/p>\n<p>\u00d6zg\u00fcrl\u00fck \u015fark\u0131s\u0131, t\u00fcm ezilenlerin dilinde en \u00e7ok da y\u00fcre\u011findedir. U\u00e7urtmay\u0131 Vurmas\u0131nlar filmindeki \u00e7ocuk Bar\u0131\u015f\u2019\u0131n g\u00f6z\u00fcnden bakabilsek d\u00fcnyaya ger\u00e7ek \u00f6zg\u00fcrl\u00fc\u011f\u00fc anlayaca\u011f\u0131zd\u0131r belki de\u2026 Dergimizde yer alan K\u0131br\u0131s\u2019\u0131n \u00f6zg\u00fcr e\u015feklerinin, 1800\u2019l\u00fc y\u0131llardan g\u00fcn\u00fcm\u00fcze kadarki ya\u015fant\u0131lar\u0131n\u0131 \u00f6\u011frendi\u011fimiz zaman \u00f6zg\u00fcr olunamad\u0131\u011f\u0131n\u0131 daha iyi anlayaca\u011f\u0131z. Ya da bellek sayfam\u0131zda yer verdi\u011fimiz Galileo Galilei\u2019nin d\u00fcnyan\u0131n d\u00f6nd\u00fc\u011f\u00fcne ili\u015fkin tezini, Engizisyon denen bask\u0131c\u0131 ve i\u015fkenceci zihniyete direnemeyip nas\u0131l inkar etmek zorunda b\u0131rak\u0131ld\u0131\u011f\u0131n\u0131 okudu\u011fumuzda anlayaca\u011f\u0131z. Gece kul\u00fcplerinde \u00e7al\u0131\u015ft\u0131r\u0131lmak i\u00e7in \u00fclkemize getirilen kad\u0131nlar\u0131n, k\u00f6lelik ko\u015fullar\u0131nda s\u00fcrd\u00fcrd\u00fc\u011f\u00fc ya\u015fama Feminist\u0130Z sayfas\u0131ndan tan\u0131k oldu\u011fumuzda anlayaca\u011f\u0131z\u2026<\/p>\n<p>Liseler Bizimdir sayfas\u0131nda, liseli gen\u00e7ler taraf\u0131ndan kaleme al\u0131nan yaz\u0131lar ve g\u00f6r\u00fc\u015fler yine dergiye renk kat\u0131yor. Yaz\u0131lan makale \u201cTheseus Ol\u201d \u00e7a\u011fr\u0131s\u0131na kulak vermeyi de \u00f6neriyor. \u00dclkemizde ya\u015fayan g\u00f6\u00e7menlerin din ve inan\u00e7 \u00f6zg\u00fcrl\u00fckleriyle ilgili r\u00f6portaj samimi bir sohbet tad\u0131n\u0131 bizlere ula\u015ft\u0131r\u0131rken, \u201cKabak ve \u00d6zg\u00fcrl\u00fck\u201d \u00f6yk\u00fcs\u00fcnde hem \u0130psillat&#8217;tan hem de Angara&#8217;dan seslerin ortakl\u0131\u011f\u0131n\u0131 duyumsuyoruz.<\/p>\n<p>15. y\u0131l\u0131m\u0131za girmenin gurur ve heyecan\u0131 hala taptaze. Bizi bu g\u00fcnlere getirenin, birlikte \u00fcretmek, kolektif \u00e7abay\u0131 ya\u015famak oldu\u011funu biliyoruz. Baraka M\u00fczik Toplulu\u011fu Sol Anahtar\u0131\u2019n\u0131n \u00fc\u00e7\u00fcnc\u00fc alb\u00fcm\u00fc \u201cYolda\u201dn\u0131n haz\u0131rl\u0131klar\u0131 tamamland\u0131, alb\u00fcm\u00fcn tan\u0131t\u0131mlar\u0131 ve konserler i\u00e7in geri say\u0131m ba\u015flad\u0131. Baraka Tiyatro ekiplerinden, Gen\u00e7lik Tiyatrosu masallardaki toplumsal cinsiyet rollerini sorgulad\u0131\u011f\u0131 \u201cMasal Masal Matitas\u201d oyunuyla b\u00fcy\u00fck be\u011feni toplad\u0131. \u00a0Yeti\u015fkin ekibinin Nisan ay\u0131ndasa hneleyece\u011fi \u201c\u0130ndia Bankas\u0131\u201dn\u0131n \u00e7al\u0131\u015fmalar\u0131 t\u00fcm h\u0131z\u0131yla devam ediyor. Argasdi olarak yay\u0131nlad\u0131\u011f\u0131m\u0131z 3 kitab\u0131n ard\u0131ndan d\u00f6rd\u00fcnc\u00fcs\u00fc i\u00e7in \u00f6n\u00fcm\u00fczdeki aylarda haz\u0131rl\u0131klara ba\u015flayaca\u011f\u0131z. Siz de\u011ferli okurlar\u0131m\u0131zla bir araya gelip okur sohbetleri ger\u00e7ekle\u015ftirmeyi de \u00f6n\u00fcm\u00fcze bir hedef olarak koyduk. Argasdiyle \u00f6zg\u00fcrle\u015fece\u011fimiz daha nice y\u0131llara\u2026<\/p>\n","protected":false},"excerpt":{"rendered":"<p>Argasdi dergimizin 50. say\u0131s\u0131n\u0131n okura sesleni\u015f yaz\u0131s\u0131&#8230; Yoksa siz hala Argasdi&#8217;ninzi almad\u0131n\u0131z m\u0131? T\u00fcm marketlerde! U\u011fruna ne \u015fiirler, ne kitaplar yaz\u0131ld\u0131, hakk\u0131nda ne \u015fark\u0131lar doland\u0131<\/p>\n","protected":false},"author":3,"featured_media":5876,"comment_status":"open","ping_status":"open","sticky":false,"template":"","format":"standard","meta":{"jetpack_post_was_ever_published":false,"_jetpack_newsletter_access":"","_jetpack_newsletter_tier_id":0,"jetpack_publicize_message":"","jetpack_is_tweetstorm":false,"jetpack_publicize_feature_enabled":true,"jetpack_social_post_already_shared":true,"jetpack_social_options":{"image_generator_settings":{"template":"highway","enabled":false}}},"categories":[40,67,9,1,39],"tags":[],"jetpack_publicize_connections":[],"jetpack_featured_media_url":"https:\/\/baraka.cc\/wp-content\/uploads\/2018\/04\/kapak-argasdi-50.jpg","jetpack_shortlink":"https:\/\/wp.me\/p4eHWX-1xL","jetpack_sharing_enabled":true,"_links":{"self":[{"href":"https:\/\/baraka.cc\/index.php?rest_route=\/wp\/v2\/posts\/5937"}],"collection":[{"href":"https:\/\/baraka.cc\/index.php?rest_route=\/wp\/v2\/posts"}],"about":[{"href":"https:\/\/baraka.cc\/index.php?rest_route=\/wp\/v2\/types\/post"}],"author":[{"embeddable":true,"href":"https:\/\/baraka.cc\/index.php?rest_route=\/wp\/v2\/users\/3"}],"replies":[{"embeddable":true,"href":"https:\/\/baraka.cc\/index.php?rest_route=%2Fwp%2Fv2%2Fcomments&post=5937"}],"version-history":[{"count":3,"href":"https:\/\/baraka.cc\/index.php?rest_route=\/wp\/v2\/posts\/5937\/revisions"}],"predecessor-version":[{"id":5941,"href":"https:\/\/baraka.cc\/index.php?rest_route=\/wp\/v2\/posts\/5937\/revisions\/5941"}],"wp:featuredmedia":[{"embeddable":true,"href":"https:\/\/baraka.cc\/index.php?rest_route=\/wp\/v2\/media\/5876"}],"wp:attachment":[{"href":"https:\/\/baraka.cc\/index.php?rest_route=%2Fwp%2Fv2%2Fmedia&parent=5937"}],"wp:term":[{"taxonomy":"category","embeddable":true,"href":"https:\/\/baraka.cc\/index.php?rest_route=%2Fwp%2Fv2%2Fcategories&post=5937"},{"taxonomy":"post_tag","embeddable":true,"href":"https:\/\/baraka.cc\/index.php?rest_route=%2Fwp%2Fv2%2Ftags&post=5937"}],"curies":[{"name":"wp","href":"https:\/\/api.w.org\/{rel}","templated":true}]}}