{"id":5961,"date":"2018-04-28T10:00:22","date_gmt":"2018-04-28T08:00:22","guid":{"rendered":"https:\/\/baraka.cc\/?p=5961"},"modified":"2018-04-28T10:00:22","modified_gmt":"2018-04-28T08:00:22","slug":"baraka-1-mayista-mangallari-degil-sermayeyi-yakalim","status":"publish","type":"post","link":"https:\/\/baraka.cc\/?p=5961","title":{"rendered":"Baraka: 1 May\u0131s&#8217;ta Mangallar\u0131 De\u011fil, Sermayeyi Yakal\u0131m!"},"content":{"rendered":"<p>1 May\u0131s&#8230; \u0130\u015f\u00e7inin, emek\u00e7inin ve ezilen t\u00fcm kesimlerin hak ve \u00f6zg\u00fcrl\u00fcklerini bir arada ifade edebilece\u011fi yegane g\u00fcn&#8230;<\/p>\n<p>Bug\u00fcn emek\u00e7ilerin;<\/p>\n<p>G\u00fcvencesiz, sendikas\u0131z, d\u00fc\u015f\u00fck maa\u015flara, bitimsiz ve esnek \u00e7al\u0131\u015fma saatlerine kar\u015f\u0131 sokakta bulu\u015faca\u011f\u0131;<\/p>\n<p>Sermayenin, bilimsel verilerden uzak talepleri do\u011frultusunda belirlenen imar yasalar\u0131na ve her ge\u00e7en g\u00fcn artan in\u015faatlara ra\u011fmen al\u0131nmayan g\u00fcvenlik \u00f6nlemleriyle ya\u015fanan i\u015f cinayetlerine kar\u015f\u0131 duraca\u011f\u0131;<\/p>\n<p>Kad\u0131na \u015fiddet, \u00e7ocuk istismar\u0131 ve y\u00fckselen gericili\u011fe kar\u015f\u0131, k\u00fclt\u00fcr-sanat ve bilimsel e\u011fitim talebini y\u00fckseltece\u011fi;<\/p>\n<p>Kimsenin cinsiyetine, cinsel y\u00f6nelimine, etnik k\u00f6kenine, \u0131rk\u0131na, dinine, diline, geldi\u011fi yere g\u00f6re ayr\u0131mc\u0131l\u0131\u011fa u\u011framamas\u0131n\u0131 hayk\u0131raca\u011f\u0131;<\/p>\n<p>\u0130\u015fsizlik ve yoksulluk artarken, sermayenin, sokaktaki i\u015fsizli\u011fi bir tehdit unsuru olarak kullan\u0131p emek\u00e7ileri g\u00fcvencesizli\u011fe, yat\u0131r\u0131ms\u0131zl\u0131\u011fa ve sendikas\u0131zl\u0131\u011fa mahkum etmesine izin vermeyece\u011fi;<\/p>\n<p>Bir yanda Akkuyu&#8217;da in\u015fa edilen n\u00fckleer santralin Akdeniz&#8217;deki t\u00fcm ya\u015fam\u0131 tehdit etmesini, di\u011fer yanda ise sermayenin rant a\u015fk\u0131n\u0131n \u00fclkemizi beton y\u0131\u011f\u0131n\u0131na d\u00f6n\u00fc\u015ft\u00fcrmesini protesto edece\u011fi;<\/p>\n<p>K\u0131br\u0131s&#8217;\u0131 ortadan ikiye b\u00f6lenlerin \u015fimdi K\u0131br\u0131s&#8217;tan kald\u0131rd\u0131klar\u0131 u\u00e7aklarla orta do\u011fu halklar\u0131n\u0131 katletmesine dur diyece\u011fi;<\/p>\n<p>Sermayenin halklar\u0131 mahkum etti\u011fi bu karanl\u0131k tabloyu ancak \u00f6rg\u00fctl\u00fc halklar\u0131n<\/p>\n<p>ayd\u0131nlatabilece\u011fini g\u00f6sterece\u011fi g\u00fcnd\u00fcr&#8230;<\/p>\n<p>\u0130\u015fte bu nedenle, s\u00f6yleyecek s\u00f6z\u00fc, verilecek m\u00fccadelesi olanlar\u0131 1 May\u0131s&#8217;ta mangallar\u0131 de\u011fil, sermayeyi yakmaya \u00e7a\u011f\u0131r\u0131yoruz!<\/p>\n<p><strong>1 May\u0131s Sal\u0131<\/strong> g\u00fcn\u00fc, <strong>saat 17.15&#8217;te<\/strong>, <strong>Lefko\u015fa Otob\u00fcs Terminali<\/strong>&#8216;nde <strong>bulu\u015fup<\/strong>, \u00f6nce Ku\u011fulu Park&#8217;a, oradan da Sendikas\u0131z \u00e7al\u0131\u015ft\u0131r\u0131lmak Yasaklans\u0131n Parkat\u0131n\u0131n arkadas\u0131nda ara b\u00f6lgeye <strong>y\u00fcr\u00fcyoruz<\/strong>.<\/p>\n","protected":false},"excerpt":{"rendered":"<p>1 May\u0131s&#8230; \u0130\u015f\u00e7inin, emek\u00e7inin ve ezilen t\u00fcm kesimlerin hak ve \u00f6zg\u00fcrl\u00fcklerini bir arada ifade edebilece\u011fi yegane g\u00fcn&#8230; Bug\u00fcn emek\u00e7ilerin; G\u00fcvencesiz, sendikas\u0131z, d\u00fc\u015f\u00fck maa\u015flara, bitimsiz ve<\/p>\n","protected":false},"author":12,"featured_media":5962,"comment_status":"open","ping_status":"open","sticky":false,"template":"","format":"standard","meta":{"jetpack_post_was_ever_published":false,"_jetpack_newsletter_access":"","_jetpack_newsletter_tier_id":0,"jetpack_publicize_message":"Baraka: 1 May\u0131s'ta Mangallar\u0131 De\u011fil, Sermayeyi Yakal\u0131m!","jetpack_is_tweetstorm":false,"jetpack_publicize_feature_enabled":true,"jetpack_social_post_already_shared":true,"jetpack_social_options":{"image_generator_settings":{"template":"highway","enabled":false}}},"categories":[51,47,9],"tags":[],"jetpack_publicize_connections":[],"jetpack_featured_media_url":"https:\/\/baraka.cc\/wp-content\/uploads\/2018\/04\/1may\u0131s-1.jpg","jetpack_shortlink":"https:\/\/wp.me\/p4eHWX-1y9","jetpack_sharing_enabled":true,"_links":{"self":[{"href":"https:\/\/baraka.cc\/index.php?rest_route=\/wp\/v2\/posts\/5961"}],"collection":[{"href":"https:\/\/baraka.cc\/index.php?rest_route=\/wp\/v2\/posts"}],"about":[{"href":"https:\/\/baraka.cc\/index.php?rest_route=\/wp\/v2\/types\/post"}],"author":[{"embeddable":true,"href":"https:\/\/baraka.cc\/index.php?rest_route=\/wp\/v2\/users\/12"}],"replies":[{"embeddable":true,"href":"https:\/\/baraka.cc\/index.php?rest_route=%2Fwp%2Fv2%2Fcomments&post=5961"}],"version-history":[{"count":1,"href":"https:\/\/baraka.cc\/index.php?rest_route=\/wp\/v2\/posts\/5961\/revisions"}],"predecessor-version":[{"id":5963,"href":"https:\/\/baraka.cc\/index.php?rest_route=\/wp\/v2\/posts\/5961\/revisions\/5963"}],"wp:featuredmedia":[{"embeddable":true,"href":"https:\/\/baraka.cc\/index.php?rest_route=\/wp\/v2\/media\/5962"}],"wp:attachment":[{"href":"https:\/\/baraka.cc\/index.php?rest_route=%2Fwp%2Fv2%2Fmedia&parent=5961"}],"wp:term":[{"taxonomy":"category","embeddable":true,"href":"https:\/\/baraka.cc\/index.php?rest_route=%2Fwp%2Fv2%2Fcategories&post=5961"},{"taxonomy":"post_tag","embeddable":true,"href":"https:\/\/baraka.cc\/index.php?rest_route=%2Fwp%2Fv2%2Ftags&post=5961"}],"curies":[{"name":"wp","href":"https:\/\/api.w.org\/{rel}","templated":true}]}}