{"id":5967,"date":"2018-04-29T09:45:32","date_gmt":"2018-04-29T07:45:32","guid":{"rendered":"https:\/\/baraka.cc\/?p=5967"},"modified":"2018-04-29T09:45:32","modified_gmt":"2018-04-29T07:45:32","slug":"nukleere-hayir-platformu-lefkosa-carsisinda-farkindalik-eylemi-gerceklestirdi","status":"publish","type":"post","link":"https:\/\/baraka.cc\/?p=5967","title":{"rendered":"N\u00fckleere Hay\u0131r Platformu Lefko\u015fa \u00c7ar\u015f\u0131s\u0131nda Fark\u0131ndal\u0131k Eylemi Ger\u00e7ekle\u015ftirdi"},"content":{"rendered":"<p style=\"text-align: center;\"><a href=\"https:\/\/baraka.cc\/wp-content\/uploads\/2018\/04\/31432767_10155543057383697_483731519324553216_n.jpg\"><img decoding=\"async\" loading=\"lazy\" class=\"alignnone size-medium wp-image-5968\" alt=\"31432767_10155543057383697_483731519324553216_n\" src=\"https:\/\/baraka.cc\/wp-content\/uploads\/2018\/04\/31432767_10155543057383697_483731519324553216_n-300x225.jpg\" width=\"300\" height=\"225\" srcset=\"https:\/\/baraka.cc\/wp-content\/uploads\/2018\/04\/31432767_10155543057383697_483731519324553216_n-300x225.jpg 300w, https:\/\/baraka.cc\/wp-content\/uploads\/2018\/04\/31432767_10155543057383697_483731519324553216_n.jpg 373w\" sizes=\"(max-width: 300px) 100vw, 300px\" \/><\/a><\/p>\n<p>Baraka K\u00fclt\u00fcr Merkezi&#8217;nin de bile\u015feni oldu\u011fu N\u00fckleere Hay\u0131r Platformu, Lefko\u015fa \u00e7ar\u015f\u0131s\u0131nda \u015fok eylem ger\u00e7ekle\u015ftirerek n\u00fckleer santrallerin tehlikelerine ve Akkuyu N\u00fckleer Santrali&#8217;nin \u00fclkemize olumsuz etkilerine dikkat \u00e7ekti. Tiyatral fark\u0131ndal\u0131k etkinli\u011fine vatanda\u015flar da ilgi ve dikkat g\u00f6stererek izledi ve kat\u0131ld\u0131. N\u00fckleer santrallerin \u00f6l\u00fcm sa\u00e7t\u0131\u011f\u0131n\u0131n, \u00c7ernobil ve Japonya&#8217;da y\u00fczlerce insan\u0131n \u00f6l\u00fcm\u00fcne sebep oldu\u011funun vurguland\u0131\u011f\u0131 etkinlikte, g\u00fcne\u015f ve r\u00fczgardan yararlan\u0131lan temiz enerjinin m\u00fcmk\u00fcn oldu\u011fu da ortaya kondu.<\/p>\n<p style=\"text-align: center;\"><a href=\"https:\/\/baraka.cc\/wp-content\/uploads\/2018\/04\/31404000_10155543057908697_6965974618062454784_n.jpg\"><img decoding=\"async\" loading=\"lazy\" class=\"alignnone size-medium wp-image-5969\" alt=\"31404000_10155543057908697_6965974618062454784_n\" src=\"https:\/\/baraka.cc\/wp-content\/uploads\/2018\/04\/31404000_10155543057908697_6965974618062454784_n-300x225.jpg\" width=\"300\" height=\"225\" srcset=\"https:\/\/baraka.cc\/wp-content\/uploads\/2018\/04\/31404000_10155543057908697_6965974618062454784_n-300x225.jpg 300w, https:\/\/baraka.cc\/wp-content\/uploads\/2018\/04\/31404000_10155543057908697_6965974618062454784_n.jpg 373w\" sizes=\"(max-width: 300px) 100vw, 300px\" \/><\/a><\/p>\n<p>Platform temsilcileri, herhangi bir kaza olmasa bile Akkuyu N\u00fckleer Santrali&#8217;nin t\u00fcm Akdeniz&#8217;deki ekosistemi ve canl\u0131 ya\u015fam\u0131n\u0131 olumsuz etkileyece\u011fini, deniz suyunun s\u0131cakl\u0131\u011f\u0131n\u0131 2-3 derece art\u0131rarak do\u011fal ya\u015fama zarar verece\u011fini belirttiler. Vatanda\u015flarla konu\u015farak fikir al\u0131\u015f veri\u015finde bulunan Platform temsilcileri, n\u00fckleer at\u0131klar\u0131n yok edilemedi\u011fini, y\u00fcz y\u0131l sonra dahi topra\u011fa ve yer alt\u0131 sular\u0131na kar\u0131\u015farak kanser yapmaya devam etti\u011fini anlatt\u0131lar. Avrupa \u00fclkelerinin n\u00fckleer santrallerden vazge\u00e7erek temiz enerjiye y\u00f6neldi\u011finin de vurguland\u0131\u011f\u0131 etkinlikte, \u00fclkemize 90 kilometre uzakl\u0131ktaki Akkuyu&#8217;da bir n\u00fckleer santralin istenmedi\u011fi vurguland\u0131.<\/p>\n<p style=\"text-align: center;\"><a href=\"https:\/\/baraka.cc\/wp-content\/uploads\/2018\/04\/31445125_10155543057613697_123246831042822144_n.jpg\"><img decoding=\"async\" loading=\"lazy\" class=\"alignnone size-medium wp-image-5970\" alt=\"31445125_10155543057613697_123246831042822144_n\" src=\"https:\/\/baraka.cc\/wp-content\/uploads\/2018\/04\/31445125_10155543057613697_123246831042822144_n-300x225.jpg\" width=\"300\" height=\"225\" srcset=\"https:\/\/baraka.cc\/wp-content\/uploads\/2018\/04\/31445125_10155543057613697_123246831042822144_n-300x225.jpg 300w, https:\/\/baraka.cc\/wp-content\/uploads\/2018\/04\/31445125_10155543057613697_123246831042822144_n.jpg 373w\" sizes=\"(max-width: 300px) 100vw, 300px\" \/><\/a><\/p>\n<p style=\"text-align: center;\"><a href=\"https:\/\/baraka.cc\/wp-content\/uploads\/2018\/04\/31175633_401196510346271_1523552409_n.jpg\"><img decoding=\"async\" loading=\"lazy\" class=\"alignnone size-medium wp-image-5971\" alt=\"31175633_401196510346271_1523552409_n\" src=\"https:\/\/baraka.cc\/wp-content\/uploads\/2018\/04\/31175633_401196510346271_1523552409_n-300x225.jpg\" width=\"300\" height=\"225\" srcset=\"https:\/\/baraka.cc\/wp-content\/uploads\/2018\/04\/31175633_401196510346271_1523552409_n-300x225.jpg 300w, https:\/\/baraka.cc\/wp-content\/uploads\/2018\/04\/31175633_401196510346271_1523552409_n.jpg 373w\" sizes=\"(max-width: 300px) 100vw, 300px\" \/><\/a><\/p>\n","protected":false},"excerpt":{"rendered":"<p>Baraka K\u00fclt\u00fcr Merkezi&#8217;nin de bile\u015feni oldu\u011fu N\u00fckleere Hay\u0131r Platformu, Lefko\u015fa \u00e7ar\u015f\u0131s\u0131nda \u015fok eylem ger\u00e7ekle\u015ftirerek n\u00fckleer santrallerin tehlikelerine ve Akkuyu N\u00fckleer Santrali&#8217;nin \u00fclkemize olumsuz etkilerine dikkat<\/p>\n","protected":false},"author":3,"featured_media":5968,"comment_status":"open","ping_status":"open","sticky":false,"template":"","format":"standard","meta":{"jetpack_post_was_ever_published":false,"_jetpack_newsletter_access":"","_jetpack_newsletter_tier_id":0,"jetpack_publicize_message":"","jetpack_is_tweetstorm":false,"jetpack_publicize_feature_enabled":true,"jetpack_social_post_already_shared":true,"jetpack_social_options":{"image_generator_settings":{"template":"highway","enabled":false}}},"categories":[9,1],"tags":[],"jetpack_publicize_connections":[],"jetpack_featured_media_url":"https:\/\/baraka.cc\/wp-content\/uploads\/2018\/04\/31432767_10155543057383697_483731519324553216_n.jpg","jetpack_shortlink":"https:\/\/wp.me\/p4eHWX-1yf","jetpack_sharing_enabled":true,"_links":{"self":[{"href":"https:\/\/baraka.cc\/index.php?rest_route=\/wp\/v2\/posts\/5967"}],"collection":[{"href":"https:\/\/baraka.cc\/index.php?rest_route=\/wp\/v2\/posts"}],"about":[{"href":"https:\/\/baraka.cc\/index.php?rest_route=\/wp\/v2\/types\/post"}],"author":[{"embeddable":true,"href":"https:\/\/baraka.cc\/index.php?rest_route=\/wp\/v2\/users\/3"}],"replies":[{"embeddable":true,"href":"https:\/\/baraka.cc\/index.php?rest_route=%2Fwp%2Fv2%2Fcomments&post=5967"}],"version-history":[{"count":1,"href":"https:\/\/baraka.cc\/index.php?rest_route=\/wp\/v2\/posts\/5967\/revisions"}],"predecessor-version":[{"id":5972,"href":"https:\/\/baraka.cc\/index.php?rest_route=\/wp\/v2\/posts\/5967\/revisions\/5972"}],"wp:featuredmedia":[{"embeddable":true,"href":"https:\/\/baraka.cc\/index.php?rest_route=\/wp\/v2\/media\/5968"}],"wp:attachment":[{"href":"https:\/\/baraka.cc\/index.php?rest_route=%2Fwp%2Fv2%2Fmedia&parent=5967"}],"wp:term":[{"taxonomy":"category","embeddable":true,"href":"https:\/\/baraka.cc\/index.php?rest_route=%2Fwp%2Fv2%2Fcategories&post=5967"},{"taxonomy":"post_tag","embeddable":true,"href":"https:\/\/baraka.cc\/index.php?rest_route=%2Fwp%2Fv2%2Ftags&post=5967"}],"curies":[{"name":"wp","href":"https:\/\/api.w.org\/{rel}","templated":true}]}}