{"id":5981,"date":"2018-05-02T12:58:06","date_gmt":"2018-05-02T10:58:06","guid":{"rendered":"https:\/\/baraka.cc\/?p=5981"},"modified":"2018-05-02T13:07:00","modified_gmt":"2018-05-02T11:07:00","slug":"1-mayista-devrimin-provasindaydik","status":"publish","type":"post","link":"https:\/\/baraka.cc\/?p=5981","title":{"rendered":"1 May\u0131s\u2019ta Devrimin Provas\u0131ndayd\u0131k"},"content":{"rendered":"<p>Baraka K\u00fclt\u00fcr Merkezi aktivist ve dostlar\u0131 olarak 1 May\u0131s\u2019ta yine sokaklardayd\u0131k, taleplerimizi, isyanlar\u0131m\u0131z\u0131 hayk\u0131rd\u0131k.<\/p>\n<p>Bu y\u0131l ana pankart\u0131m\u0131zda \u201cDireni\u015fin \u015eiiri, \u00d6zg\u00fcrl\u00fc\u011f\u00fcn \u015eark\u0131s\u0131, Devrimin Provas\u0131d\u0131r 1 May\u0131s\u201d diyerek, k\u00fclt\u00fcrel alandaki m\u00fccadelenin \u00f6nemine dikkat \u00e7ektik. \u00a0Ayr\u0131ca \u201cEme\u011fime, Bedenime Kar\u0131\u015fmak Ne Haddine\u201d pankart\u0131m\u0131zla, eme\u011fimiz ve bedenimiz \u00fczerinde y\u00fcr\u00fct\u00fclen cinsiyet\u00e7i politikalara isyan\u0131m\u0131z\u0131 dile getirdik.<\/p>\n<p><a href=\"https:\/\/baraka.cc\/wp-content\/uploads\/2018\/05\/1.jpg\"><img decoding=\"async\" loading=\"lazy\" class=\"alignnone size-medium wp-image-5982\" alt=\"1\" src=\"https:\/\/baraka.cc\/wp-content\/uploads\/2018\/05\/1-300x88.jpg\" width=\"300\" height=\"88\" srcset=\"https:\/\/baraka.cc\/wp-content\/uploads\/2018\/05\/1-300x88.jpg 300w, https:\/\/baraka.cc\/wp-content\/uploads\/2018\/05\/1.jpg 911w\" sizes=\"(max-width: 300px) 100vw, 300px\" \/><\/a><\/p>\n<p>\u00c7ocuk ve gen\u00e7lik kortejimizde \u201cBiz Geliyoruz\u201d \u201cSava\u015fs\u0131z Bir D\u00fcnya\u201d \u201cPark Oyun Dondurma\u201d \u201cEmek\u00e7inin Yan\u0131nda N\u00fckleerin Kar\u015f\u0131s\u0131nday\u0131z\u201d gibi pankartlar ta\u015f\u0131yan \u00e7ocuklar ve gen\u00e7ler, gelece\u011fi \u00f6zg\u00fcrle\u015ftirmenin sinyallerini verdiler.<\/p>\n<p><a href=\"https:\/\/baraka.cc\/wp-content\/uploads\/2018\/05\/17.jpg\"><img decoding=\"async\" loading=\"lazy\" class=\"alignnone size-medium wp-image-5983\" alt=\"17\" src=\"https:\/\/baraka.cc\/wp-content\/uploads\/2018\/05\/17-300x200.jpg\" width=\"300\" height=\"200\" srcset=\"https:\/\/baraka.cc\/wp-content\/uploads\/2018\/05\/17-300x200.jpg 300w, https:\/\/baraka.cc\/wp-content\/uploads\/2018\/05\/17.jpg 960w\" sizes=\"(max-width: 300px) 100vw, 300px\" \/><\/a><\/p>\n<p>Terminalde ba\u015flayan y\u00fcr\u00fcy\u00fc\u015f\u00fcm\u00fcz Ku\u011fulu Park\u2019ta di\u011fer kortejlere kat\u0131larak ara b\u00f6lgeye kadar devam etti. Ku\u011fulu Park\u2019ta Bas\u0131n-Sen ve Ba\u011f\u0131ms\u0131zl\u0131k Yolu ile birlikte \u201cSendikas\u0131z \u00c7al\u0131\u015ft\u0131r\u0131lmak Yasaklans\u0131n\u201d pankart\u0131n\u0131n arkas\u0131nda tek v\u00fccut olduk ve herkes i\u00e7in sendika talebimizi y\u00fckselttik.<\/p>\n<p><a href=\"https:\/\/baraka.cc\/wp-content\/uploads\/2018\/05\/31739778_2034861270062641_1711310821235097600_n.jpg\"><img decoding=\"async\" loading=\"lazy\" class=\"alignnone size-medium wp-image-5984\" alt=\"31739778_2034861270062641_1711310821235097600_n\" src=\"https:\/\/baraka.cc\/wp-content\/uploads\/2018\/05\/31739778_2034861270062641_1711310821235097600_n-300x200.jpg\" width=\"300\" height=\"200\" srcset=\"https:\/\/baraka.cc\/wp-content\/uploads\/2018\/05\/31739778_2034861270062641_1711310821235097600_n-300x200.jpg 300w, https:\/\/baraka.cc\/wp-content\/uploads\/2018\/05\/31739778_2034861270062641_1711310821235097600_n.jpg 960w\" sizes=\"(max-width: 300px) 100vw, 300px\" \/><\/a><\/p>\n<p>Y\u00fcr\u00fcy\u00fc\u015f boyunca hep birlikte att\u0131\u011f\u0131m\u0131z hareketli sloganlarla, i\u00e7imizdeki 1 May\u0131s co\u015fkusunu alanlara ta\u015f\u0131d\u0131k. \u201cBa\u011f\u0131ms\u0131z K\u0131br\u0131s b\u00fct\u00fcn halklar karde\u015ftir\u201d, \u201cNe istiyoruz; \u00f6zg\u00fcrl\u00fck.\u00a0 Ne zaman; hemen \u015fimdi. Vermeyecekler; alaca\u011f\u0131z!\u201d \u201c\u0130syan devrim \u00f6zg\u00fcrl\u00fck\u201d, \u201cAnkara elini yakam\u0131zdan \u00e7ek\u201d, \u201cAntikapitalista\u201d, \u201cMutfaktaki tencere kimin umrunda d\u00fcnyan\u0131n y\u00fck\u00fc benim omzumda\u201d, \u201cSendika Hakt\u0131r\u201d, \u201cGen\u00e7lik gelecek, gelecek bizimle \u00f6zg\u00fcrle\u015fecek\u201d, \u201cBarikatlar y\u0131k\u0131ls\u0131n \u00e7ocuk park\u0131 yap\u0131ls\u0131n\u201d 1 May\u0131s\u2019a damgas\u0131n\u0131 vuran baz\u0131 sloganlar\u0131m\u0131zd\u0131.<\/p>\n<p><a href=\"https:\/\/baraka.cc\/wp-content\/uploads\/2018\/05\/9.jpg\"><img decoding=\"async\" loading=\"lazy\" class=\"alignnone size-medium wp-image-5985\" alt=\"9\" src=\"https:\/\/baraka.cc\/wp-content\/uploads\/2018\/05\/9-300x163.jpg\" width=\"300\" height=\"163\" srcset=\"https:\/\/baraka.cc\/wp-content\/uploads\/2018\/05\/9-300x163.jpg 300w, https:\/\/baraka.cc\/wp-content\/uploads\/2018\/05\/9.jpg 960w\" sizes=\"(max-width: 300px) 100vw, 300px\" \/><\/a><\/p>\n<p><a href=\"https:\/\/baraka.cc\/wp-content\/uploads\/2018\/05\/11.jpg\"><img decoding=\"async\" loading=\"lazy\" class=\"alignnone size-medium wp-image-5986\" alt=\"11\" src=\"https:\/\/baraka.cc\/wp-content\/uploads\/2018\/05\/11-300x200.jpg\" width=\"300\" height=\"200\" srcset=\"https:\/\/baraka.cc\/wp-content\/uploads\/2018\/05\/11-300x200.jpg 300w, https:\/\/baraka.cc\/wp-content\/uploads\/2018\/05\/11.jpg 960w\" sizes=\"(max-width: 300px) 100vw, 300px\" \/><\/a><\/p>\n<p>Ara b\u00f6lgeye ge\u00e7i\u015fte ve d\u00f6n\u00fc\u015fte barikatta uzun kuyruklar olmas\u0131, ara b\u00f6lgede ise BM askerleri ile etraf\u0131m\u0131z sar\u0131l\u0131 bir alanda 1 May\u0131s\u2019\u0131 kutlamak zorumuza gitse de bar\u0131\u015f m\u00fccadelemizi per\u00e7inledi.<\/p>\n<p><a href=\"https:\/\/baraka.cc\/wp-content\/uploads\/2018\/05\/2.jpg\"><img decoding=\"async\" loading=\"lazy\" class=\"alignnone size-medium wp-image-5987\" alt=\"2\" src=\"https:\/\/baraka.cc\/wp-content\/uploads\/2018\/05\/2-300x225.jpg\" width=\"300\" height=\"225\" srcset=\"https:\/\/baraka.cc\/wp-content\/uploads\/2018\/05\/2-300x225.jpg 300w, https:\/\/baraka.cc\/wp-content\/uploads\/2018\/05\/2.jpg 960w\" sizes=\"(max-width: 300px) 100vw, 300px\" \/><\/a><\/p>\n<p><a href=\"https:\/\/baraka.cc\/wp-content\/uploads\/2018\/05\/3.jpg\"><img decoding=\"async\" loading=\"lazy\" class=\"alignnone size-medium wp-image-5988\" alt=\"3\" src=\"https:\/\/baraka.cc\/wp-content\/uploads\/2018\/05\/3-300x225.jpg\" width=\"300\" height=\"225\" srcset=\"https:\/\/baraka.cc\/wp-content\/uploads\/2018\/05\/3-300x225.jpg 300w, https:\/\/baraka.cc\/wp-content\/uploads\/2018\/05\/3.jpg 960w\" sizes=\"(max-width: 300px) 100vw, 300px\" \/><\/a><\/p>\n<p><a href=\"https:\/\/baraka.cc\/wp-content\/uploads\/2018\/05\/4.jpg\"><img decoding=\"async\" loading=\"lazy\" class=\"alignnone size-medium wp-image-5989\" alt=\"4\" src=\"https:\/\/baraka.cc\/wp-content\/uploads\/2018\/05\/4-300x225.jpg\" width=\"300\" height=\"225\" srcset=\"https:\/\/baraka.cc\/wp-content\/uploads\/2018\/05\/4-300x225.jpg 300w, https:\/\/baraka.cc\/wp-content\/uploads\/2018\/05\/4.jpg 960w\" sizes=\"(max-width: 300px) 100vw, 300px\" \/><\/a><\/p>\n<p><a href=\"https:\/\/baraka.cc\/wp-content\/uploads\/2018\/05\/6.jpg\"><img decoding=\"async\" loading=\"lazy\" class=\"alignnone size-medium wp-image-5990\" alt=\"6\" src=\"https:\/\/baraka.cc\/wp-content\/uploads\/2018\/05\/6-300x225.jpg\" width=\"300\" height=\"225\" srcset=\"https:\/\/baraka.cc\/wp-content\/uploads\/2018\/05\/6-300x225.jpg 300w, https:\/\/baraka.cc\/wp-content\/uploads\/2018\/05\/6.jpg 960w\" sizes=\"(max-width: 300px) 100vw, 300px\" \/><\/a><\/p>\n<p><a href=\"https:\/\/baraka.cc\/wp-content\/uploads\/2018\/05\/12.jpg\"><img decoding=\"async\" loading=\"lazy\" class=\"alignnone size-medium wp-image-5991\" alt=\"12\" src=\"https:\/\/baraka.cc\/wp-content\/uploads\/2018\/05\/12-300x200.jpg\" width=\"300\" height=\"200\" srcset=\"https:\/\/baraka.cc\/wp-content\/uploads\/2018\/05\/12-300x200.jpg 300w, https:\/\/baraka.cc\/wp-content\/uploads\/2018\/05\/12.jpg 960w\" sizes=\"(max-width: 300px) 100vw, 300px\" \/><\/a><\/p>\n<p>&nbsp;<\/p>\n","protected":false},"excerpt":{"rendered":"<p>Baraka K\u00fclt\u00fcr Merkezi aktivist ve dostlar\u0131 olarak 1 May\u0131s\u2019ta yine sokaklardayd\u0131k, taleplerimizi, isyanlar\u0131m\u0131z\u0131 hayk\u0131rd\u0131k. Bu y\u0131l ana pankart\u0131m\u0131zda \u201cDireni\u015fin \u015eiiri, \u00d6zg\u00fcrl\u00fc\u011f\u00fcn \u015eark\u0131s\u0131, Devrimin Provas\u0131d\u0131r 1<\/p>\n","protected":false},"author":3,"featured_media":5992,"comment_status":"open","ping_status":"open","sticky":false,"template":"","format":"standard","meta":{"jetpack_post_was_ever_published":false,"_jetpack_newsletter_access":"","_jetpack_newsletter_tier_id":0,"jetpack_publicize_message":"","jetpack_is_tweetstorm":false,"jetpack_publicize_feature_enabled":true,"jetpack_social_post_already_shared":true,"jetpack_social_options":{"image_generator_settings":{"template":"highway","enabled":false}}},"categories":[51,47,9,1],"tags":[],"jetpack_publicize_connections":[],"jetpack_featured_media_url":"https:\/\/baraka.cc\/wp-content\/uploads\/2018\/05\/13.jpg","jetpack_shortlink":"https:\/\/wp.me\/p4eHWX-1yt","jetpack_sharing_enabled":true,"_links":{"self":[{"href":"https:\/\/baraka.cc\/index.php?rest_route=\/wp\/v2\/posts\/5981"}],"collection":[{"href":"https:\/\/baraka.cc\/index.php?rest_route=\/wp\/v2\/posts"}],"about":[{"href":"https:\/\/baraka.cc\/index.php?rest_route=\/wp\/v2\/types\/post"}],"author":[{"embeddable":true,"href":"https:\/\/baraka.cc\/index.php?rest_route=\/wp\/v2\/users\/3"}],"replies":[{"embeddable":true,"href":"https:\/\/baraka.cc\/index.php?rest_route=%2Fwp%2Fv2%2Fcomments&post=5981"}],"version-history":[{"count":2,"href":"https:\/\/baraka.cc\/index.php?rest_route=\/wp\/v2\/posts\/5981\/revisions"}],"predecessor-version":[{"id":5994,"href":"https:\/\/baraka.cc\/index.php?rest_route=\/wp\/v2\/posts\/5981\/revisions\/5994"}],"wp:featuredmedia":[{"embeddable":true,"href":"https:\/\/baraka.cc\/index.php?rest_route=\/wp\/v2\/media\/5992"}],"wp:attachment":[{"href":"https:\/\/baraka.cc\/index.php?rest_route=%2Fwp%2Fv2%2Fmedia&parent=5981"}],"wp:term":[{"taxonomy":"category","embeddable":true,"href":"https:\/\/baraka.cc\/index.php?rest_route=%2Fwp%2Fv2%2Fcategories&post=5981"},{"taxonomy":"post_tag","embeddable":true,"href":"https:\/\/baraka.cc\/index.php?rest_route=%2Fwp%2Fv2%2Ftags&post=5981"}],"curies":[{"name":"wp","href":"https:\/\/api.w.org\/{rel}","templated":true}]}}