{"id":5995,"date":"2018-05-03T09:38:33","date_gmt":"2018-05-03T07:38:33","guid":{"rendered":"https:\/\/baraka.cc\/?p=5995"},"modified":"2018-05-03T09:38:33","modified_gmt":"2018-05-03T07:38:33","slug":"dunya-yalniz-bizim-degil-hareketi-tarim-bakanligi-ile-hayvan-refahi-yasasini-gorustu","status":"publish","type":"post","link":"https:\/\/baraka.cc\/?p=5995","title":{"rendered":"D\u00fcnya Yaln\u0131z Bizim De\u011fil Hareketi Tar\u0131m Bakanl\u0131\u011f\u0131 ile Hayvan Refah\u0131 Yasas\u0131n\u0131 G\u00f6r\u00fc\u015ft\u00fc"},"content":{"rendered":"<p style=\"text-align: center;\"><a href=\"https:\/\/baraka.cc\/wp-content\/uploads\/2018\/05\/31749608_10156368791327445_1204264428426493952_n.jpg\"><img decoding=\"async\" loading=\"lazy\" class=\"alignnone size-medium wp-image-5996\" alt=\"31749608_10156368791327445_1204264428426493952_n\" src=\"https:\/\/baraka.cc\/wp-content\/uploads\/2018\/05\/31749608_10156368791327445_1204264428426493952_n-300x264.jpg\" width=\"300\" height=\"264\" srcset=\"https:\/\/baraka.cc\/wp-content\/uploads\/2018\/05\/31749608_10156368791327445_1204264428426493952_n-300x264.jpg 300w, https:\/\/baraka.cc\/wp-content\/uploads\/2018\/05\/31749608_10156368791327445_1204264428426493952_n.jpg 465w\" sizes=\"(max-width: 300px) 100vw, 300px\" \/><\/a><\/p>\n<p>Baraka&#8217;n\u0131n da bile\u015feni oldu\u011fu D\u00fcnya Yaln\u0131z Bizim De\u011fil Hareketi temsilcilerinden olu\u015fan bir heyet, Tar\u0131m Bakanl\u0131\u011f\u0131 M\u00fcste\u015far\u0131 Ercan S\u0131nay ile bir g\u00f6r\u00fc\u015fme ger\u00e7ekle\u015ftirerek Hayvan Refah\u0131 Yasas\u0131 konusunda g\u00f6r\u00fc\u015f al\u0131\u015f veri\u015finde bulundu. Hareketin haz\u0131rlam\u0131\u015f oldu\u011fu ve ge\u00e7en d\u00f6nem Meclis\u2019e sunulan Yasa De\u011fi\u015fiklik \u00d6nerisi hat\u0131rlat\u0131larak h\u00fck\u00fcmetten, kad\u00fck olan bu Yasay\u0131 canland\u0131rarak tekrar Meclise sunmas\u0131 talep edildi. Hayvan Refah\u0131 (De\u011fi\u015fiklik) Yasa Tasar\u0131s\u0131, detayl\u0131 gerek\u00e7esi ile birlikte Bakanl\u0131\u011fa iletildi.<\/p>\n<p>G\u00f6r\u00fc\u015fmede Hayvan Refah\u0131 Yasas\u0131\u2019n\u0131n mevcut halinin uygulanmas\u0131nda ve denetlenmesinde s\u0131k\u0131nt\u0131lar oldu\u011fu aktar\u0131larak polisin hayvan haklar\u0131 konusunda bilin\u00e7lendirilmesi ve Yasay\u0131 uygulamas\u0131 gerekti\u011fi hat\u0131rlat\u0131ld\u0131. Hayvan Refah\u0131 Dan\u0131\u015fma Komitesi\u2019nde demokratik kitle \u00f6rg\u00fctlerinin temsiliyetinin art\u0131r\u0131lmas\u0131 gerekti\u011finin vurguland\u0131\u011f\u0131 toplant\u0131da hayvan deneyleri hususunda hareketin g\u00f6r\u00fc\u015f\u00fc anlat\u0131larak bu t\u00fcr deneylerin yasaklanmas\u0131 talep edildi. Hayvan haklar\u0131na ayk\u0131r\u0131 su\u00e7 i\u015fleyenlere verilecek cezalar\u0131n i\u015flevsel ve \u0131slah edici olabilmesi i\u00e7in \u201ckamu hizmeti\u201d ad\u0131 alt\u0131nda hayvanlara ve \u00e7evreye faydas\u0131 olacak yapt\u0131r\u0131mlar\u0131n uygulanmas\u0131 gerekti\u011fi belirtildi. M\u00fcste\u015far S\u0131nay ise Veteriner Dairesinin bu Yasa ve paralel yasal d\u00fczenlemeler hakk\u0131nda \u00e7al\u0131\u015fmalar yapt\u0131\u011f\u0131n\u0131 ve kendilerine sunulan bu \u00e7al\u0131\u015fmay\u0131 da inceleyeceklerini s\u00f6yledi.<\/p>\n<p><b>Nas\u0131l Olmu\u015ftu<\/b><\/p>\n<p>Milletvekilli\u011fi se\u00e7imleri \u00f6ncesinde TDP Milletvekilleri taraf\u0131ndan Meclise sunulan Hayvan Refah\u0131 (De\u011fi\u015fiklik) Yasa \u00d6nerisinin ivedili\u011fi Meclis Genel Kurulunda oybirli\u011fi ile kabul edilmi\u015f ve bu durum hayvan severleri memnun etmi\u015fti. Ancak ivedi oldu\u011fu, Meclisteki t\u00fcm partilerce oybirli\u011fi ile tescillenen bu Yasa g\u00f6r\u00fc\u015f\u00fclemeden se\u00e7imler ger\u00e7ekle\u015fmi\u015f ve Yasa kad\u00fck olmu\u015ftu. Bunun \u00fczerine D\u00fcnya Yaln\u0131z Bizim De\u011fil Hareketi temsilcileri, h\u00fck\u00fcmetten bu Yasay\u0131 canland\u0131rmas\u0131n\u0131 talep etti.<\/p>\n<p><b>Yasa De\u011fi\u015fikli\u011fi Ne \u0130\u00e7eriyor<\/b><\/p>\n<p>2013 y\u0131l\u0131nda y\u00fcr\u00fcrl\u00fc\u011fe giren Hayvan Refah\u0131 Yasas\u0131, baz\u0131 hususlarda ilerleme kaydedilmesine vesile olsa dahi halen daha hayvan haklar\u0131 ile ilgili \u00e7ok ciddi s\u0131k\u0131nt\u0131lar ya\u015fanmaktad\u0131r. Gerek sokak hayvanlar\u0131 gerekse sahipli hayvanlar\u0131n, \u00f6ld\u00fcr\u00fclmesi veya i\u015fkenceye maruz kalmas\u0131 ve sorumlular\u0131n cezaland\u0131r\u0131lamamas\u0131 bir yanda dururken, \u00f6te yandan \u00fclkemizde hayvan deneyleri yap\u0131lmas\u0131 da g\u00fcndeme gelmi\u015ftir. Hayvan haklar\u0131n\u0131n daha ileriye gidebilmesi i\u00e7in Hayvan Refah\u0131 Dan\u0131\u015fma Komitesi\u2019nde demokratik kitle \u00f6rg\u00fctlerinin etkisi art\u0131r\u0131lmal\u0131; hayvan deneyleri t\u00fcm\u00fcyle yasaklanmal\u0131; hayvanlar\u0131n acil durumlarda \u00f6ld\u00fcr\u00fclmesini d\u00fczenleyen madde yeniden ele al\u0131nmal\u0131; cezalar\u0131n i\u015flevsel ve \u0131slah edici olabilmesi i\u00e7in \u201ckamu hizmeti\u201d ad\u0131 alt\u0131nda hayvanlara, do\u011faya ve \u00e7evreye faydas\u0131 olacak yapt\u0131r\u0131mlar ve cezalar uygulanabilmeli; su\u00e7un tekerr\u00fcr\u00fc halinde cezalar art\u0131r\u0131lmal\u0131d\u0131r. Ayr\u0131ca belediyeler taraf\u0131ndan toplanan hayvanlar\u0131n ba\u015fka bir belde s\u0131n\u0131r\u0131na, ormanl\u0131k alana veya yaban hayata b\u0131rak\u0131lmas\u0131 sorunlar\u0131 \u00e7\u00f6zmemekte bilakis art\u0131rmaktad\u0131r. Bar\u0131naklar\u0131n yetkili veterinerlerce denetlenmesi, Belediyelerin hayvan hakk\u0131 ihlalleri i\u00e7in ihbar hatt\u0131 olu\u015fturmas\u0131, \u00e7al\u0131\u015ft\u0131r\u0131lan hayvanlarla ilgili \u00f6zel kurallar konarak sahiplerine y\u00fck\u00fcml\u00fcl\u00fckler getirilmesi Hayvan Refah\u0131 Yasas\u0131\u2019n\u0131 daha ileriye ta\u015f\u0131yacakt\u0131r.<\/p>\n","protected":false},"excerpt":{"rendered":"<p>Baraka&#8217;n\u0131n da bile\u015feni oldu\u011fu D\u00fcnya Yaln\u0131z Bizim De\u011fil Hareketi temsilcilerinden olu\u015fan bir heyet, Tar\u0131m Bakanl\u0131\u011f\u0131 M\u00fcste\u015far\u0131 Ercan S\u0131nay ile bir g\u00f6r\u00fc\u015fme ger\u00e7ekle\u015ftirerek Hayvan Refah\u0131 Yasas\u0131<\/p>\n","protected":false},"author":3,"featured_media":5996,"comment_status":"open","ping_status":"open","sticky":false,"template":"","format":"standard","meta":{"jetpack_post_was_ever_published":false,"_jetpack_newsletter_access":"","_jetpack_newsletter_tier_id":0,"jetpack_publicize_message":"","jetpack_is_tweetstorm":false,"jetpack_publicize_feature_enabled":true,"jetpack_social_post_already_shared":true,"jetpack_social_options":{"image_generator_settings":{"template":"highway","enabled":false}}},"categories":[9,1],"tags":[],"jetpack_publicize_connections":[],"jetpack_featured_media_url":"https:\/\/baraka.cc\/wp-content\/uploads\/2018\/05\/31749608_10156368791327445_1204264428426493952_n.jpg","jetpack_shortlink":"https:\/\/wp.me\/p4eHWX-1yH","jetpack_sharing_enabled":true,"_links":{"self":[{"href":"https:\/\/baraka.cc\/index.php?rest_route=\/wp\/v2\/posts\/5995"}],"collection":[{"href":"https:\/\/baraka.cc\/index.php?rest_route=\/wp\/v2\/posts"}],"about":[{"href":"https:\/\/baraka.cc\/index.php?rest_route=\/wp\/v2\/types\/post"}],"author":[{"embeddable":true,"href":"https:\/\/baraka.cc\/index.php?rest_route=\/wp\/v2\/users\/3"}],"replies":[{"embeddable":true,"href":"https:\/\/baraka.cc\/index.php?rest_route=%2Fwp%2Fv2%2Fcomments&post=5995"}],"version-history":[{"count":1,"href":"https:\/\/baraka.cc\/index.php?rest_route=\/wp\/v2\/posts\/5995\/revisions"}],"predecessor-version":[{"id":5997,"href":"https:\/\/baraka.cc\/index.php?rest_route=\/wp\/v2\/posts\/5995\/revisions\/5997"}],"wp:featuredmedia":[{"embeddable":true,"href":"https:\/\/baraka.cc\/index.php?rest_route=\/wp\/v2\/media\/5996"}],"wp:attachment":[{"href":"https:\/\/baraka.cc\/index.php?rest_route=%2Fwp%2Fv2%2Fmedia&parent=5995"}],"wp:term":[{"taxonomy":"category","embeddable":true,"href":"https:\/\/baraka.cc\/index.php?rest_route=%2Fwp%2Fv2%2Fcategories&post=5995"},{"taxonomy":"post_tag","embeddable":true,"href":"https:\/\/baraka.cc\/index.php?rest_route=%2Fwp%2Fv2%2Ftags&post=5995"}],"curies":[{"name":"wp","href":"https:\/\/api.w.org\/{rel}","templated":true}]}}