{"id":5998,"date":"2018-05-03T10:04:03","date_gmt":"2018-05-03T08:04:03","guid":{"rendered":"https:\/\/baraka.cc\/?p=5998"},"modified":"2018-05-03T10:20:49","modified_gmt":"2018-05-03T08:20:49","slug":"aradiginiz-fasizme-ulasilamiyor-tekrar-denemeyin-mehmet-adaman","status":"publish","type":"post","link":"https:\/\/baraka.cc\/?p=5998","title":{"rendered":"Arad\u0131\u011f\u0131n\u0131z Fa\u015fizme Ula\u015f\u0131lam\u0131yor, Tekrar Denemeyin! &#8211; Mehmet Adaman"},"content":{"rendered":"<p align=\"center\"><em>3 ayl\u0131k k\u00fclt\u00fcr-sanat politika dergisi Argasdi&#8217;nin Nisan-May\u0131s-Haziran aylar\u0131n\u0131 kapsayan 50. say\u0131s\u0131ndaki g\u00fcndem yaz\u0131s\u0131&#8230;<\/em><\/p>\n<p align=\"center\"><em>Argasdi&#8217;yi t\u00fcm marketlerden alabilirsiniz.<\/em><\/p>\n<p align=\"center\"><a href=\"https:\/\/baraka.cc\/wp-content\/uploads\/2018\/05\/deneme.jpg\"><img decoding=\"async\" loading=\"lazy\" class=\"alignnone size-medium wp-image-5999\" alt=\"deneme\" src=\"https:\/\/baraka.cc\/wp-content\/uploads\/2018\/05\/deneme-300x199.jpg\" width=\"300\" height=\"199\" srcset=\"https:\/\/baraka.cc\/wp-content\/uploads\/2018\/05\/deneme-300x199.jpg 300w, https:\/\/baraka.cc\/wp-content\/uploads\/2018\/05\/deneme.jpg 960w\" sizes=\"(max-width: 300px) 100vw, 300px\" \/><\/a><\/p>\n<p style=\"text-align: left;\" align=\"center\">Olduk\u00e7a yo\u011fun ve bir o kadar da \u00f6nemli bir d\u00f6nemden ge\u00e7iyoruz. Son zamanlarda ya\u015fanan ve \u00fclke g\u00fcndeminde yer alan konular\u0131 bu yaz\u0131da kendi bak\u0131\u015f a\u00e7\u0131m\u0131zla k\u0131saca yorumlamaya \u00e7al\u0131\u015faca\u011f\u0131z.<\/p>\n<p>7 Ocak se\u00e7imlerinin ard\u0131ndan kurulan CTP-HP-DP-TDP koalisyonu, \u00f6nceki h\u00fck\u00fcmetler d\u00f6neminde yap\u0131lan usuls\u00fczl\u00fcklerin, helva da\u011f\u0131t\u0131r gibi da\u011f\u0131t\u0131lan vatanda\u015fl\u0131klar\u0131n ve daha bir\u00e7ok \u00e7arp\u0131kl\u0131\u011f\u0131n hesab\u0131n\u0131n sorulaca\u011f\u0131n\u0131n vadedilmesi nedeniyle halkta ciddi bir beklenti yaratt\u0131. Ankara\u2019n\u0131n de\u011fil de kendi halk\u0131n\u0131n \u00e7\u0131karlar\u0131na odaklanan ve bunun i\u00e7in \u00e7al\u0131\u015fan bir h\u00fck\u00fcmet prati\u011fi g\u00f6rmek hemen hemen herkesin beklentisi\u2026<\/p>\n<p>Se\u00e7im sonu\u00e7lar\u0131 ile ilgili d\u00fc\u015f\u00fcn\u00fclmesi gereken en \u00f6nemli nokta ise YDP gibi fa\u015fist bir partinin Meclise iki milletvekili sokmas\u0131d\u0131r. G\u00fcneyde ELAM, kuzeyde ise YDP\u2019nin Meclise girmi\u015f olmalar\u0131 ve y\u00fckselen fa\u015fizm \u00fclkemizin gelece\u011fi ad\u0131na kayg\u0131 vericidir. Politikalar\u0131n\u0131 s\u00fcrekli olarak T\u00fcrkiyeli-K\u0131br\u0131sl\u0131 ayr\u0131mc\u0131l\u0131\u011f\u0131 \u00fczerinden \u015fekillendiren ve halk i\u00e7erisinde bu ayr\u0131m\u0131 k\u00f6r\u00fckleyerek gerginli\u011fi art\u0131rmay\u0131 ama\u00e7layan fa\u015fistlerin \u00f6rg\u00fctl\u00fc k\u00f6t\u00fcl\u00fc\u011f\u00fcne kar\u015f\u0131; iyili\u011fi, bar\u0131\u015f\u0131 ve halklar\u0131n karde\u015fli\u011fini savunmak zorunday\u0131z. E\u011fer bunu ba\u015faramazsak bizi nelerin bekledi\u011fini hepimiz \u00e7ok iyi biliyoruz. \u015eunu da teslim etmek gerekir ki, bug\u00fcn \u00fclkemizde y\u00fckselen fa\u015fizmin bir sebebi de K\u0131br\u0131sl\u0131 T\u00fcrk solunun y\u0131llarca T\u00fcrkiyeli g\u00f6\u00e7menleri d\u0131\u015flamas\u0131 ve emek siyaseti \u00fczerinden birle\u015ftirici bir tutum sergilememesidir.<\/p>\n<p>Se\u00e7imlerin hemen ard\u0131ndan bizzat Tayyip Erdo\u011fan\u2019dan ald\u0131klar\u0131 talimatla, gazetede at\u0131lan bir man\u015feti sebep g\u00f6stererek 22 Ocak g\u00fcn\u00fc Afrika gazetesinin ve Meclisin \u00f6n\u00fcne y\u0131\u011f\u0131lan g\u00f6z\u00fc d\u00f6nm\u00fc\u015f fa\u015fistlerin neler yapabileceklerini ve bir s\u0131n\u0131rlar\u0131n\u0131n olmad\u0131\u011f\u0131n\u0131 bir kez daha g\u00f6rd\u00fck. O g\u00fcn orada ya\u015fananlar hepimizi derinden sarst\u0131. Kendinden olmayan\u0131 yok etmek isteyen, ifade \u00f6zg\u00fcrl\u00fc\u011f\u00fc gibi en temel insan haklar\u0131ndan birisine fiilen sald\u0131rmaktan hi\u00e7 \u00e7ekinmeyen gerici ve fa\u015fist zihniyetle burun buruna geldik. \u00d6te yandan ayn\u0131 g\u00fcn, her f\u0131rsatta \u201cmilli irade\u201d diye ba\u011f\u0131ranlar\u0131n, milletin gaspedilmi\u015f de olsa iradesinin sembol\u00fc olan Meclisin dam\u0131nda yapt\u0131klar\u0131 \u015fey, bizzat K\u0131br\u0131sl\u0131 T\u00fcrklerin iradesinin ayaklar alt\u0131na al\u0131nmas\u0131ndan ba\u015fka bir \u015fey de\u011fildi.<\/p>\n<p>22 Ocak g\u00fcn\u00fc en \u00e7ok dikkat \u00e7eken ayr\u0131nt\u0131lardan biri de polisin tutumuydu. Ge\u00e7ici 10.madde nedeniyle sivil otoriteye de\u011fil, askere; dolay\u0131s\u0131yla Ankara\u2019ya ba\u011fl\u0131 polis te\u015fkilat\u0131m\u0131z\u0131n Ankara\u2019dan ald\u0131klar\u0131 direktif sebebiyle olaylar kar\u015f\u0131s\u0131nda hi\u00e7bir \u00f6nlem almay\u0131\u015f\u0131 ve ma\u00e7 seyreder gibi olaylar\u0131 seyretmesi bizlere bir kez daha Ge\u00e7ici 10. maddenin kald\u0131r\u0131l\u0131p, polisin sivile yani halka ba\u011flanmas\u0131n\u0131n ne kadar \u00f6nemli ve hayati bir mesele oldu\u011funu hat\u0131rlatt\u0131. Bu ba\u011flamda yeni kurulan koalisyon h\u00fck\u00fcmetinin program\u0131nda polisin sivile ba\u011flanmas\u0131 ile ilgili bir politikan\u0131n olmay\u0131\u015f\u0131 ve bu kadar ciddi bir konunun g\u00f6z ard\u0131 edilmek istenmesi, halkta ciddi bir hayal k\u0131r\u0131kl\u0131\u011f\u0131 yaratm\u0131\u015f durumdad\u0131r.<\/p>\n<p>Ankara taraf\u0131ndan yerli i\u015fbirlik\u00e7ilerince y\u00fckseltilen fa\u015fizme kar\u015f\u0131 en g\u00fczel yan\u0131t; bar\u0131\u015f\u0131, insan haklar\u0131na sayg\u0131y\u0131, demokrasiyi, \u00f6zg\u00fcrl\u00fc\u011f\u00fc, halklar\u0131n karde\u015fli\u011fini savunmak i\u00e7in soka\u011fa \u00e7\u0131kmakt\u0131. Bu anlamda Sendikal Platform taraf\u0131ndan d\u00fczenlenen \u201cBar\u0131\u015f ve Demokrasi Y\u00fcr\u00fcy\u00fc\u015f\u00fc\u201d, \u00fclkemize dair umutlar\u0131m\u0131z\u0131 canl\u0131 tutmam\u0131z\u0131 sa\u011flad\u0131. O gergin ortamda, tam da ad\u0131na yak\u0131\u015f\u0131r \u015fekilde, ba\u015fta YDP olmak \u00fczere fa\u015fistlerin binbir t\u00fcrl\u00fc provakasyon giri\u015fimine ra\u011fmen binlerce yurtsever insan soka\u011fa d\u00f6k\u00fcl\u00fcp, ifade \u00f6zg\u00fcrl\u00fc\u011f\u00fcn\u00fcn vazge\u00e7ilmez oldu\u011funu hayk\u0131rd\u0131. K\u0131br\u0131sl\u0131-T\u00fcrkiyeli ayr\u0131m\u0131 yaparak bizi birbirimize d\u00fc\u015f\u00fcrmeye \u00e7al\u0131\u015fanlara, bizim derdimizin insanlarla de\u011fil, Ankara h\u00fck\u00fcmetinin memleketimizdeki politikalar\u0131yla ilgili oldu\u011funu en g\u00fczel \u015fekilde bir kez daha g\u00f6sterdik. K\u0131br\u0131sl\u0131 T\u00fcrklerin fa\u015fizme kar\u015f\u0131 g\u00f6sterdikleri bu kararl\u0131 ve onurlu duru\u015f, eylem g\u00fcn\u00fc Afrika\u2019ya ve Meclise sald\u0131ran fa\u015fistleri k\u0131l\u0131n\u0131 k\u0131p\u0131rdatmadan izleyen ve a\u00e7\u0131k\u00e7a su\u00e7 i\u015flemelerine ra\u011fmen hi\u00e7bir tutuklama yapmayan polisi ve savc\u0131l\u0131\u011f\u0131 da harekete ge\u00e7mek zorunda b\u0131rakt\u0131. Yap\u0131lan tutuklamalar\u0131n ard\u0131ndan, dava s\u00fcrecinde savc\u0131l\u0131\u011f\u0131n tutumu da \u00e7ok dikkat \u00e7ekiciydi. Savc\u0131l\u0131\u011f\u0131n, zanl\u0131lar\u0131n tutuksuz yarg\u0131nlanmalar\u0131n\u0131 talep etmesi, daha az ceza almalar\u0131 i\u00e7in Meclis dam\u0131na \u00e7\u0131k\u0131p bayrak sallamak gibi daha bir\u00e7ok su\u00e7u davaya dahil etmemesi, bizlere g\u00f6re tamamen Ankara\u2019n\u0131n talimat\u0131yla ya da Ankara\u2019n\u0131n gazab\u0131na u\u011framak korkusuyla yap\u0131ld\u0131. Ancak ald\u0131\u011f\u0131 pek \u00e7ok tehdit mesaj\u0131na ve savc\u0131l\u0131\u011f\u0131n tarafl\u0131 tutumuna ra\u011fmen yarg\u0131c\u0131n zanl\u0131lara vermi\u015f oldu\u011fu hapislik cezalar\u0131 toplum vicdan\u0131n\u0131 biraz da olsa rahatlatt\u0131 ve yarg\u0131 ba\u011f\u0131ms\u0131zl\u0131\u011f\u0131n\u0131n ne kadar \u00f6nemli oldu\u011funu g\u00f6sterdi. Ancak unutmamak gerekir ki polis sivile ba\u011flanmad\u0131k\u00e7a, y\u00fckseltilmeye \u00e7al\u0131\u015f\u0131lan fa\u015fizme kar\u015f\u0131 \u00f6zellikle k\u0131rsal kesimlerde ya\u015fayan g\u00f6\u00e7menlerle temas ederek onlarla da birlikte fa\u015fizme kar\u015f\u0131 m\u00fccadele edilmedik\u00e7e, T\u00fcrkiyeli-K\u0131br\u0131sl\u0131 ayr\u0131m\u0131 yap\u0131lmas\u0131na izin verildik\u00e7e, b\u00f6ylesi olaylarla tekrar kar\u015f\u0131la\u015fabiliriz. \u00c7\u00fcnk\u00fc Ankara bunu istiyor. Fa\u015fizme kar\u015f\u0131, halklar\u0131n karde\u015fli\u011fi ve bar\u0131\u015f m\u00fccadelesine hi\u00e7 ara vermeden devam etmek zorunday\u0131z. \u00c7\u00fcnk\u00fc Bertolt Brecht\u2019in dedi\u011fi gibi \u201cFa\u015fizme kar\u015f\u0131 birle\u015fmeyenler, fa\u015fizmin zindanlar\u0131nda bulu\u015fur.\u201d<\/p>\n<p>Mehmet Adaman<\/p>\n","protected":false},"excerpt":{"rendered":"<p>3 ayl\u0131k k\u00fclt\u00fcr-sanat politika dergisi Argasdi&#8217;nin Nisan-May\u0131s-Haziran aylar\u0131n\u0131 kapsayan 50. say\u0131s\u0131ndaki g\u00fcndem yaz\u0131s\u0131&#8230; Argasdi&#8217;yi t\u00fcm marketlerden alabilirsiniz. Olduk\u00e7a yo\u011fun ve bir o kadar da \u00f6nemli<\/p>\n","protected":false},"author":3,"featured_media":5999,"comment_status":"open","ping_status":"open","sticky":false,"template":"","format":"standard","meta":{"jetpack_post_was_ever_published":false,"_jetpack_newsletter_access":"","_jetpack_newsletter_tier_id":0,"jetpack_publicize_message":"","jetpack_is_tweetstorm":false,"jetpack_publicize_feature_enabled":true,"jetpack_social_post_already_shared":true,"jetpack_social_options":{"image_generator_settings":{"template":"highway","enabled":false}}},"categories":[40,67,9,42,1,39],"tags":[],"jetpack_publicize_connections":[],"jetpack_featured_media_url":"https:\/\/baraka.cc\/wp-content\/uploads\/2018\/05\/deneme.jpg","jetpack_shortlink":"https:\/\/wp.me\/p4eHWX-1yK","jetpack_sharing_enabled":true,"_links":{"self":[{"href":"https:\/\/baraka.cc\/index.php?rest_route=\/wp\/v2\/posts\/5998"}],"collection":[{"href":"https:\/\/baraka.cc\/index.php?rest_route=\/wp\/v2\/posts"}],"about":[{"href":"https:\/\/baraka.cc\/index.php?rest_route=\/wp\/v2\/types\/post"}],"author":[{"embeddable":true,"href":"https:\/\/baraka.cc\/index.php?rest_route=\/wp\/v2\/users\/3"}],"replies":[{"embeddable":true,"href":"https:\/\/baraka.cc\/index.php?rest_route=%2Fwp%2Fv2%2Fcomments&post=5998"}],"version-history":[{"count":3,"href":"https:\/\/baraka.cc\/index.php?rest_route=\/wp\/v2\/posts\/5998\/revisions"}],"predecessor-version":[{"id":6002,"href":"https:\/\/baraka.cc\/index.php?rest_route=\/wp\/v2\/posts\/5998\/revisions\/6002"}],"wp:featuredmedia":[{"embeddable":true,"href":"https:\/\/baraka.cc\/index.php?rest_route=\/wp\/v2\/media\/5999"}],"wp:attachment":[{"href":"https:\/\/baraka.cc\/index.php?rest_route=%2Fwp%2Fv2%2Fmedia&parent=5998"}],"wp:term":[{"taxonomy":"category","embeddable":true,"href":"https:\/\/baraka.cc\/index.php?rest_route=%2Fwp%2Fv2%2Fcategories&post=5998"},{"taxonomy":"post_tag","embeddable":true,"href":"https:\/\/baraka.cc\/index.php?rest_route=%2Fwp%2Fv2%2Ftags&post=5998"}],"curies":[{"name":"wp","href":"https:\/\/api.w.org\/{rel}","templated":true}]}}