{"id":6004,"date":"2018-05-03T13:28:03","date_gmt":"2018-05-03T11:28:03","guid":{"rendered":"https:\/\/baraka.cc\/?p=6004"},"modified":"2018-05-03T13:28:03","modified_gmt":"2018-05-03T11:28:03","slug":"izle-tartista-parada-filmini-izliyoruz","status":"publish","type":"post","link":"https:\/\/baraka.cc\/?p=6004","title":{"rendered":"\u0130ZLE-TARTI\u015e\u2019TA \u201cPARADA\u201d F\u0130LM\u0130N\u0130 \u0130ZL\u0130YORUZ"},"content":{"rendered":"<p><a href=\"https:\/\/baraka.cc\/wp-content\/uploads\/2018\/05\/parada.jpg\"><img decoding=\"async\" loading=\"lazy\" class=\"alignnone size-medium wp-image-6006\" alt=\"parada\" src=\"https:\/\/baraka.cc\/wp-content\/uploads\/2018\/05\/parada-300x114.jpg\" width=\"300\" height=\"114\" srcset=\"https:\/\/baraka.cc\/wp-content\/uploads\/2018\/05\/parada-300x114.jpg 300w, https:\/\/baraka.cc\/wp-content\/uploads\/2018\/05\/parada-1024x389.jpg 1024w\" sizes=\"(max-width: 300px) 100vw, 300px\" \/><\/a>Baraka\u2019n\u0131n en uzun soluklu etkinli\u011fi olan \u0130zle-Tart\u0131\u015f, bu ay yine \u00f6zel bir g\u00f6sterim ger\u00e7ekle\u015ftiriliyor.<\/p>\n<p>\u00dclkemizde \u00fc\u00e7 y\u0131ld\u0131r d\u00fczenlenen 17 May\u0131s Homofobi, Bifobi ve Transfobi Kar\u015f\u0131tl\u0131\u011f\u0131 G\u00fcn\u00fc kapsam\u0131ndaki etkinliklere Baraka da organizat\u00f6r olarak kat\u0131lmaktad\u0131r. Bu y\u0131l da, komitenin \u00e7e\u015fitli organizasyonlarla g\u00fczelle\u015ftirdi\u011fi etkinlikler haftas\u0131nda yer alan drama at\u00f6lyemizin yan\u0131nda, \u0130zle-Tart\u0131\u015f etkinli\u011fimizde de LGBT hareketini konu almak \u00fczere PARADA filmini g\u00f6steriyoruz.<\/p>\n<p>Bir grup gay aktivist, Belgrad&#8217;da bir \u00a0Pride y\u00fcr\u00fcy\u00fc\u015f\u00fc organize etmek istemektedir. S\u0131rbistan&#8217;da 2001 y\u0131l\u0131nda ayn\u0131 ama\u00e7 i\u00e7in biraraya gelindi\u011finde ya\u015fanan vah\u015fetten sonra bu y\u00fcr\u00fcy\u00fc\u015f\u00fc ger\u00e7ekle\u015ftirmek olduk\u00e7a risklidir. Polisin koruma sa\u011flamay\u0131 reddetmesiyle birlikte y\u00fcr\u00fcy\u00fc\u015f tehlikeye girer. \u0130\u015fte bu film bir grup e\u015fcinselin S\u0131rbistan sokaklar\u0131nda d\u00fczenlemek istedikleri y\u00fcr\u00fcy\u00fc\u015f i\u00e7in verdikleri m\u00fccadeleyi ve destek almak ad\u0131na yard\u0131m talep ettikleri bir\u00e7ok kurulu\u015ftan geri \u00e7evrilirken heteroseks\u00fcel bir su\u00e7lu ve ekibinden g\u00f6rd\u00fckleri ilgi ve sahiplenilmeyi baz almaktad\u0131r.<\/p>\n<p>Kad\u0131n, erkek, LGBT, \u00e7ocuk farketmeksizin herkesin e\u015fit olmas\u0131 gerekti\u011fine inand\u0131\u011f\u0131m\u0131z ve t\u00fcm m\u00fccadeleyi de bu yolda \u00f6rd\u00fc\u011f\u00fcm\u00fcz \u00fclkemizde, \u00fc\u00e7 y\u0131ld\u0131r bu y\u00fcr\u00fcy\u00fc\u015f\u00fcn d\u00fczenleniyor olmas\u0131 da \u00e7ok b\u00fcy\u00fck bir ilerlemedir. Elbette ki hala farkl\u0131l\u0131klar\u0131 kabullenemeyen kesimler vard\u0131r ve y\u00fcr\u00fcy\u00fc\u015fe tepkiler olmaktad\u0131r. Ancak bu yollar\u0131 birlikte y\u00fcr\u00fcd\u00fck\u00e7e \u00f6zg\u00fcrle\u015fece\u011fiz.<\/p>\n<p>\u00dclkemiz d\u0131\u015f\u0131ndan bir deneyimi birlikte izlemek isteyen herkesi <b>5 May\u0131s Cumartesi 20:00\u2019de Baraka K\u00fclt\u00fcr Merkezi <\/b>lokaline bekleriz. <b>\u00a0<\/b><\/p>\n<p><b>\u00a0\u00a0\u00a0\u00a0\u00a0\u00a0\u00a0\u00a0\u00a0\u00a0\u00a0 <\/b>\u00d6nce 5 May\u0131s\u2019ta birlikte film izleyecek, daha sonra 7 May\u0131s ak\u015fam\u0131 \u00f6yk\u00fc yazma ve drama at\u00f6lyesinde bulu\u015facak, 12 May\u0131s\u2019ta da sokaklar\u0131 birlikte renklendirece\u011fiz.<\/p>\n","protected":false},"excerpt":{"rendered":"<p>Baraka\u2019n\u0131n en uzun soluklu etkinli\u011fi olan \u0130zle-Tart\u0131\u015f, bu ay yine \u00f6zel bir g\u00f6sterim ger\u00e7ekle\u015ftiriliyor. \u00dclkemizde \u00fc\u00e7 y\u0131ld\u0131r d\u00fczenlenen 17 May\u0131s Homofobi, Bifobi ve Transfobi Kar\u015f\u0131tl\u0131\u011f\u0131<\/p>\n","protected":false},"author":8,"featured_media":6006,"comment_status":"open","ping_status":"open","sticky":false,"template":"","format":"standard","meta":{"jetpack_post_was_ever_published":false,"_jetpack_newsletter_access":"","_jetpack_newsletter_tier_id":0,"jetpack_publicize_message":"","jetpack_is_tweetstorm":false,"jetpack_publicize_feature_enabled":true,"jetpack_social_post_already_shared":true,"jetpack_social_options":{"image_generator_settings":{"template":"highway","enabled":false}}},"categories":[1],"tags":[],"jetpack_publicize_connections":[],"jetpack_featured_media_url":"https:\/\/baraka.cc\/wp-content\/uploads\/2018\/05\/parada.jpg","jetpack_shortlink":"https:\/\/wp.me\/p4eHWX-1yQ","jetpack_sharing_enabled":true,"_links":{"self":[{"href":"https:\/\/baraka.cc\/index.php?rest_route=\/wp\/v2\/posts\/6004"}],"collection":[{"href":"https:\/\/baraka.cc\/index.php?rest_route=\/wp\/v2\/posts"}],"about":[{"href":"https:\/\/baraka.cc\/index.php?rest_route=\/wp\/v2\/types\/post"}],"author":[{"embeddable":true,"href":"https:\/\/baraka.cc\/index.php?rest_route=\/wp\/v2\/users\/8"}],"replies":[{"embeddable":true,"href":"https:\/\/baraka.cc\/index.php?rest_route=%2Fwp%2Fv2%2Fcomments&post=6004"}],"version-history":[{"count":1,"href":"https:\/\/baraka.cc\/index.php?rest_route=\/wp\/v2\/posts\/6004\/revisions"}],"predecessor-version":[{"id":6007,"href":"https:\/\/baraka.cc\/index.php?rest_route=\/wp\/v2\/posts\/6004\/revisions\/6007"}],"wp:featuredmedia":[{"embeddable":true,"href":"https:\/\/baraka.cc\/index.php?rest_route=\/wp\/v2\/media\/6006"}],"wp:attachment":[{"href":"https:\/\/baraka.cc\/index.php?rest_route=%2Fwp%2Fv2%2Fmedia&parent=6004"}],"wp:term":[{"taxonomy":"category","embeddable":true,"href":"https:\/\/baraka.cc\/index.php?rest_route=%2Fwp%2Fv2%2Fcategories&post=6004"},{"taxonomy":"post_tag","embeddable":true,"href":"https:\/\/baraka.cc\/index.php?rest_route=%2Fwp%2Fv2%2Ftags&post=6004"}],"curies":[{"name":"wp","href":"https:\/\/api.w.org\/{rel}","templated":true}]}}