{"id":6008,"date":"2018-05-04T09:38:13","date_gmt":"2018-05-04T07:38:13","guid":{"rendered":"https:\/\/baraka.cc\/?p=6008"},"modified":"2018-05-04T09:44:09","modified_gmt":"2018-05-04T07:44:09","slug":"feministival-izlenimleri-nermin-sontas","status":"publish","type":"post","link":"https:\/\/baraka.cc\/?p=6008","title":{"rendered":"FEminiST\u0130VAL \u0130zlenimleri &#8211; Nermin Sonta\u015f"},"content":{"rendered":"<p>Kad\u0131n E\u011fitimi Kolektifi\u2019nin d\u00fczenledi\u011fi FEminiST\u0130VAL, \u00fc\u00e7\u00fcnc\u00fc y\u0131l\u0131n\u0131 panel ve s\u00f6yle\u015filerle ba\u015flayan ve kad\u0131n \u00f6zg\u00fcrle\u015fmesine kap\u0131 a\u00e7an \u00f6zenle se\u00e7ilmi\u015f filmlerle doldurdu. A\u00e7\u0131l\u0131\u015f\u0131 Lefko\u015fa\u2019da yap\u0131lan Feministival, Omorfo (G\u00dcKAD), Ma\u011fusa (MAKAMER), Ak\u00e7ay (AKDER), Akdo\u011fan (AFSA) ve De\u011firmenlik (Mesarya K\u00fclt\u00fcr Sanat Derne\u011fi \u0130\u015fbirli\u011fi ile De\u011firmenlik \u00d6zle T\u00fcrkel Sosyal Aktivite Merkezi) gibi b\u00f6lgelerde yer ald\u0131. Ev sahipli\u011fi yapan dernekler, FEminiST\u0130VAL\u2019in g\u00f6n\u00fcll\u00fc emek\u00e7ilerini samimi bir \u015fekilde a\u011f\u0131rlad\u0131lar, \u00e7ok de\u011ferli sohbetlerle kad\u0131n \u00f6zg\u00fcrle\u015fmesi yolundaki m\u00fccadele i\u00e7in \u00f6nemli ad\u0131mlar at\u0131ld\u0131.<\/p>\n<p><a href=\"https:\/\/baraka.cc\/wp-content\/uploads\/2018\/05\/xx.jpg\"><img decoding=\"async\" loading=\"lazy\" class=\"alignnone size-medium wp-image-6009\" alt=\"xx\" src=\"https:\/\/baraka.cc\/wp-content\/uploads\/2018\/05\/xx-300x248.jpg\" width=\"300\" height=\"248\" srcset=\"https:\/\/baraka.cc\/wp-content\/uploads\/2018\/05\/xx-300x248.jpg 300w, https:\/\/baraka.cc\/wp-content\/uploads\/2018\/05\/xx.jpg 664w\" sizes=\"(max-width: 300px) 100vw, 300px\" \/><\/a><\/p>\n<p>\u00dcnl\u00fc bir y\u00f6netmenin \u201cBen istiyorum ki; film, siz sinema salonunu terkettikten sonra ba\u015flas\u0131n.\u201d s\u00f6z\u00fcndeki etkiyi yaratan filmler vard\u0131 FEminiST\u0130VAL program\u0131nda. A\u00e7\u0131l\u0131\u015f gecesi g\u00f6sterilen, \u201cNorma Rae\u201d, emek\u00e7ilerin sendikala\u015fma m\u00fccadelesi, kad\u0131na \u015fiddet, aile ve toplum bask\u0131s\u0131 temalar\u0131yla i\u00e7eri\u011fi olduk\u00e7a zengin bir filmdi. Agora filminde ise bilinen ilk kad\u0131n matematik\u00e7i, astronom ve filozof olan Hypatia\u2019n\u0131n hayat\u0131n\u0131 izledik. Hypatia, Hristiyan, Yahudi, Pagan ya da k\u00f6le ayr\u0131m\u0131 yapmaks\u0131z\u0131n \u00f6\u011frencilerine ders veren tutkulu bir bilim kad\u0131n\u0131d\u0131r. Dini kendince yorumlayan zorba g\u00fc\u00e7lerin \u015fiddetine maruz kalm\u0131\u015ft\u0131r. Be\u015finci y\u00fczy\u0131lda Hristiyan bir \u00e7ete taraf\u0131ndan ta\u015flanarak katledilen bu kad\u0131n\u0131n ya\u015fam\u0131ndan bize aktar\u0131lanlar, g\u00fcn\u00fcm\u00fczde ya\u015fanan bir\u00e7ok dini dayatmay\u0131 da akla getirmektedir.<\/p>\n<p>FEminiST\u0130VAL kapsam\u0131ndaki \u201c\u0130ki G\u00fcn ve Bir Gece\u201d filminin ba\u015fkahraman\u0131 i\u015fini kaybetme tehlikesiyle burun buruna gelmi\u015f, hem maddi hem psikolojik a\u00e7\u0131dan zor bir d\u00f6nem ge\u00e7irmekte olan Sandra\u2019d\u0131r. Patronunun sundu\u011fu se\u00e7eneklere g\u00f6re ya Sandra i\u015finden \u00e7\u0131kar\u0131lacak ya da \u00e7al\u0131\u015fma arkada\u015flar\u0131 ekstra ikramiye alacakt\u0131r. \u0130\u015fini kaybetmemek i\u00e7in m\u00fccadele eden bir kad\u0131n\u0131n iki g\u00fcn\u00fcn\u00fc ve bir gecesini anlatan filmin sonu beklenmedik bir \u015fekilde bitmekte, izleyici de\u011fi\u015fmi\u015f, d\u00f6n\u00fc\u015fm\u00fc\u015f bir Sandra g\u00f6rmektedir.<\/p>\n<p>FEminiST\u0130VAL\u2019in en dikkat \u00e7ekici filmlerinden biri olan \u201cEkmek ve G\u00fcller\u201d filmi \u00f6ncesinde \u201cEkmek ve G\u00fcller\u201d \u015fiiri okunmu\u015ftur:<\/p>\n<p>\u201cYa\u015famlar\u0131m\u0131z do\u011fumdan \u00f6l\u00fcme kan ter i\u00e7inde ge\u00e7meyecek;<\/p>\n<p>Kalpler de \u00f6l\u00fcr a\u00e7l\u0131ktan bedenler gibi;<\/p>\n<p>ekmek verin bize, ama verin g\u00fclleri de!\u201d<\/p>\n<p>Maya, Meksika\u2019dan Los Angeles\u2019a gelmi\u015f ve sendikas\u0131z, g\u00fcvencesiz i\u015f\u00e7i \u00e7al\u0131\u015ft\u0131r\u0131lan bir \u015firkette temizlik i\u015fine girmi\u015ftir. Hizmet i\u015f\u00e7ileri sendikas\u0131, temizlik i\u015f\u00e7ilerini \u00f6rg\u00fctlemek \u00fczere \u015firkete gelmi\u015ftir. Bir tarafta halk\u0131n deste\u011fini toplamaya \u00e7al\u0131\u015fan i\u015f\u00e7iler, bir tarafta ise i\u015f\u00e7ileri b\u00f6lmeye \u00e7al\u0131\u015fan \u015firket y\u00f6netimi vard\u0131r. Hem duygusal, hem mizahi bir filmdir, biti\u015finde ise izleyiciyi hayretler i\u00e7inde b\u0131rak\u0131r.<\/p>\n<p>FEminiST\u0130VAL program\u0131nda \u201c\u0130\u015f\u00e7i Kad\u0131na \u00d6vg\u00fc \u2013 Zehra Kosova\u201d belgeseli de g\u00f6sterildi. Belgesel \u00f6ncesinde ger\u00e7ekle\u015ftirilen \u201c\u00d6rg\u00fctl\u00fc Kad\u0131n \u00d6rg\u00fctl\u00fc Toplum\u201d panelinde KT\u00d6S Ba\u015fkan\u0131 Emel Tel, KTAMS Kad\u0131n B\u00fcrosu Ba\u015fkan\u0131 Filiz Tayfun ve KTOE\u00d6S Ba\u015fkan\u0131 Selma Eylem de\u011frerli deneyimlerini payla\u015ft\u0131 ve ard\u0131ndan T\u00fcrkiye\u2019nin ilk kad\u0131n sendikac\u0131s\u0131 Zehra Kosova\u2019n\u0131n ya\u015fam\u0131 hakk\u0131nda k\u0131sa bir sunum yap\u0131ld\u0131. Belgeselde ise Zehra Kosova\u2019n\u0131n kendi a\u011fz\u0131ndan anlatt\u0131\u011f\u0131 ya\u015fam\u0131 ilgiyle izlendi.<\/p>\n<p>\u201cDe\u011fi\u015fen \u00c7al\u0131\u015fma Ya\u015fam\u0131nda Kad\u0131n Olmak\u201d, \u201cMuhafazakarla\u015fma K\u0131skac\u0131nda Kad\u0131n\u201d, \u201cKad\u0131n ve Emek\u201d, \u201cKay\u0131t D\u0131\u015f\u0131 Kad\u0131n Eme\u011fi\u201d, \u201cHem Ekmek Hem G\u00fcl \u0130stiyoruz\u201d, \u201c\u00d6zel Sekt\u00f6rde Kad\u0131n Eme\u011fi\u201d, \u201cD\u00fcnden Yar\u0131na Clara ve Rosa\u201d isimli sunumlar Feministival\u2019i zenginle\u015ftiren aktar\u0131mlar oldu. \u201cDo\u011fa, Macera, E\u011flence\u2026 \u0130\u015fte Tam Bize G\u00f6re!\u201d isimli sunum ise \u00e7ocuklar i\u00e7in se\u00e7ilmi\u015f \u201cMoana\u201d filminin \u00f6ncesinde bir \u00e7ocuk taraf\u0131ndan yap\u0131ld\u0131.<\/p>\n<p>FEminiST\u0130VAL\u2019in kapan\u0131\u015f filmi olarak \u201cRosa Luxemburg\u201d g\u00f6sterimdeydi. Bar\u0131\u015f\u00e7\u0131 ve e\u015fitlik\u00e7i bir d\u00fcnya i\u00e7in m\u00fccadele veren, devrimci ki\u015fili\u011fiyle tan\u0131nan sosyalist bir kad\u0131n olan ve 1919&#8217;da, Alman ordusu \u00f6zel birlikleri taraf\u0131ndan katledilen Rosa Luxemburg\u2019un ya\u015fam\u0131n\u0131 konu alan film de ilgiyle izlendi.<\/p>\n<p>Umuyoruz ki, FEminiST\u0130VAL bitiminde de\u011fi\u015fmi\u015f, d\u00f6n\u00fc\u015fm\u00fc\u015f ve m\u00fccadeleye haz\u0131r, \u00f6zg\u00fcrle\u015fmi\u015f kad\u0131nlar film salonlar\u0131ndan \u00e7\u0131km\u0131\u015ft\u0131r.<\/p>\n<p>Nermin Sonta\u015f<\/p>\n","protected":false},"excerpt":{"rendered":"<p>Kad\u0131n E\u011fitimi Kolektifi\u2019nin d\u00fczenledi\u011fi FEminiST\u0130VAL, \u00fc\u00e7\u00fcnc\u00fc y\u0131l\u0131n\u0131 panel ve s\u00f6yle\u015filerle ba\u015flayan ve kad\u0131n \u00f6zg\u00fcrle\u015fmesine kap\u0131 a\u00e7an \u00f6zenle se\u00e7ilmi\u015f filmlerle doldurdu. A\u00e7\u0131l\u0131\u015f\u0131 Lefko\u015fa\u2019da yap\u0131lan Feministival, Omorfo<\/p>\n","protected":false},"author":3,"featured_media":6009,"comment_status":"open","ping_status":"open","sticky":false,"template":"","format":"standard","meta":{"jetpack_post_was_ever_published":false,"_jetpack_newsletter_access":"","_jetpack_newsletter_tier_id":0,"jetpack_publicize_message":"","jetpack_is_tweetstorm":false,"jetpack_publicize_feature_enabled":true,"jetpack_social_post_already_shared":true,"jetpack_social_options":{"image_generator_settings":{"template":"highway","enabled":false}}},"categories":[40,67,9,42,1,39],"tags":[],"jetpack_publicize_connections":[],"jetpack_featured_media_url":"https:\/\/baraka.cc\/wp-content\/uploads\/2018\/05\/xx.jpg","jetpack_shortlink":"https:\/\/wp.me\/p4eHWX-1yU","jetpack_sharing_enabled":true,"_links":{"self":[{"href":"https:\/\/baraka.cc\/index.php?rest_route=\/wp\/v2\/posts\/6008"}],"collection":[{"href":"https:\/\/baraka.cc\/index.php?rest_route=\/wp\/v2\/posts"}],"about":[{"href":"https:\/\/baraka.cc\/index.php?rest_route=\/wp\/v2\/types\/post"}],"author":[{"embeddable":true,"href":"https:\/\/baraka.cc\/index.php?rest_route=\/wp\/v2\/users\/3"}],"replies":[{"embeddable":true,"href":"https:\/\/baraka.cc\/index.php?rest_route=%2Fwp%2Fv2%2Fcomments&post=6008"}],"version-history":[{"count":3,"href":"https:\/\/baraka.cc\/index.php?rest_route=\/wp\/v2\/posts\/6008\/revisions"}],"predecessor-version":[{"id":6012,"href":"https:\/\/baraka.cc\/index.php?rest_route=\/wp\/v2\/posts\/6008\/revisions\/6012"}],"wp:featuredmedia":[{"embeddable":true,"href":"https:\/\/baraka.cc\/index.php?rest_route=\/wp\/v2\/media\/6009"}],"wp:attachment":[{"href":"https:\/\/baraka.cc\/index.php?rest_route=%2Fwp%2Fv2%2Fmedia&parent=6008"}],"wp:term":[{"taxonomy":"category","embeddable":true,"href":"https:\/\/baraka.cc\/index.php?rest_route=%2Fwp%2Fv2%2Fcategories&post=6008"},{"taxonomy":"post_tag","embeddable":true,"href":"https:\/\/baraka.cc\/index.php?rest_route=%2Fwp%2Fv2%2Ftags&post=6008"}],"curies":[{"name":"wp","href":"https:\/\/api.w.org\/{rel}","templated":true}]}}