{"id":6018,"date":"2018-05-15T11:45:27","date_gmt":"2018-05-15T09:45:27","guid":{"rendered":"https:\/\/baraka.cc\/?p=6018"},"modified":"2018-05-15T11:47:41","modified_gmt":"2018-05-15T09:47:41","slug":"memleketin-ahvali-kamil-ipciler","status":"publish","type":"post","link":"https:\/\/baraka.cc\/?p=6018","title":{"rendered":"Memleketin Ahvali &#8211; Kamil \u0130p\u00e7iler"},"content":{"rendered":"<p><em><strong>Argasdi 50. say\u0131m\u0131zdan &#8220;Memleketin Ahvali&#8221;ne buyurun!<\/strong><\/em><\/p>\n<p>&nbsp;<\/p>\n<p style=\"text-align: center;\"><a href=\"https:\/\/baraka.cc\/wp-content\/uploads\/2018\/05\/Fas\u0327istler-Devletin-Tepesine-C\u0327\u0131kt\u0131.png\"><img decoding=\"async\" loading=\"lazy\" class=\"alignnone size-medium wp-image-6019\" alt=\"Fas\u0327istler Devletin Tepesine C\u0327\u0131kt\u0131\" src=\"https:\/\/baraka.cc\/wp-content\/uploads\/2018\/05\/Fas\u0327istler-Devletin-Tepesine-C\u0327\u0131kt\u0131-300x266.png\" width=\"300\" height=\"266\" srcset=\"https:\/\/baraka.cc\/wp-content\/uploads\/2018\/05\/Fas\u0327istler-Devletin-Tepesine-C\u0327\u0131kt\u0131-300x266.png 300w, https:\/\/baraka.cc\/wp-content\/uploads\/2018\/05\/Fas\u0327istler-Devletin-Tepesine-C\u0327\u0131kt\u0131.png 902w\" sizes=\"(max-width: 300px) 100vw, 300px\" \/><\/a><\/p>\n<p><b>Fa\u015fistler Devletin Tepesine \u00c7\u0131kt\u0131<\/b><\/p>\n<p>Sevmeyebilirsiniz ama takdir etmek gerekir; \u00fclke kar\u0131\u015ft\u0131rmakta \u00fcst\u00fcne yok. T\u00fcrkiye ve Suriye\u2019den sonra, K\u0131br\u0131s\u2019\u0131 da kar\u0131\u015ft\u0131ran Erdo\u011fan, Afrika Gazetesi\u2019nin att\u0131\u011f\u0131 bir man\u015fet sonras\u0131 \u00fclkemizdeki destek\u00e7ilerine sald\u0131r\u0131 emri verdi. 4\u2019l\u00fc koalisyon senaryolar\u0131 ile h\u00fck\u00fcmetin d\u0131\u015f\u0131nda kal\u0131p yolsuzluklar\u0131n\u0131n \u00fczerine gidilme olas\u0131l\u0131\u011f\u0131ndan korkan UBP\u2019liler ise talimat\u0131n \u00fcst\u00fcne atlayarak \u015fiddet i\u00e7erikli eylemlere yo\u011fun kat\u0131l\u0131m g\u00f6sterdi.<\/p>\n<p>B\u00fcy\u00fckkonuk ba\u015fta olmak \u00fczere UBP\u2019li belediyeler b\u00f6lgelerinden otob\u00fcs kald\u0131r\u0131rken, UBP\u2019li baz\u0131 patronlar da \u00e7al\u0131\u015fanlar\u0131n\u0131 eyleme ta\u015f\u0131d\u0131, Sucuo\u011flu gibi UBP\u2019nin g\u00f6zde isimleri eylemcilerin yan\u0131na giderek destek verdi. Afrika\u2019y\u0131 protestoya geldi\u011fi s\u00f6ylenen \u201ceylemciler\u201d taraf\u0131ndan Meclis dam\u0131nda bayrak a\u00e7\u0131larak rabia i\u015fareti yap\u0131ld\u0131, kktc\u2019nin zaten s\u0131k\u0131nt\u0131l\u0131 olan itibar\u0131 s\u0131f\u0131rla \u00e7arp\u0131ld\u0131.<\/p>\n<p>Bir t\u00fcrl\u00fc kald\u0131r\u0131lmayan ge\u00e7ici 10. madde ile askere ba\u011fl\u0131 olan polis, talimat Erdo\u011fan\u2019dan gelince ve asker emredince olan biten her \u015feyi yaln\u0131zca seyretti. Kald\u0131r\u0131lmas\u0131 i\u00e7in gelmi\u015f ge\u00e7mi\u015f h\u00fck\u00fcmetlerin ad\u0131m atmad\u0131\u011f\u0131 ge\u00e7ici 10. maddenin ne anlama geldi\u011fi ya\u015fananlarla bir kez daha g\u00f6r\u00fcl\u00fcrken, ya\u015fananlar\u0131n \u201cT\u00fcrkiyeli-K\u0131br\u0131sl\u0131\u201d \u00e7at\u0131\u015fmas\u0131 gibi g\u00f6sterilmesi i\u00e7in yo\u011fun \u00e7aba sarfedildi. Oysa sald\u0131rganlar aras\u0131nda g\u00f6r\u00fcnt\u00fclere tak\u0131lan \u201cK\u0131br\u0131sl\u0131lar\u201d ve eyleme a\u00e7\u0131k destek veren UBP, asl\u0131nda ya\u015fanan\u0131n fa\u015fizmin ifade \u00f6zg\u00fcrl\u00fc\u011f\u00fcne sald\u0131r\u0131s\u0131ndan ibaret oldu\u011funu g\u00f6sterdi.<\/p>\n<p style=\"text-align: center;\">\u00a0<a href=\"https:\/\/baraka.cc\/wp-content\/uploads\/2018\/05\/Polis-ve-Bas\u0327savc\u0131l\u0131g\u0306\u0131n-Suc\u0327u-U\u0308stlenmedig\u0306i-Kald\u0131.png\"><img decoding=\"async\" loading=\"lazy\" class=\"alignnone size-medium wp-image-6020\" alt=\"Polis ve Bas\u0327savc\u0131l\u0131g\u0306\u0131n Suc\u0327u U\u0308stlenmedig\u0306i Kald\u0131\" src=\"https:\/\/baraka.cc\/wp-content\/uploads\/2018\/05\/Polis-ve-Bas\u0327savc\u0131l\u0131g\u0306\u0131n-Suc\u0327u-U\u0308stlenmedig\u0306i-Kald\u0131-300x270.png\" width=\"300\" height=\"270\" srcset=\"https:\/\/baraka.cc\/wp-content\/uploads\/2018\/05\/Polis-ve-Bas\u0327savc\u0131l\u0131g\u0306\u0131n-Suc\u0327u-U\u0308stlenmedig\u0306i-Kald\u0131-300x270.png 300w, https:\/\/baraka.cc\/wp-content\/uploads\/2018\/05\/Polis-ve-Bas\u0327savc\u0131l\u0131g\u0306\u0131n-Suc\u0327u-U\u0308stlenmedig\u0306i-Kald\u0131.png 775w\" sizes=\"(max-width: 300px) 100vw, 300px\" \/><\/a><\/p>\n<p><b>Polis ve Ba\u015fsavc\u0131l\u0131\u011f\u0131n Su\u00e7u \u00dcstlenmedi\u011fi Kald\u0131<\/b><\/p>\n<p>Polisin eylem boyunca elini kolunu ba\u011flayan 10. maddenin etkileri, eylemden sonra da devam etti. Polis baz\u0131 tutuklamalar ger\u00e7ekle\u015ftirse de, arad\u0131\u011f\u0131n\u0131 a\u00e7\u0131klad\u0131\u011f\u0131 9 ki\u015fiyi aylar ge\u00e7mesine ra\u011fmen yarg\u0131 \u00f6n\u00fcne getirmedi. \u00dcstelik g\u00f6revini yerine getirmeyen yaln\u0131zca PGM de de\u011fildi. Ba\u015fsavc\u0131l\u0131k, Meclis\u2019in dam\u0131na \u00e7\u0131kanlarla ilgili \u201cne gerek\u00e7e ile dava getirece\u011fiz bilmiyoruz\u201d diyerek sald\u0131rganlar\u0131 korurken, yarg\u0131c\u0131n haklar\u0131nda tutuklu yarg\u0131lanma karar\u0131 verdi\u011fi fa\u015fistlerin en k\u0131sa s\u00fcrede sal\u0131verilmesi i\u00e7in elinden geleni yapt\u0131. Ba\u015fsavc\u0131l\u0131\u011f\u0131n \u00e7abalar\u0131 sonucu a\u011f\u0131r ceza mahkemesine gitmeyerek d\u00fc\u015f\u00fck cezalar almalar\u0131 sa\u011flanan fa\u015fistlerin davas\u0131, kktc tarihinde en h\u0131zl\u0131 g\u00f6r\u00fc\u015f\u00fcl\u00fcp karara ba\u011flanan dava olarak da tarihe ge\u00e7ti.<\/p>\n<p style=\"text-align: center;\"><a href=\"https:\/\/baraka.cc\/wp-content\/uploads\/2018\/05\/Kad\u0131nlar\u0131n-Sat\u0131lmas\u0131ndan-Para-Kazanan-Devlet-I\u0307stemiyoruz.png\"><img decoding=\"async\" loading=\"lazy\" class=\"alignnone size-medium wp-image-6021\" alt=\"Kad\u0131nlar\u0131n Sat\u0131lmas\u0131ndan Para Kazanan Devlet I\u0307stemiyoruz\" src=\"https:\/\/baraka.cc\/wp-content\/uploads\/2018\/05\/Kad\u0131nlar\u0131n-Sat\u0131lmas\u0131ndan-Para-Kazanan-Devlet-I\u0307stemiyoruz-300x256.png\" width=\"300\" height=\"256\" srcset=\"https:\/\/baraka.cc\/wp-content\/uploads\/2018\/05\/Kad\u0131nlar\u0131n-Sat\u0131lmas\u0131ndan-Para-Kazanan-Devlet-I\u0307stemiyoruz-300x256.png 300w, https:\/\/baraka.cc\/wp-content\/uploads\/2018\/05\/Kad\u0131nlar\u0131n-Sat\u0131lmas\u0131ndan-Para-Kazanan-Devlet-I\u0307stemiyoruz.png 936w\" sizes=\"(max-width: 300px) 100vw, 300px\" \/><\/a><\/p>\n<p>&nbsp;<\/p>\n<p><b>Kad\u0131nlar\u0131n Sat\u0131lmas\u0131ndan Para Kazanan Devlet \u0130stemiyoruz<\/b><\/p>\n<p>Y\u0131llard\u0131r kad\u0131nlar\u0131n devletin denetiminde k\u00f6le gibi sat\u0131ld\u0131\u011f\u0131 ve bir\u00e7ok kad\u0131n\u0131n hayat\u0131n\u0131 kaybetti\u011fi gece kul\u00fcplerinde yeni bir \u00f6l\u00fcm daha ya\u015fand\u0131. 26 ya\u015f\u0131ndaki kad\u0131n\u0131n \u00f6l\u00fcm\u00fc ve LTB\u2019nin yasad\u0131\u015f\u0131 i\u015flerini gerek\u00e7e g\u00f6stererek kendi s\u0131n\u0131rlar\u0131ndaki gece kul\u00fcplerini kapatmas\u0131, uzun s\u00fcredir kamuoyunun ilgisinden kurtulmay\u0131 ba\u015faran gece kul\u00fcplerinin yeniden g\u00fcndem olmas\u0131n\u0131 sa\u011flad\u0131. Bir kesim i\u00e7in gece kul\u00fcplerinde ya\u015fanan k\u00f6leli\u011fe yasal zemin olu\u015fturulmas\u0131 \u00e7\u00f6z\u00fcm\u00fc (!) a\u011f\u0131r basarken, bizlerin de i\u00e7inde oldu\u011fu bir kesim ise ger\u00e7ek iradenin gece kul\u00fcplerinin kapat\u0131lmas\u0131 ve buradaki mafya-devlet elbirli\u011fiyle y\u00fcr\u00fct\u00fclen insan haklar\u0131 gasplar\u0131n\u0131n son bulmas\u0131 gerekti\u011fini savunuyor. Kad\u0131nlar\u0131n y\u0131llard\u0131r gece kul\u00fcplerinde gayr\u0131 yasal \u015fekilde seks k\u00f6lesi olarak \u00e7al\u0131\u015ft\u0131r\u0131lmas\u0131na g\u00f6z yuman ve bundan para kazanan<\/p>\n<p>-pezevenk- devletin eski Sa\u011fl\u0131k Bakan\u0131 Sucuo\u011flu\u2019nun \u201cBu i\u015fler devlet olarak bizim denetimimizde yap\u0131l\u0131yor. Kapat\u0131l\u0131rsa denetimimizden \u00e7\u0131kacak\u201d a\u00e7\u0131klamalar\u0131 da s\u00fcrece dair ak\u0131lda kalan noktalardand\u0131. Toplum gece kul\u00fcpleriyle ilgili tart\u0131\u015fmay\u0131 s\u00fcrd\u00fcr\u00fcrken, bu konuda duru\u015fu en net olan kesim ise pezevenkler. Kendilerine pezevenk de\u011fil, i\u015f insan\u0131 denilmesini istiyorlar.<\/p>\n<p style=\"text-align: center;\">\u00a0<a href=\"https:\/\/baraka.cc\/wp-content\/uploads\/2018\/05\/I\u0307s\u0327-Gu\u0308venlig\u0306i-Tamam-da-Ya-I\u0307s\u0327c\u0327i-Gu\u0308venlig\u0306i_.png\"><img decoding=\"async\" loading=\"lazy\" class=\"alignnone size-medium wp-image-6022\" alt=\"I\u0307s\u0327 Gu\u0308venlig\u0306i Tamam da, Ya I\u0307s\u0327c\u0327i Gu\u0308venlig\u0306i_\" src=\"https:\/\/baraka.cc\/wp-content\/uploads\/2018\/05\/I\u0307s\u0327-Gu\u0308venlig\u0306i-Tamam-da-Ya-I\u0307s\u0327c\u0327i-Gu\u0308venlig\u0306i_-300x252.png\" width=\"300\" height=\"252\" srcset=\"https:\/\/baraka.cc\/wp-content\/uploads\/2018\/05\/I\u0307s\u0327-Gu\u0308venlig\u0306i-Tamam-da-Ya-I\u0307s\u0327c\u0327i-Gu\u0308venlig\u0306i_-300x252.png 300w, https:\/\/baraka.cc\/wp-content\/uploads\/2018\/05\/I\u0307s\u0327-Gu\u0308venlig\u0306i-Tamam-da-Ya-I\u0307s\u0327c\u0327i-Gu\u0308venlig\u0306i_.png 895w\" sizes=\"(max-width: 300px) 100vw, 300px\" \/><\/a><\/p>\n<p><b>\u0130\u015f G\u00fcvenli\u011fi Tamam da, Ya \u0130\u015f\u00e7i G\u00fcvenli\u011fi? <\/b><\/p>\n<p>Yeni h\u00fck\u00fcmetin olu\u015fturulmas\u0131 ve \u00e7al\u0131\u015fma ko\u015fullar\u0131yla ilgili duyarl\u0131 bir prati\u011fi olan \u00c7eler\u2019in \u00c7al\u0131\u015fma Bakan\u0131 olmas\u0131yla, \u00c7al\u0131\u015fma Dairesi bir anda gaza basarak 2 haftada i\u015f g\u00fcvenli\u011fi \u00f6nlemlerini almayan onlarca in\u015faat\u0131n faaliyetlerini durdurdu.<\/p>\n<p>Ancak y\u0131llard\u0131r kullan\u0131lmayan ve her h\u00fck\u00fcmet d\u00f6neminde bilin\u00e7li olarak ba\u015fka bir yerinden bozulmu\u015f bir kurum olan \u00c7al\u0131\u015fma Dairesi denetimlerle ilgili temposunu uzun s\u00fcre s\u00fcrd\u00fcremedi. Bunun ana sebebi denetim yapabilecek \u00e7al\u0131\u015fma m\u00fcfetti\u015flerinin say\u0131s\u0131n\u0131n azl\u0131\u011f\u0131 olsa da, \u00c7al\u0131\u015fma Dairesi\u2019nin -Ma\u011fusa b\u00f6lgesinde dairenin arac\u0131 olmamas\u0131 gibi- \u00e7ok temel ama arap sa\u00e7\u0131na d\u00f6nd\u00fc\u011f\u00fcnden \u00e7\u00f6zmesi kolay olmayan bir\u00e7ok sorunu var. Denetim yapt\u0131\u011f\u0131nda sermaye kesimini bir haftada trilyonlarca zarara u\u011fratabilen ve bu kritik pozisyonu y\u00fcz\u00fcnden h\u00fck\u00fcmetlerin bilin\u00e7li olarak her seferinde daha da i\u015fleyemez hale soktu\u011fu \u00c7al\u0131\u015fma Bakanl\u0131\u011f\u0131\u2019n\u0131n toparlanmas\u0131 \u00e7ok zor. Kald\u0131 ki, bakanl\u0131k toparlansa, 20 de\u011fil 100 tane m\u00fcfetti\u015f her g\u00fcn denetim yapsa dahi, \u00e7al\u0131\u015fma ya\u015fam\u0131ndaki s\u0131k\u0131nt\u0131lar in\u015faatlarla bitmedi\u011fi gibi, emek\u00e7ilerin kendi hakk\u0131n\u0131 savunamad\u0131\u011f\u0131 ortamda, kimse emek\u00e7ileri koruyamayacakt\u0131r.<\/p>\n<p>Kesin \u00e7\u00f6z\u00fcm, \u00c7al\u0131\u015fma Bakan\u0131\u2019n\u0131n ge\u00e7mi\u015f h\u00fck\u00fcmet d\u00f6neminde Meclis\u2019e sundu\u011fu Sendikas\u0131z \u00c7al\u0131\u015ft\u0131r\u0131lman\u0131n Yasaklanmas\u0131\u2019ndad\u0131r. \u201c\u0130\u015f\u00e7i g\u00fcvenli\u011fi\u201d ancak bu \u015fekilde sa\u011flan\u0131r.<\/p>\n<p style=\"text-align: center;\">\u00a0<a href=\"https:\/\/baraka.cc\/wp-content\/uploads\/2018\/05\/YDP\u2019nin-Yu\u0308kselis\u0327i-ve-\u201cK\u0131br\u0131sl\u0131-Tu\u0308rkiyeli\u201d-Ayr\u0131mc\u0131l\u0131g\u0306\u0131.png\"><img decoding=\"async\" loading=\"lazy\" class=\"alignnone size-medium wp-image-6023\" alt=\"YDP\u2019nin Yu\u0308kselis\u0327i ve \u201cK\u0131br\u0131sl\u0131-Tu\u0308rkiyeli\u201d Ayr\u0131mc\u0131l\u0131g\u0306\u0131\" src=\"https:\/\/baraka.cc\/wp-content\/uploads\/2018\/05\/YDP\u2019nin-Yu\u0308kselis\u0327i-ve-\u201cK\u0131br\u0131sl\u0131-Tu\u0308rkiyeli\u201d-Ayr\u0131mc\u0131l\u0131g\u0306\u0131-300x216.png\" width=\"300\" height=\"216\" srcset=\"https:\/\/baraka.cc\/wp-content\/uploads\/2018\/05\/YDP\u2019nin-Yu\u0308kselis\u0327i-ve-\u201cK\u0131br\u0131sl\u0131-Tu\u0308rkiyeli\u201d-Ayr\u0131mc\u0131l\u0131g\u0306\u0131-300x216.png 300w, https:\/\/baraka.cc\/wp-content\/uploads\/2018\/05\/YDP\u2019nin-Yu\u0308kselis\u0327i-ve-\u201cK\u0131br\u0131sl\u0131-Tu\u0308rkiyeli\u201d-Ayr\u0131mc\u0131l\u0131g\u0306\u0131-1024x738.png 1024w, https:\/\/baraka.cc\/wp-content\/uploads\/2018\/05\/YDP\u2019nin-Yu\u0308kselis\u0327i-ve-\u201cK\u0131br\u0131sl\u0131-Tu\u0308rkiyeli\u201d-Ayr\u0131mc\u0131l\u0131g\u0306\u0131.png 1044w\" sizes=\"(max-width: 300px) 100vw, 300px\" \/><\/a><\/p>\n<p><b>YDP\u2019nin Y\u00fckseli\u015fi ve \u201cK\u0131br\u0131sl\u0131-T\u00fcrkiyeli\u201d Ayr\u0131mc\u0131l\u0131\u011f\u0131<\/b><\/p>\n<p>\u00dclkemizde 7 Ocak Erken Genel Se\u00e7imleri\u2019nin bizler i\u00e7in en dikkat \u00e7ekici noktalar\u0131ndan biri, t\u00fcm varl\u0131\u011f\u0131n\u0131 \u201cK\u0131br\u0131sl\u0131-T\u00fcrkiyeli\u201d ayr\u0131mc\u0131l\u0131\u011f\u0131na bor\u00e7lu olan YDP\u2019nin y\u00fckseli\u015fi oldu. Y\u0131llarca solun (!) reddetti\u011fi, UBP ve DP gibi partilerin suistimal etti\u011fi T\u00fcrkiye k\u00f6kenli se\u00e7menlerin oylar\u0131n\u0131 b\u00fcy\u00fck oranda kendinde toplad\u0131\u011f\u0131 g\u00f6r\u00fclen YDP, 22 Ocak olaylar\u0131nda gazeteye sald\u0131ran ve Meclisin dam\u0131nda bayrak sallayan ki\u015filerin ald\u0131\u011f\u0131 cezalar\u0131n \u00fczerinden bile ayr\u0131mc\u0131l\u0131k mesajlar\u0131 verecek kadar co\u015fmu\u015f durumda. Bu sa\u011f radikal \u0131rk\u00e7\u0131 partinin en b\u00fcy\u00fck destek\u00e7isi ise yine kendini solda tan\u0131mlayan K\u0131br\u0131sl\u0131 milliyet\u00e7ileri. \u00dclkede ya\u015fanan t\u00fcm olumsuzluklara g\u00f6\u00e7menleri d\u0131\u015flay\u0131c\u0131 \u015fekilde yakla\u015fan bu arkada\u015flar, \u00fclkeye giri\u015f \u00e7\u0131k\u0131\u015flarda denetimin art\u0131r\u0131lmas\u0131 gibi bir gereklilik ile halihaz\u0131rda 10 y\u0131ldan fazla s\u00fcredir burada ya\u015fayan emek\u00e7ilere vatanda\u015fl\u0131k haklar\u0131n\u0131n tan\u0131nmas\u0131 gibi insani bir durumu kar\u0131\u015ft\u0131r\u0131p bu alandaki adaletsizliklere seyirci kal\u0131yorlar. K\u0131saca etnik \u00e7at\u0131\u015fma tehditine kar\u015f\u0131 ne yapmal\u0131 sorusu asl\u0131nda \u201cYDP\u2019nin ne yapt\u0131\u011f\u0131na bakarak, onu yapmamak\u201d gibi basit bir cevaba sahipken, baz\u0131lar\u0131 i\u00e7in durum \u00e7ok karma\u015f\u0131k. Oysa izlenecek yol belli; emek siyaseti.<\/p>\n<p style=\"text-align: center;\">\u00a0<a href=\"https:\/\/baraka.cc\/wp-content\/uploads\/2018\/05\/1.png\"><img decoding=\"async\" loading=\"lazy\" class=\"alignnone size-medium wp-image-6024\" alt=\"1\" src=\"https:\/\/baraka.cc\/wp-content\/uploads\/2018\/05\/1-300x187.png\" width=\"300\" height=\"187\" srcset=\"https:\/\/baraka.cc\/wp-content\/uploads\/2018\/05\/1-300x187.png 300w, https:\/\/baraka.cc\/wp-content\/uploads\/2018\/05\/1-1024x640.png 1024w, https:\/\/baraka.cc\/wp-content\/uploads\/2018\/05\/1.png 1280w\" sizes=\"(max-width: 300px) 100vw, 300px\" \/><\/a><\/p>\n<p><b>Etik De\u011fil Ama Yasal \u0130\u015fler Bakan\u0131 Kald\u0131\u011f\u0131 Yerden<\/b><\/p>\n<p>Yeni\u015fehir b\u00f6lgesinde, 2 arsa b\u00fcy\u00fckl\u00fc\u011f\u00fcnde devlete ait arazi, Serdar Denkta\u015f\u2019a ba\u011fl\u0131 Devlet Emlak ve Malzeme Dairesi taraf\u0131ndan Denkta\u015f\u2019\u0131n k\u0131z\u0131 ve o\u011flunun \u015firketine pe\u015fke\u015f \u00e7ekilirken, Denkta\u015flar\u0131n buraya 8 katl\u0131 400 odal\u0131 yurt yapmay\u0131 planlad\u0131\u011f\u0131 \u00f6\u011frenildi. Mahalle sakinleri ise, mahallelerini korumak ad\u0131na \u201cYeni\u015fehir Mahalleme Dokunma \u0130nisiyatifi\u201d ad\u0131 alt\u0131nda direnerek \u015firket yetkilileri ve Devlet Emlak ve Malzeme Dairesi personelini araziye sokmad\u0131.<\/p>\n<p>Memleketin Ahvali b\u00f6l\u00fcm\u00fcm\u00fcz\u00fcn vazge\u00e7ilmezi olan Denkta\u015f \u201cEtik de\u011fil ama yasal\u201d i\u015flerine yeni h\u00fck\u00fcmet d\u00f6neminde de devam ederken, \u00f6nceki d\u00f6nemde benzeri durumlarda ortal\u0131\u011f\u0131 aya\u011fa kald\u0131ran kesimler \u015fimdilerde konuyu kurcalay\u0131p yeni ortaklar\u0131n\u0131 k\u0131rmaktan \u00e7ekiniyor. UBP ile hesapla\u015fmak i\u00e7in CTP-HP-TDP ile h\u00fck\u00fcmet orta\u011f\u0131 olmay\u0131 se\u00e7en Denkta\u015f\u2019\u0131, koalisyon karar\u0131 sonras\u0131 zem zem suyuyla y\u0131kay\u0131p kahraman ilan edenler sessizli\u011fini koruyor.<\/p>\n<p>Kamil \u0130p\u00e7iler<\/p>\n<p>Kamil.ipciler@gmail.com<\/p>\n<p><b>\u00a0<\/b><\/p>\n","protected":false},"excerpt":{"rendered":"<p>Argasdi 50. say\u0131m\u0131zdan &#8220;Memleketin Ahvali&#8221;ne buyurun! &nbsp; Fa\u015fistler Devletin Tepesine \u00c7\u0131kt\u0131 Sevmeyebilirsiniz ama takdir etmek gerekir; \u00fclke kar\u0131\u015ft\u0131rmakta \u00fcst\u00fcne yok. T\u00fcrkiye ve Suriye\u2019den sonra, K\u0131br\u0131s\u2019\u0131<\/p>\n","protected":false},"author":3,"featured_media":6025,"comment_status":"open","ping_status":"open","sticky":false,"template":"","format":"standard","meta":{"jetpack_post_was_ever_published":false,"_jetpack_newsletter_access":"","_jetpack_newsletter_tier_id":0,"jetpack_publicize_message":"","jetpack_is_tweetstorm":false,"jetpack_publicize_feature_enabled":true,"jetpack_social_post_already_shared":true,"jetpack_social_options":{"image_generator_settings":{"template":"highway","enabled":false}}},"categories":[40,67,9,42,1,39],"tags":[],"jetpack_publicize_connections":[],"jetpack_featured_media_url":"https:\/\/baraka.cc\/wp-content\/uploads\/2018\/05\/deneme1.jpg","jetpack_shortlink":"https:\/\/wp.me\/p4eHWX-1z4","jetpack_sharing_enabled":true,"_links":{"self":[{"href":"https:\/\/baraka.cc\/index.php?rest_route=\/wp\/v2\/posts\/6018"}],"collection":[{"href":"https:\/\/baraka.cc\/index.php?rest_route=\/wp\/v2\/posts"}],"about":[{"href":"https:\/\/baraka.cc\/index.php?rest_route=\/wp\/v2\/types\/post"}],"author":[{"embeddable":true,"href":"https:\/\/baraka.cc\/index.php?rest_route=\/wp\/v2\/users\/3"}],"replies":[{"embeddable":true,"href":"https:\/\/baraka.cc\/index.php?rest_route=%2Fwp%2Fv2%2Fcomments&post=6018"}],"version-history":[{"count":2,"href":"https:\/\/baraka.cc\/index.php?rest_route=\/wp\/v2\/posts\/6018\/revisions"}],"predecessor-version":[{"id":6027,"href":"https:\/\/baraka.cc\/index.php?rest_route=\/wp\/v2\/posts\/6018\/revisions\/6027"}],"wp:featuredmedia":[{"embeddable":true,"href":"https:\/\/baraka.cc\/index.php?rest_route=\/wp\/v2\/media\/6025"}],"wp:attachment":[{"href":"https:\/\/baraka.cc\/index.php?rest_route=%2Fwp%2Fv2%2Fmedia&parent=6018"}],"wp:term":[{"taxonomy":"category","embeddable":true,"href":"https:\/\/baraka.cc\/index.php?rest_route=%2Fwp%2Fv2%2Fcategories&post=6018"},{"taxonomy":"post_tag","embeddable":true,"href":"https:\/\/baraka.cc\/index.php?rest_route=%2Fwp%2Fv2%2Ftags&post=6018"}],"curies":[{"name":"wp","href":"https:\/\/api.w.org\/{rel}","templated":true}]}}